{"id":13352,"date":"2026-08-10T20:59:39","date_gmt":"2026-08-10T23:59:39","guid":{"rendered":"https:\/\/pontodasigrejas.com\/news\/?p=13352"},"modified":"2026-08-10T21:05:24","modified_gmt":"2026-08-11T00:05:24","slug":"marcadas-lancamento-de-antologia-celebra-historias-de-mulheres-em-noite-de-fe-acolhimento-e-reconhecimento","status":"publish","type":"post","link":"https:\/\/pontodasigrejas.com\/news\/cultura\/marcadas-lancamento-de-antologia-celebra-historias-de-mulheres-em-noite-de-fe-acolhimento-e-reconhecimento\/","title":{"rendered":"Marcadas: lan\u00e7amento de antologia celebra hist\u00f3rias de mulheres em noite de f\u00e9, acolhimento e reconhecimento"},"content":{"rendered":"<p><em>Realizado em 6 de junho, no antigo Cinema da Unigranrio, em Duque de Caxias, evento coordenado por Patr\u00edcia Pedro reuniu coautoras em uma cerim\u00f4nia marcada por emo\u00e7\u00e3o, ora\u00e7\u00e3o e valoriza\u00e7\u00e3o de cada hist\u00f3ria.<\/em><\/p>\n<p><span style=\"font-weight: 400;\">DUQUE DE CAXIAS, RJ. Uma noite para celebrar hist\u00f3rias, reconhecer trajet\u00f3rias e lembrar que cada vida carrega marcas que tamb\u00e9m podem se transformar em prop\u00f3sito. Foi com essa atmosfera que aconteceu, no dia 6 de junho, o lan\u00e7amento da antologia \u201cMarcadas\u201d, realizado no antigo Cinema da Unigranrio, em Duque de Caxias.<\/span><\/p>\n<h2><strong>Confira o V\u00eddeo<\/strong><\/h2>\n<p><iframe loading=\"lazy\" title=\"MARCADAS: ALGUNS MOMENTOS DE UM LAN\u00c7AMENTO QUE TOCOU CORA\u00c7\u00d5ES\" width=\"696\" height=\"392\" src=\"https:\/\/www.youtube.com\/embed\/ToNGt9Ft0ak?feature=oembed\" frameborder=\"0\" allow=\"accelerometer; autoplay; clipboard-write; encrypted-media; gyroscope; picture-in-picture; web-share\" referrerpolicy=\"strict-origin-when-cross-origin\" allowfullscreen><\/iframe><\/p>\n<p><span style=\"font-weight: 400;\">Coordenado por Patr\u00edcia Pedro e publicado pela Editora Tocando com Palavras, o projeto reuniu mulheres que passaram a compartilhar suas hist\u00f3rias por meio da escrita. Mais do que apresentar uma obra ao p\u00fablico, o lan\u00e7amento foi pensado como um momento de honra e reconhecimento para cada uma das coautoras.<\/span><\/p>\n<p><span style=\"font-weight: 400;\">A cerim\u00f4nia teve como uma de suas caracter\u00edsticas o cuidado com a apresenta\u00e7\u00e3o individual das participantes. Uma a uma, as autoras foram convidadas ao palco para receber bottom, caneta, certificado de participa\u00e7\u00e3o e, principalmente, o reconhecimento p\u00fablico por sua contribui\u00e7\u00e3o \u00e0 antologia.<\/span><\/p>\n<figure id=\"attachment_13367\" aria-describedby=\"caption-attachment-13367\" style=\"width: 1600px\" class=\"wp-caption alignnone\"><a href=\"https:\/\/pontodasigrejas.com\/news\/wp-content\/uploads\/2026\/08\/marcadas-patricia-pedro-20.jpeg\"><img loading=\"lazy\" decoding=\"async\" class=\"size-full wp-image-13367\" src=\"https:\/\/pontodasigrejas.com\/news\/wp-content\/uploads\/2026\/08\/marcadas-patricia-pedro-20.jpeg\" alt=\"\" width=\"1600\" height=\"1066\" srcset=\"https:\/\/pontodasigrejas.com\/news\/wp-content\/uploads\/2026\/08\/marcadas-patricia-pedro-20.jpeg 1600w, https:\/\/pontodasigrejas.com\/news\/wp-content\/uploads\/2026\/08\/marcadas-patricia-pedro-20-300x200.jpeg 300w, https:\/\/pontodasigrejas.com\/news\/wp-content\/uploads\/2026\/08\/marcadas-patricia-pedro-20-1024x682.jpeg 1024w, https:\/\/pontodasigrejas.com\/news\/wp-content\/uploads\/2026\/08\/marcadas-patricia-pedro-20-768x512.jpeg 768w, https:\/\/pontodasigrejas.com\/news\/wp-content\/uploads\/2026\/08\/marcadas-patricia-pedro-20-1536x1023.jpeg 1536w, https:\/\/pontodasigrejas.com\/news\/wp-content\/uploads\/2026\/08\/marcadas-patricia-pedro-20-150x100.jpeg 150w, https:\/\/pontodasigrejas.com\/news\/wp-content\/uploads\/2026\/08\/marcadas-patricia-pedro-20-696x464.jpeg 696w, https:\/\/pontodasigrejas.com\/news\/wp-content\/uploads\/2026\/08\/marcadas-patricia-pedro-20-1068x712.jpeg 1068w, https:\/\/pontodasigrejas.com\/news\/wp-content\/uploads\/2026\/08\/marcadas-patricia-pedro-20-600x400.jpeg 600w\" sizes=\"auto, (max-width: 1600px) 100vw, 1600px\" \/><\/a><figcaption id=\"caption-attachment-13367\" class=\"wp-caption-text\">Ciinema UniGranrio foi palco do lan\u00e7amento da Antologia Marcadas<\/figcaption><\/figure>\n<p><span style=\"font-weight: 400;\">O gesto, aparentemente simples, carregou um significado maior.<\/span><\/p>\n<p><span style=\"font-weight: 400;\">Cada autora teve sua biografia apresentada, assim como o t\u00edtulo do cap\u00edtulo que escreveu e uma frase escolhida para traduzir a ess\u00eancia de sua narrativa. A proposta, segundo a coordena\u00e7\u00e3o, era fazer com que nenhuma hist\u00f3ria passasse despercebida.<\/span><\/p>\n<p><span style=\"font-weight: 400;\">\u201cN\u00e3o era apenas uma entrega de lembran\u00e7as; era o reconhecimento de uma hist\u00f3ria que merecia ser celebrada.\u201d<\/span><\/p>\n<p><span style=\"font-weight: 400;\">A declara\u00e7\u00e3o de Patr\u00edcia Pedro resume o esp\u00edrito que conduziu a cerim\u00f4nia.<\/span><\/p>\n<h2><span style=\"font-weight: 400;\">Quando uma hist\u00f3ria encontra espa\u00e7o para ser ouvida<\/span><\/h2>\n<p><span style=\"font-weight: 400;\">Ao longo do evento, a emo\u00e7\u00e3o esteve presente n\u00e3o apenas nas palavras, mas tamb\u00e9m nos encontros, nos olhares e na rea\u00e7\u00e3o do p\u00fablico diante das hist\u00f3rias compartilhadas.<\/span><\/p>\n<figure id=\"attachment_13354\" aria-describedby=\"caption-attachment-13354\" style=\"width: 1600px\" class=\"wp-caption alignnone\"><a href=\"https:\/\/pontodasigrejas.com\/news\/wp-content\/uploads\/2026\/08\/marcadas-patricia-pedro-2.jpeg\"><img loading=\"lazy\" decoding=\"async\" class=\"size-full wp-image-13354\" src=\"https:\/\/pontodasigrejas.com\/news\/wp-content\/uploads\/2026\/08\/marcadas-patricia-pedro-2.jpeg\" alt=\"\" width=\"1600\" height=\"1066\" srcset=\"https:\/\/pontodasigrejas.com\/news\/wp-content\/uploads\/2026\/08\/marcadas-patricia-pedro-2.jpeg 1600w, https:\/\/pontodasigrejas.com\/news\/wp-content\/uploads\/2026\/08\/marcadas-patricia-pedro-2-300x200.jpeg 300w, https:\/\/pontodasigrejas.com\/news\/wp-content\/uploads\/2026\/08\/marcadas-patricia-pedro-2-1024x682.jpeg 1024w, https:\/\/pontodasigrejas.com\/news\/wp-content\/uploads\/2026\/08\/marcadas-patricia-pedro-2-768x512.jpeg 768w, https:\/\/pontodasigrejas.com\/news\/wp-content\/uploads\/2026\/08\/marcadas-patricia-pedro-2-1536x1023.jpeg 1536w, https:\/\/pontodasigrejas.com\/news\/wp-content\/uploads\/2026\/08\/marcadas-patricia-pedro-2-150x100.jpeg 150w, https:\/\/pontodasigrejas.com\/news\/wp-content\/uploads\/2026\/08\/marcadas-patricia-pedro-2-696x464.jpeg 696w, https:\/\/pontodasigrejas.com\/news\/wp-content\/uploads\/2026\/08\/marcadas-patricia-pedro-2-1068x712.jpeg 1068w, https:\/\/pontodasigrejas.com\/news\/wp-content\/uploads\/2026\/08\/marcadas-patricia-pedro-2-600x400.jpeg 600w\" sizes=\"auto, (max-width: 1600px) 100vw, 1600px\" \/><\/a><figcaption id=\"caption-attachment-13354\" class=\"wp-caption-text\">Coautoras do lan\u00e7amento da obra MARCADAS<\/figcaption><\/figure>\n<p><span style=\"font-weight: 400;\">A proposta de <\/span><i><span style=\"font-weight: 400;\">Marcadas<\/span><\/i><span style=\"font-weight: 400;\"> parte justamente da compreens\u00e3o de que uma experi\u00eancia individual pode alcan\u00e7ar outras pessoas quando encontra espa\u00e7o para ser contada.<\/span><\/p>\n<p><span style=\"font-weight: 400;\">Cada cap\u00edtulo representa uma trajet\u00f3ria. E cada trajet\u00f3ria carrega experi\u00eancias que podem despertar identifica\u00e7\u00e3o, reflex\u00e3o e esperan\u00e7a em quem l\u00ea.<\/span><\/p>\n<p><span style=\"font-weight: 400;\">Por isso, o lan\u00e7amento foi constru\u00eddo para que as coautoras n\u00e3o fossem apenas apresentadas como participantes de uma obra coletiva, mas reconhecidas como mulheres que t\u00eam algo a dizer e uma hist\u00f3ria que merece ser conhecida.<\/span><\/p>\n<figure id=\"attachment_13357\" aria-describedby=\"caption-attachment-13357\" style=\"width: 1600px\" class=\"wp-caption alignnone\"><a href=\"https:\/\/pontodasigrejas.com\/news\/wp-content\/uploads\/2026\/08\/marcadas-patricia-pedro-6.jpeg\"><img loading=\"lazy\" decoding=\"async\" class=\"size-full wp-image-13357\" src=\"https:\/\/pontodasigrejas.com\/news\/wp-content\/uploads\/2026\/08\/marcadas-patricia-pedro-6.jpeg\" alt=\"\" width=\"1600\" height=\"1066\" srcset=\"https:\/\/pontodasigrejas.com\/news\/wp-content\/uploads\/2026\/08\/marcadas-patricia-pedro-6.jpeg 1600w, https:\/\/pontodasigrejas.com\/news\/wp-content\/uploads\/2026\/08\/marcadas-patricia-pedro-6-300x200.jpeg 300w, https:\/\/pontodasigrejas.com\/news\/wp-content\/uploads\/2026\/08\/marcadas-patricia-pedro-6-1024x682.jpeg 1024w, https:\/\/pontodasigrejas.com\/news\/wp-content\/uploads\/2026\/08\/marcadas-patricia-pedro-6-768x512.jpeg 768w, https:\/\/pontodasigrejas.com\/news\/wp-content\/uploads\/2026\/08\/marcadas-patricia-pedro-6-1536x1023.jpeg 1536w, https:\/\/pontodasigrejas.com\/news\/wp-content\/uploads\/2026\/08\/marcadas-patricia-pedro-6-150x100.jpeg 150w, https:\/\/pontodasigrejas.com\/news\/wp-content\/uploads\/2026\/08\/marcadas-patricia-pedro-6-696x464.jpeg 696w, https:\/\/pontodasigrejas.com\/news\/wp-content\/uploads\/2026\/08\/marcadas-patricia-pedro-6-1068x712.jpeg 1068w, https:\/\/pontodasigrejas.com\/news\/wp-content\/uploads\/2026\/08\/marcadas-patricia-pedro-6-600x400.jpeg 600w\" sizes=\"auto, (max-width: 1600px) 100vw, 1600px\" \/><\/a><figcaption id=\"caption-attachment-13357\" class=\"wp-caption-text\">Liza Lima Prado, editora do Ponto das igrejas, fez parte como coautora da antologia.<\/figcaption><\/figure>\n<h2><span style=\"font-weight: 400;\">F\u00e9 presente desde o in\u00edcio<\/span><\/h2>\n<p><span style=\"font-weight: 400;\">A espiritualidade tamb\u00e9m ocupou um lugar importante na cerim\u00f4nia.<\/span><\/p>\n<p><span style=\"font-weight: 400;\">O encontro foi aberto com uma ora\u00e7\u00e3o e encerrado em adora\u00e7\u00e3o, em um momento de gratid\u00e3o pelo caminho percorrido e pela realiza\u00e7\u00e3o do projeto.<\/span><\/p>\n<p><span style=\"font-weight: 400;\">Para Patr\u00edcia Pedro, a presen\u00e7a de Deus esteve relacionada n\u00e3o apenas aos momentos explicitamente religiosos da programa\u00e7\u00e3o, mas tamb\u00e9m \u00e0 maneira como cada pessoa foi recebida e tratada durante o evento.<\/span><\/p>\n<p><span style=\"font-weight: 400;\">A coordena\u00e7\u00e3o destaca que o projeto nasceu a partir de uma perspectiva crist\u00e3, compreendendo o acolhimento, o respeito e a dignidade humana como express\u00f5es do amor de Deus.<\/span><\/p>\n<p><span style=\"font-weight: 400;\">Essa vis\u00e3o tamb\u00e9m esteve presente na decis\u00e3o de realizar um evento inter-religioso, aberto \u00e0 participa\u00e7\u00e3o de pessoas de diferentes tradi\u00e7\u00f5es e cren\u00e7as.<\/span><\/p>\n<p><span style=\"font-weight: 400;\">A proposta n\u00e3o foi esconder a identidade crist\u00e3 do projeto, mas exerc\u00ea-la por meio do di\u00e1logo e do acolhimento.<\/span><\/p>\n<figure id=\"attachment_13362\" aria-describedby=\"caption-attachment-13362\" style=\"width: 1600px\" class=\"wp-caption alignnone\"><a href=\"https:\/\/pontodasigrejas.com\/news\/wp-content\/uploads\/2026\/08\/marcadas-patricia-pedro-13.jpeg\"><img loading=\"lazy\" decoding=\"async\" class=\"size-full wp-image-13362\" src=\"https:\/\/pontodasigrejas.com\/news\/wp-content\/uploads\/2026\/08\/marcadas-patricia-pedro-13.jpeg\" alt=\"\" width=\"1600\" height=\"1066\" srcset=\"https:\/\/pontodasigrejas.com\/news\/wp-content\/uploads\/2026\/08\/marcadas-patricia-pedro-13.jpeg 1600w, https:\/\/pontodasigrejas.com\/news\/wp-content\/uploads\/2026\/08\/marcadas-patricia-pedro-13-300x200.jpeg 300w, https:\/\/pontodasigrejas.com\/news\/wp-content\/uploads\/2026\/08\/marcadas-patricia-pedro-13-1024x682.jpeg 1024w, https:\/\/pontodasigrejas.com\/news\/wp-content\/uploads\/2026\/08\/marcadas-patricia-pedro-13-768x512.jpeg 768w, https:\/\/pontodasigrejas.com\/news\/wp-content\/uploads\/2026\/08\/marcadas-patricia-pedro-13-1536x1023.jpeg 1536w, https:\/\/pontodasigrejas.com\/news\/wp-content\/uploads\/2026\/08\/marcadas-patricia-pedro-13-150x100.jpeg 150w, https:\/\/pontodasigrejas.com\/news\/wp-content\/uploads\/2026\/08\/marcadas-patricia-pedro-13-696x464.jpeg 696w, https:\/\/pontodasigrejas.com\/news\/wp-content\/uploads\/2026\/08\/marcadas-patricia-pedro-13-1068x712.jpeg 1068w, https:\/\/pontodasigrejas.com\/news\/wp-content\/uploads\/2026\/08\/marcadas-patricia-pedro-13-600x400.jpeg 600w\" sizes=\"auto, (max-width: 1600px) 100vw, 1600px\" \/><\/a><figcaption id=\"caption-attachment-13362\" class=\"wp-caption-text\">O p\u00fablico se fez presente no lan\u00e7amento do livro Marcadas.<\/figcaption><\/figure>\n<h2><span style=\"font-weight: 400;\">Cristianismo que acolhe sem abrir m\u00e3o da f\u00e9<\/span><\/h2>\n<p><span style=\"font-weight: 400;\">Em um momento em que diferen\u00e7as religiosas podem se transformar em barreiras para o di\u00e1logo, o lan\u00e7amento de <\/span><i><span style=\"font-weight: 400;\">Marcadas<\/span><\/i><span style=\"font-weight: 400;\"> apresentou uma proposta pautada pelo acolhimento, pelo respeito e pela conviv\u00eancia.<\/span><\/p>\n<figure id=\"attachment_13360\" aria-describedby=\"caption-attachment-13360\" style=\"width: 1600px\" class=\"wp-caption alignnone\"><a href=\"https:\/\/pontodasigrejas.com\/news\/wp-content\/uploads\/2026\/08\/marcadas-patricia-pedro-11.jpeg\"><img loading=\"lazy\" decoding=\"async\" class=\"size-full wp-image-13360\" src=\"https:\/\/pontodasigrejas.com\/news\/wp-content\/uploads\/2026\/08\/marcadas-patricia-pedro-11.jpeg\" alt=\"\" width=\"1600\" height=\"1066\" srcset=\"https:\/\/pontodasigrejas.com\/news\/wp-content\/uploads\/2026\/08\/marcadas-patricia-pedro-11.jpeg 1600w, https:\/\/pontodasigrejas.com\/news\/wp-content\/uploads\/2026\/08\/marcadas-patricia-pedro-11-300x200.jpeg 300w, https:\/\/pontodasigrejas.com\/news\/wp-content\/uploads\/2026\/08\/marcadas-patricia-pedro-11-1024x682.jpeg 1024w, https:\/\/pontodasigrejas.com\/news\/wp-content\/uploads\/2026\/08\/marcadas-patricia-pedro-11-768x512.jpeg 768w, https:\/\/pontodasigrejas.com\/news\/wp-content\/uploads\/2026\/08\/marcadas-patricia-pedro-11-1536x1023.jpeg 1536w, https:\/\/pontodasigrejas.com\/news\/wp-content\/uploads\/2026\/08\/marcadas-patricia-pedro-11-150x100.jpeg 150w, https:\/\/pontodasigrejas.com\/news\/wp-content\/uploads\/2026\/08\/marcadas-patricia-pedro-11-696x464.jpeg 696w, https:\/\/pontodasigrejas.com\/news\/wp-content\/uploads\/2026\/08\/marcadas-patricia-pedro-11-1068x712.jpeg 1068w, https:\/\/pontodasigrejas.com\/news\/wp-content\/uploads\/2026\/08\/marcadas-patricia-pedro-11-600x400.jpeg 600w\" sizes=\"auto, (max-width: 1600px) 100vw, 1600px\" \/><\/a><figcaption id=\"caption-attachment-13360\" class=\"wp-caption-text\">No encerramento, a filha de uma das coautoras iniciou uma dan\u00e7a, emocionando a coordenadora Patr\u00edcia Pedro e trazendo \u00e0 mem\u00f3ria a origem da capa do livro, reafirmando, assim, o prop\u00f3sito de seu design.<\/figcaption><\/figure>\n<p><span style=\"font-weight: 400;\">A cerim\u00f4nia reafirmou a identidade crist\u00e3 do projeto ao mesmo tempo em que abriu espa\u00e7o para pessoas de diferentes tradi\u00e7\u00f5es e experi\u00eancias, em um ambiente de respeito e comunh\u00e3o.<\/span><\/p>\n<p><span style=\"font-weight: 400;\">Segundo Patr\u00edcia, a proposta era receber todos \u201cde bra\u00e7os abertos\u201d, valorizando as diferen\u00e7as e promovendo o di\u00e1logo, tendo o amor e o respeito ao pr\u00f3ximo como princ\u00edpios de conviv\u00eancia, sem abrir m\u00e3o da f\u00e9 crist\u00e3 que orienta o projeto.<\/span><\/p>\n<p><span style=\"font-weight: 400;\">Mais do que uma declara\u00e7\u00e3o, essa perspectiva esteve presente na pr\u00f3pria din\u00e2mica do lan\u00e7amento. Diferentes pessoas puderam compartilhar o mesmo espa\u00e7o, celebrar as autoras e participar de uma noite que teve a f\u00e9, a gratid\u00e3o e o reconhecimento de hist\u00f3rias como elementos centrais.<\/span><\/p>\n<h2><span style=\"font-weight: 400;\">Um encerramento marcado pela paz de Deus, pelo respeito e pelo amor ao pr\u00f3ximo<\/span><\/h2>\n<p><span style=\"font-weight: 400;\">Ao final da cerim\u00f4nia, a coordenadora Patr\u00edcia Pedro refor\u00e7ou uma das mensagens que nortearam o lan\u00e7amento da antologia <\/span><i><span style=\"font-weight: 400;\">Marcadas<\/span><\/i><span style=\"font-weight: 400;\">: a import\u00e2ncia de acolher, respeitar e reconhecer a dignidade de cada pessoa.<\/span><\/p>\n<p><span style=\"font-weight: 400;\">Em suas palavras, Patr\u00edcia declarou:<\/span><\/p>\n<p><span style=\"font-weight: 400;\">\u201cAo final, desejamos a todos shalom, a paz de Deus; ax\u00e9, como express\u00e3o de for\u00e7a e b\u00ean\u00e7\u00e3o; e toda sorte de boas palavras, porque acreditamos que, antes de qualquer diferen\u00e7a, somos chamados a reconhecer a humanidade uns dos outros.\u201d<\/span><\/p>\n<h2><span style=\"font-weight: 400;\">Marcadas: hist\u00f3rias que permanecem<\/span><\/h2>\n<p><span style=\"font-weight: 400;\">O lan\u00e7amento terminou, mas a proposta da antologia continua nas p\u00e1ginas do livro e nas hist\u00f3rias de suas autoras.<\/span><\/p>\n<p><i><span style=\"font-weight: 400;\">Marcadas<\/span><\/i><span style=\"font-weight: 400;\"> nasce como uma colet\u00e2nea de narrativas, mas o encontro de lan\u00e7amento revelou uma dimens\u00e3o ainda maior do projeto: a necessidade humana de ser vista, ouvida e reconhecida.<\/span><\/p>\n<p><span style=\"font-weight: 400;\">Em uma noite marcada pela f\u00e9, pela emo\u00e7\u00e3o e pelo encontro entre diferentes pessoas, cada coautora teve seu momento de estar diante do p\u00fablico e ouvir que sua hist\u00f3ria importava.<\/span><\/p>\n<p><span style=\"font-weight: 400;\">E talvez esteja justamente a\u00ed uma das maiores for\u00e7as do projeto.<\/span><\/p>\n<p><span style=\"font-weight: 400;\">Porque algumas marcas n\u00e3o precisam ser escondidas.<\/span><\/p>\n<p><span style=\"font-weight: 400;\">Podem ser contadas. Podem ser ressignificadas. Podem se transformar em testemunho, aprendizado e esperan\u00e7a para quem ainda est\u00e1 escrevendo a pr\u00f3pria hist\u00f3ria.<\/span><\/p>\n<p><span style=\"font-weight: 400;\">Que <\/span><i><span style=\"font-weight: 400;\">Marcadas<\/span><\/i><span style=\"font-weight: 400;\"> continue sendo, como deseja sua coordena\u00e7\u00e3o, um espa\u00e7o onde hist\u00f3rias sejam acolhidas, vidas sejam valorizadas e o amor fale mais alto.<\/span><\/p>\n<figure id=\"attachment_13359\" aria-describedby=\"caption-attachment-13359\" style=\"width: 1301px\" class=\"wp-caption alignnone\"><a href=\"https:\/\/pontodasigrejas.com\/news\/wp-content\/uploads\/2026\/08\/marcadas-patricia-pedro-10-pontodasigrejas.jpeg\"><img loading=\"lazy\" decoding=\"async\" class=\"wp-image-13359 size-full\" src=\"https:\/\/pontodasigrejas.com\/news\/wp-content\/uploads\/2026\/08\/marcadas-patricia-pedro-10-pontodasigrejas.jpeg\" alt=\"\" width=\"1301\" height=\"924\" srcset=\"https:\/\/pontodasigrejas.com\/news\/wp-content\/uploads\/2026\/08\/marcadas-patricia-pedro-10-pontodasigrejas.jpeg 1301w, https:\/\/pontodasigrejas.com\/news\/wp-content\/uploads\/2026\/08\/marcadas-patricia-pedro-10-pontodasigrejas-300x213.jpeg 300w, https:\/\/pontodasigrejas.com\/news\/wp-content\/uploads\/2026\/08\/marcadas-patricia-pedro-10-pontodasigrejas-1024x727.jpeg 1024w, https:\/\/pontodasigrejas.com\/news\/wp-content\/uploads\/2026\/08\/marcadas-patricia-pedro-10-pontodasigrejas-768x545.jpeg 768w, https:\/\/pontodasigrejas.com\/news\/wp-content\/uploads\/2026\/08\/marcadas-patricia-pedro-10-pontodasigrejas-150x107.jpeg 150w, https:\/\/pontodasigrejas.com\/news\/wp-content\/uploads\/2026\/08\/marcadas-patricia-pedro-10-pontodasigrejas-696x494.jpeg 696w, https:\/\/pontodasigrejas.com\/news\/wp-content\/uploads\/2026\/08\/marcadas-patricia-pedro-10-pontodasigrejas-1068x759.jpeg 1068w, https:\/\/pontodasigrejas.com\/news\/wp-content\/uploads\/2026\/08\/marcadas-patricia-pedro-10-pontodasigrejas-100x70.jpeg 100w, https:\/\/pontodasigrejas.com\/news\/wp-content\/uploads\/2026\/08\/marcadas-patricia-pedro-10-pontodasigrejas-600x426.jpeg 600w\" sizes=\"auto, (max-width: 1301px) 100vw, 1301px\" \/><\/a><figcaption id=\"caption-attachment-13359\" class=\"wp-caption-text\">Cl\u00f3vis Pedro (Coordenador da Antologia Marcados), Patr\u00edcia Pedro (Coordenadora da Antologia Marcadas), Vit\u00f3ria (coautora e filha do casal), Liza Lima Prado (ponto das Igrejas) e Johnny Prado (Ponto das Igrejas). O portal apoiou na cobertura do evento.<\/figcaption><\/figure>\n<h3><span style=\"font-weight: 400;\">\ud83d\udcda Sobre o lan\u00e7amento<\/span><\/h3>\n<p><span style=\"font-weight: 400;\">Livro: <\/span><i><span style=\"font-weight: 400;\">Marcadas \u2013 Antologia<\/span><\/i><i><span style=\"font-weight: 400;\"><br \/>\n<\/span><\/i><span style=\"font-weight: 400;\"> Coordena\u00e7\u00e3o: Patr\u00edcia Pedro<\/span><span style=\"font-weight: 400;\"><br \/>\n<\/span><span style=\"font-weight: 400;\"> Editora: Tocando com Palavras<\/span><span style=\"font-weight: 400;\"><br \/>\n<\/span><span style=\"font-weight: 400;\"> Data: 6 de junho<\/span><span style=\"font-weight: 400;\"><br \/>\n<\/span><span style=\"font-weight: 400;\"> Local: Antigo Cinema da Unigranrio<\/span><span style=\"font-weight: 400;\"><br \/>\n<\/span><span style=\"font-weight: 400;\"> Cidade: Duque de Caxias, RJ<\/span><\/p>\n<p><span style=\"font-weight: 400;\">Cobertura: Ponto das Igrejas<\/span><\/p>\n<p><strong>FOTOS<\/strong><\/p>\n\r\n                <style type=\"text\/css\">\r\n                    \r\n                    #tdi_1  .td-doubleSlider-2 .td-item1 {\r\n                        background: url(https:\/\/pontodasigrejas.com\/news\/wp-content\/uploads\/2026\/08\/marcadas-patricia-pedro-17.jpeg) 0 0 no-repeat;\r\n                    }\r\n                    #tdi_1  .td-doubleSlider-2 .td-item2 {\r\n                        background: url(https:\/\/pontodasigrejas.com\/news\/wp-content\/uploads\/2026\/08\/marcadas-patricia-pedro-15.jpeg) 0 0 no-repeat;\r\n                    }\r\n                    #tdi_1  .td-doubleSlider-2 .td-item3 {\r\n                        background: url(https:\/\/pontodasigrejas.com\/news\/wp-content\/uploads\/2026\/08\/marcadas-patricia-pedro-14.jpeg) 0 0 no-repeat;\r\n                    }\r\n                    #tdi_1  .td-doubleSlider-2 .td-item4 {\r\n                        background: url(https:\/\/pontodasigrejas.com\/news\/wp-content\/uploads\/2026\/08\/marcadas-patricia-pedro-13.jpeg) 0 0 no-repeat;\r\n                    }\r\n                    #tdi_1  .td-doubleSlider-2 .td-item5 {\r\n                        background: url(https:\/\/pontodasigrejas.com\/news\/wp-content\/uploads\/2026\/08\/marcadas-patricia-pedro-12.jpeg) 0 0 no-repeat;\r\n                    }\r\n                    #tdi_1  .td-doubleSlider-2 .td-item6 {\r\n                        background: url(https:\/\/pontodasigrejas.com\/news\/wp-content\/uploads\/2026\/08\/marcadas-patricia-pedro-11.jpeg) 0 0 no-repeat;\r\n                    }\r\n                    #tdi_1  .td-doubleSlider-2 .td-item7 {\r\n                        background: url(https:\/\/pontodasigrejas.com\/news\/wp-content\/uploads\/2026\/08\/marcadas-patricia-pedro-10-pontodasigrejas.jpeg) 0 0 no-repeat;\r\n                    }\r\n                    #tdi_1  .td-doubleSlider-2 .td-item8 {\r\n                        background: url(https:\/\/pontodasigrejas.com\/news\/wp-content\/uploads\/2026\/08\/marcadas-patricia-pedro-7.jpeg) 0 0 no-repeat;\r\n                    }\r\n                    #tdi_1  .td-doubleSlider-2 .td-item9 {\r\n                        background: url(https:\/\/pontodasigrejas.com\/news\/wp-content\/uploads\/2026\/08\/marcadas-patricia-pedro-6.jpeg) 0 0 no-repeat;\r\n                    }\r\n                    #tdi_1  .td-doubleSlider-2 .td-item10 {\r\n                        background: url(https:\/\/pontodasigrejas.com\/news\/wp-content\/uploads\/2026\/08\/marcadas-patricia-pedro-5.jpeg) 0 0 no-repeat;\r\n                    }\r\n                    #tdi_1  .td-doubleSlider-2 .td-item11 {\r\n                        background: url(https:\/\/pontodasigrejas.com\/news\/wp-content\/uploads\/2026\/08\/marcadas-patricia-pedro-3.jpeg) 0 0 no-repeat;\r\n                    }\r\n                    #tdi_1  .td-doubleSlider-2 .td-item12 {\r\n                        background: url(https:\/\/pontodasigrejas.com\/news\/wp-content\/uploads\/2026\/08\/marcadas-patricia-pedro-2.jpeg) 0 0 no-repeat;\r\n                    }\r\n                    #tdi_1  .td-doubleSlider-2 .td-item13 {\r\n                        background: url(https:\/\/pontodasigrejas.com\/news\/wp-content\/uploads\/2026\/08\/marcadas-patricia-pedro-1.jpeg) 0 0 no-repeat;\r\n                    }\r\n                <\/style>\r\n\r\n                <div id=\"tdi_1\" class=\"td-gallery td-slide-on-2-columns\">\r\n                    <div class=\"post_td_gallery\">\r\n                        <div class=\"td-gallery-slide-top\">\r\n                           <div class=\"td-gallery-title\">Algumas fotos do Lan\u00e7amento do Livro Marcadas<\/div>\r\n\r\n                            <div class=\"td-gallery-controls-wrapper\">\r\n                                <div class=\"td-gallery-slide-count\"><span class=\"td-gallery-slide-item-focus\">1<\/span> of 13<\/div>\r\n                                <div class=\"td-gallery-slide-prev-next-but\">\r\n                                    <i class = \"td-icon-left doubleSliderPrevButton\"><\/i>\r\n                                    <i class = \"td-icon-right doubleSliderNextButton\"><\/i>\r\n                                <\/div>\r\n                            <\/div>\r\n                        <\/div>\r\n\r\n                        <div class = \"td-doubleSlider-1 \">\r\n                            <div class = \"td-slider\">\r\n                                \r\n                    <div class = \"td-slide-item td-item1\">\r\n                        <figure class=\"td-slide-galery-figure td-slide-popup-gallery\">\r\n                            <a class=\"slide-gallery-image-link\" href=\"https:\/\/pontodasigrejas.com\/news\/wp-content\/uploads\/2026\/08\/marcadas-patricia-pedro-17.jpeg\" title=\"marcadas-patricia-pedro-17\"  data-caption=\"\"  data-description=\"\">\r\n                                <img decoding=\"async\" src=\"https:\/\/pontodasigrejas.com\/news\/wp-content\/uploads\/2026\/08\/marcadas-patricia-pedro-17.jpeg\" srcset=\"https:\/\/pontodasigrejas.com\/news\/wp-content\/uploads\/2026\/08\/marcadas-patricia-pedro-17.jpeg 1600w, https:\/\/pontodasigrejas.com\/news\/wp-content\/uploads\/2026\/08\/marcadas-patricia-pedro-17-300x200.jpeg 300w, https:\/\/pontodasigrejas.com\/news\/wp-content\/uploads\/2026\/08\/marcadas-patricia-pedro-17-1024x682.jpeg 1024w, https:\/\/pontodasigrejas.com\/news\/wp-content\/uploads\/2026\/08\/marcadas-patricia-pedro-17-768x512.jpeg 768w, https:\/\/pontodasigrejas.com\/news\/wp-content\/uploads\/2026\/08\/marcadas-patricia-pedro-17-1536x1023.jpeg 1536w, https:\/\/pontodasigrejas.com\/news\/wp-content\/uploads\/2026\/08\/marcadas-patricia-pedro-17-150x100.jpeg 150w, https:\/\/pontodasigrejas.com\/news\/wp-content\/uploads\/2026\/08\/marcadas-patricia-pedro-17-696x464.jpeg 696w, https:\/\/pontodasigrejas.com\/news\/wp-content\/uploads\/2026\/08\/marcadas-patricia-pedro-17-1068x712.jpeg 1068w, https:\/\/pontodasigrejas.com\/news\/wp-content\/uploads\/2026\/08\/marcadas-patricia-pedro-17-600x400.jpeg 600w\" sizes=\"(max-width: 1600px) 100vw, 1600px\" alt=\"\">\r\n                            <\/a>\r\n                            \r\n                        <\/figure>\r\n                    <\/div>\r\n                    <div class = \"td-slide-item td-item2\">\r\n                        <figure class=\"td-slide-galery-figure td-slide-popup-gallery\">\r\n                            <a class=\"slide-gallery-image-link\" href=\"https:\/\/pontodasigrejas.com\/news\/wp-content\/uploads\/2026\/08\/marcadas-patricia-pedro-15.jpeg\" title=\"marcadas-patricia-pedro-15\"  data-caption=\"\"  data-description=\"\">\r\n                                <img decoding=\"async\" src=\"https:\/\/pontodasigrejas.com\/news\/wp-content\/uploads\/2026\/08\/marcadas-patricia-pedro-15.jpeg\" srcset=\"https:\/\/pontodasigrejas.com\/news\/wp-content\/uploads\/2026\/08\/marcadas-patricia-pedro-15.jpeg 1600w, https:\/\/pontodasigrejas.com\/news\/wp-content\/uploads\/2026\/08\/marcadas-patricia-pedro-15-300x200.jpeg 300w, https:\/\/pontodasigrejas.com\/news\/wp-content\/uploads\/2026\/08\/marcadas-patricia-pedro-15-1024x682.jpeg 1024w, https:\/\/pontodasigrejas.com\/news\/wp-content\/uploads\/2026\/08\/marcadas-patricia-pedro-15-768x512.jpeg 768w, https:\/\/pontodasigrejas.com\/news\/wp-content\/uploads\/2026\/08\/marcadas-patricia-pedro-15-1536x1023.jpeg 1536w, https:\/\/pontodasigrejas.com\/news\/wp-content\/uploads\/2026\/08\/marcadas-patricia-pedro-15-150x100.jpeg 150w, https:\/\/pontodasigrejas.com\/news\/wp-content\/uploads\/2026\/08\/marcadas-patricia-pedro-15-696x464.jpeg 696w, https:\/\/pontodasigrejas.com\/news\/wp-content\/uploads\/2026\/08\/marcadas-patricia-pedro-15-1068x712.jpeg 1068w, https:\/\/pontodasigrejas.com\/news\/wp-content\/uploads\/2026\/08\/marcadas-patricia-pedro-15-600x400.jpeg 600w\" sizes=\"(max-width: 1600px) 100vw, 1600px\" alt=\"\">\r\n                            <\/a>\r\n                            \r\n                        <\/figure>\r\n                    <\/div>\r\n                    <div class = \"td-slide-item td-item3\">\r\n                        <figure class=\"td-slide-galery-figure td-slide-popup-gallery\">\r\n                            <a class=\"slide-gallery-image-link\" href=\"https:\/\/pontodasigrejas.com\/news\/wp-content\/uploads\/2026\/08\/marcadas-patricia-pedro-14.jpeg\" title=\"marcadas-patricia-pedro-14\"  data-caption=\"\"  data-description=\"\">\r\n                                <img decoding=\"async\" src=\"https:\/\/pontodasigrejas.com\/news\/wp-content\/uploads\/2026\/08\/marcadas-patricia-pedro-14.jpeg\" srcset=\"https:\/\/pontodasigrejas.com\/news\/wp-content\/uploads\/2026\/08\/marcadas-patricia-pedro-14.jpeg 1600w, https:\/\/pontodasigrejas.com\/news\/wp-content\/uploads\/2026\/08\/marcadas-patricia-pedro-14-300x200.jpeg 300w, https:\/\/pontodasigrejas.com\/news\/wp-content\/uploads\/2026\/08\/marcadas-patricia-pedro-14-1024x682.jpeg 1024w, https:\/\/pontodasigrejas.com\/news\/wp-content\/uploads\/2026\/08\/marcadas-patricia-pedro-14-768x512.jpeg 768w, https:\/\/pontodasigrejas.com\/news\/wp-content\/uploads\/2026\/08\/marcadas-patricia-pedro-14-1536x1023.jpeg 1536w, https:\/\/pontodasigrejas.com\/news\/wp-content\/uploads\/2026\/08\/marcadas-patricia-pedro-14-150x100.jpeg 150w, https:\/\/pontodasigrejas.com\/news\/wp-content\/uploads\/2026\/08\/marcadas-patricia-pedro-14-696x464.jpeg 696w, https:\/\/pontodasigrejas.com\/news\/wp-content\/uploads\/2026\/08\/marcadas-patricia-pedro-14-1068x712.jpeg 1068w, https:\/\/pontodasigrejas.com\/news\/wp-content\/uploads\/2026\/08\/marcadas-patricia-pedro-14-600x400.jpeg 600w\" sizes=\"(max-width: 1600px) 100vw, 1600px\" alt=\"\">\r\n                            <\/a>\r\n                            \r\n                        <\/figure>\r\n                    <\/div>\r\n                    <div class = \"td-slide-item td-item4\">\r\n                        <figure class=\"td-slide-galery-figure td-slide-popup-gallery\">\r\n                            <a class=\"slide-gallery-image-link\" href=\"https:\/\/pontodasigrejas.com\/news\/wp-content\/uploads\/2026\/08\/marcadas-patricia-pedro-13.jpeg\" title=\"marcadas-patricia-pedro-13\"  data-caption=\"O p\u00fablico se fez presente no lan\u00e7amento do livro Marcadas.\"  data-description=\"\">\r\n                                <img decoding=\"async\" src=\"https:\/\/pontodasigrejas.com\/news\/wp-content\/uploads\/2026\/08\/marcadas-patricia-pedro-13.jpeg\" srcset=\"https:\/\/pontodasigrejas.com\/news\/wp-content\/uploads\/2026\/08\/marcadas-patricia-pedro-13.jpeg 1600w, https:\/\/pontodasigrejas.com\/news\/wp-content\/uploads\/2026\/08\/marcadas-patricia-pedro-13-300x200.jpeg 300w, https:\/\/pontodasigrejas.com\/news\/wp-content\/uploads\/2026\/08\/marcadas-patricia-pedro-13-1024x682.jpeg 1024w, https:\/\/pontodasigrejas.com\/news\/wp-content\/uploads\/2026\/08\/marcadas-patricia-pedro-13-768x512.jpeg 768w, https:\/\/pontodasigrejas.com\/news\/wp-content\/uploads\/2026\/08\/marcadas-patricia-pedro-13-1536x1023.jpeg 1536w, https:\/\/pontodasigrejas.com\/news\/wp-content\/uploads\/2026\/08\/marcadas-patricia-pedro-13-150x100.jpeg 150w, https:\/\/pontodasigrejas.com\/news\/wp-content\/uploads\/2026\/08\/marcadas-patricia-pedro-13-696x464.jpeg 696w, https:\/\/pontodasigrejas.com\/news\/wp-content\/uploads\/2026\/08\/marcadas-patricia-pedro-13-1068x712.jpeg 1068w, https:\/\/pontodasigrejas.com\/news\/wp-content\/uploads\/2026\/08\/marcadas-patricia-pedro-13-600x400.jpeg 600w\" sizes=\"(max-width: 1600px) 100vw, 1600px\" alt=\"\">\r\n                            <\/a>\r\n                            <figcaption class = \"td-slide-caption td-gallery-slide-content\"><div class = \"td-gallery-slide-copywrite\">O p\u00fablico se fez presente no lan\u00e7amento do livro Marcadas.<\/div><\/figcaption>\r\n                        <\/figure>\r\n                    <\/div>\r\n                    <div class = \"td-slide-item td-item5\">\r\n                        <figure class=\"td-slide-galery-figure td-slide-popup-gallery\">\r\n                            <a class=\"slide-gallery-image-link\" href=\"https:\/\/pontodasigrejas.com\/news\/wp-content\/uploads\/2026\/08\/marcadas-patricia-pedro-12.jpeg\" title=\"marcadas-patricia-pedro-12\"  data-caption=\"\"  data-description=\"\">\r\n                                <img decoding=\"async\" src=\"https:\/\/pontodasigrejas.com\/news\/wp-content\/uploads\/2026\/08\/marcadas-patricia-pedro-12.jpeg\" srcset=\"https:\/\/pontodasigrejas.com\/news\/wp-content\/uploads\/2026\/08\/marcadas-patricia-pedro-12.jpeg 1600w, https:\/\/pontodasigrejas.com\/news\/wp-content\/uploads\/2026\/08\/marcadas-patricia-pedro-12-300x200.jpeg 300w, https:\/\/pontodasigrejas.com\/news\/wp-content\/uploads\/2026\/08\/marcadas-patricia-pedro-12-1024x682.jpeg 1024w, https:\/\/pontodasigrejas.com\/news\/wp-content\/uploads\/2026\/08\/marcadas-patricia-pedro-12-768x512.jpeg 768w, https:\/\/pontodasigrejas.com\/news\/wp-content\/uploads\/2026\/08\/marcadas-patricia-pedro-12-1536x1023.jpeg 1536w, https:\/\/pontodasigrejas.com\/news\/wp-content\/uploads\/2026\/08\/marcadas-patricia-pedro-12-150x100.jpeg 150w, https:\/\/pontodasigrejas.com\/news\/wp-content\/uploads\/2026\/08\/marcadas-patricia-pedro-12-696x464.jpeg 696w, https:\/\/pontodasigrejas.com\/news\/wp-content\/uploads\/2026\/08\/marcadas-patricia-pedro-12-1068x712.jpeg 1068w, https:\/\/pontodasigrejas.com\/news\/wp-content\/uploads\/2026\/08\/marcadas-patricia-pedro-12-600x400.jpeg 600w\" sizes=\"(max-width: 1600px) 100vw, 1600px\" alt=\"\">\r\n                            <\/a>\r\n                            \r\n                        <\/figure>\r\n                    <\/div>\r\n                    <div class = \"td-slide-item td-item6\">\r\n                        <figure class=\"td-slide-galery-figure td-slide-popup-gallery\">\r\n                            <a class=\"slide-gallery-image-link\" href=\"https:\/\/pontodasigrejas.com\/news\/wp-content\/uploads\/2026\/08\/marcadas-patricia-pedro-11.jpeg\" title=\"marcadas-patricia-pedro-11\"  data-caption=\"No encerramento, a filha de uma das coautoras iniciou uma dan\u00e7a, emocionando a coordenadora Patr\u00edcia Pedro e trazendo \u00e0 mem\u00f3ria a origem da capa do livro, reafirmando, assim, o prop\u00f3sito de seu design.\"  data-description=\"\">\r\n                                <img decoding=\"async\" src=\"https:\/\/pontodasigrejas.com\/news\/wp-content\/uploads\/2026\/08\/marcadas-patricia-pedro-11.jpeg\" srcset=\"https:\/\/pontodasigrejas.com\/news\/wp-content\/uploads\/2026\/08\/marcadas-patricia-pedro-11.jpeg 1600w, https:\/\/pontodasigrejas.com\/news\/wp-content\/uploads\/2026\/08\/marcadas-patricia-pedro-11-300x200.jpeg 300w, https:\/\/pontodasigrejas.com\/news\/wp-content\/uploads\/2026\/08\/marcadas-patricia-pedro-11-1024x682.jpeg 1024w, https:\/\/pontodasigrejas.com\/news\/wp-content\/uploads\/2026\/08\/marcadas-patricia-pedro-11-768x512.jpeg 768w, https:\/\/pontodasigrejas.com\/news\/wp-content\/uploads\/2026\/08\/marcadas-patricia-pedro-11-1536x1023.jpeg 1536w, https:\/\/pontodasigrejas.com\/news\/wp-content\/uploads\/2026\/08\/marcadas-patricia-pedro-11-150x100.jpeg 150w, https:\/\/pontodasigrejas.com\/news\/wp-content\/uploads\/2026\/08\/marcadas-patricia-pedro-11-696x464.jpeg 696w, https:\/\/pontodasigrejas.com\/news\/wp-content\/uploads\/2026\/08\/marcadas-patricia-pedro-11-1068x712.jpeg 1068w, https:\/\/pontodasigrejas.com\/news\/wp-content\/uploads\/2026\/08\/marcadas-patricia-pedro-11-600x400.jpeg 600w\" sizes=\"(max-width: 1600px) 100vw, 1600px\" alt=\"\">\r\n                            <\/a>\r\n                            <figcaption class = \"td-slide-caption td-gallery-slide-content\"><div class = \"td-gallery-slide-copywrite\">No encerramento, a filha de uma das coautoras iniciou uma dan\u00e7a, emocionando a coordenadora Patr\u00edcia Pedro e trazendo \u00e0 mem\u00f3ria a origem da capa do livro, reafirmando, assim, o prop\u00f3sito de seu design.<\/div><\/figcaption>\r\n                        <\/figure>\r\n                    <\/div>\r\n                    <div class = \"td-slide-item td-item7\">\r\n                        <figure class=\"td-slide-galery-figure td-slide-popup-gallery\">\r\n                            <a class=\"slide-gallery-image-link\" href=\"https:\/\/pontodasigrejas.com\/news\/wp-content\/uploads\/2026\/08\/marcadas-patricia-pedro-10-pontodasigrejas.jpeg\" title=\"marcadas-patricia-pedro-10-pontodasigrejas\"  data-caption=\"Cl\u00f3vis pedro, patr\u00edcia pedro, Vit\u00f3ria 9filha), Liza Lima Prado (ponto das Igrejas) e Johnny Prado (Ponto das Igrejas). O portal apoiou na cobertura do evento.\"  data-description=\"\">\r\n                                <img decoding=\"async\" src=\"https:\/\/pontodasigrejas.com\/news\/wp-content\/uploads\/2026\/08\/marcadas-patricia-pedro-10-pontodasigrejas.jpeg\" srcset=\"https:\/\/pontodasigrejas.com\/news\/wp-content\/uploads\/2026\/08\/marcadas-patricia-pedro-10-pontodasigrejas.jpeg 1301w, https:\/\/pontodasigrejas.com\/news\/wp-content\/uploads\/2026\/08\/marcadas-patricia-pedro-10-pontodasigrejas-300x213.jpeg 300w, https:\/\/pontodasigrejas.com\/news\/wp-content\/uploads\/2026\/08\/marcadas-patricia-pedro-10-pontodasigrejas-1024x727.jpeg 1024w, https:\/\/pontodasigrejas.com\/news\/wp-content\/uploads\/2026\/08\/marcadas-patricia-pedro-10-pontodasigrejas-768x545.jpeg 768w, https:\/\/pontodasigrejas.com\/news\/wp-content\/uploads\/2026\/08\/marcadas-patricia-pedro-10-pontodasigrejas-150x107.jpeg 150w, https:\/\/pontodasigrejas.com\/news\/wp-content\/uploads\/2026\/08\/marcadas-patricia-pedro-10-pontodasigrejas-696x494.jpeg 696w, https:\/\/pontodasigrejas.com\/news\/wp-content\/uploads\/2026\/08\/marcadas-patricia-pedro-10-pontodasigrejas-1068x759.jpeg 1068w, https:\/\/pontodasigrejas.com\/news\/wp-content\/uploads\/2026\/08\/marcadas-patricia-pedro-10-pontodasigrejas-100x70.jpeg 100w, https:\/\/pontodasigrejas.com\/news\/wp-content\/uploads\/2026\/08\/marcadas-patricia-pedro-10-pontodasigrejas-600x426.jpeg 600w\" sizes=\"(max-width: 1301px) 100vw, 1301px\" alt=\"\">\r\n                            <\/a>\r\n                            <figcaption class = \"td-slide-caption td-gallery-slide-content\"><div class = \"td-gallery-slide-copywrite\">Cl\u00f3vis pedro, patr\u00edcia pedro, Vit\u00f3ria 9filha), Liza Lima Prado (ponto das Igrejas) e Johnny Prado (Ponto das Igrejas). O portal apoiou na cobertura do evento.<\/div><\/figcaption>\r\n                        <\/figure>\r\n                    <\/div>\r\n                    <div class = \"td-slide-item td-item8\">\r\n                        <figure class=\"td-slide-galery-figure td-slide-popup-gallery\">\r\n                            <a class=\"slide-gallery-image-link\" href=\"https:\/\/pontodasigrejas.com\/news\/wp-content\/uploads\/2026\/08\/marcadas-patricia-pedro-7.jpeg\" title=\"marcadas-patricia-pedro-7\"  data-caption=\"\"  data-description=\"\">\r\n                                <img decoding=\"async\" src=\"https:\/\/pontodasigrejas.com\/news\/wp-content\/uploads\/2026\/08\/marcadas-patricia-pedro-7.jpeg\" srcset=\"https:\/\/pontodasigrejas.com\/news\/wp-content\/uploads\/2026\/08\/marcadas-patricia-pedro-7.jpeg 1600w, https:\/\/pontodasigrejas.com\/news\/wp-content\/uploads\/2026\/08\/marcadas-patricia-pedro-7-300x200.jpeg 300w, https:\/\/pontodasigrejas.com\/news\/wp-content\/uploads\/2026\/08\/marcadas-patricia-pedro-7-1024x682.jpeg 1024w, https:\/\/pontodasigrejas.com\/news\/wp-content\/uploads\/2026\/08\/marcadas-patricia-pedro-7-768x512.jpeg 768w, https:\/\/pontodasigrejas.com\/news\/wp-content\/uploads\/2026\/08\/marcadas-patricia-pedro-7-1536x1023.jpeg 1536w, https:\/\/pontodasigrejas.com\/news\/wp-content\/uploads\/2026\/08\/marcadas-patricia-pedro-7-150x100.jpeg 150w, https:\/\/pontodasigrejas.com\/news\/wp-content\/uploads\/2026\/08\/marcadas-patricia-pedro-7-696x464.jpeg 696w, https:\/\/pontodasigrejas.com\/news\/wp-content\/uploads\/2026\/08\/marcadas-patricia-pedro-7-1068x712.jpeg 1068w, https:\/\/pontodasigrejas.com\/news\/wp-content\/uploads\/2026\/08\/marcadas-patricia-pedro-7-600x400.jpeg 600w\" sizes=\"(max-width: 1600px) 100vw, 1600px\" alt=\"\">\r\n                            <\/a>\r\n                            \r\n                        <\/figure>\r\n                    <\/div>\r\n                    <div class = \"td-slide-item td-item9\">\r\n                        <figure class=\"td-slide-galery-figure td-slide-popup-gallery\">\r\n                            <a class=\"slide-gallery-image-link\" href=\"https:\/\/pontodasigrejas.com\/news\/wp-content\/uploads\/2026\/08\/marcadas-patricia-pedro-6.jpeg\" title=\"marcadas-patricia-pedro-6\"  data-caption=\"Liza Lima Prado, editora do Ponto das igrejas, fez parte como coautora da antologia.\"  data-description=\"\">\r\n                                <img decoding=\"async\" src=\"https:\/\/pontodasigrejas.com\/news\/wp-content\/uploads\/2026\/08\/marcadas-patricia-pedro-6.jpeg\" srcset=\"https:\/\/pontodasigrejas.com\/news\/wp-content\/uploads\/2026\/08\/marcadas-patricia-pedro-6.jpeg 1600w, https:\/\/pontodasigrejas.com\/news\/wp-content\/uploads\/2026\/08\/marcadas-patricia-pedro-6-300x200.jpeg 300w, https:\/\/pontodasigrejas.com\/news\/wp-content\/uploads\/2026\/08\/marcadas-patricia-pedro-6-1024x682.jpeg 1024w, https:\/\/pontodasigrejas.com\/news\/wp-content\/uploads\/2026\/08\/marcadas-patricia-pedro-6-768x512.jpeg 768w, https:\/\/pontodasigrejas.com\/news\/wp-content\/uploads\/2026\/08\/marcadas-patricia-pedro-6-1536x1023.jpeg 1536w, https:\/\/pontodasigrejas.com\/news\/wp-content\/uploads\/2026\/08\/marcadas-patricia-pedro-6-150x100.jpeg 150w, https:\/\/pontodasigrejas.com\/news\/wp-content\/uploads\/2026\/08\/marcadas-patricia-pedro-6-696x464.jpeg 696w, https:\/\/pontodasigrejas.com\/news\/wp-content\/uploads\/2026\/08\/marcadas-patricia-pedro-6-1068x712.jpeg 1068w, https:\/\/pontodasigrejas.com\/news\/wp-content\/uploads\/2026\/08\/marcadas-patricia-pedro-6-600x400.jpeg 600w\" sizes=\"(max-width: 1600px) 100vw, 1600px\" alt=\"\">\r\n                            <\/a>\r\n                            <figcaption class = \"td-slide-caption td-gallery-slide-content\"><div class = \"td-gallery-slide-copywrite\">Liza Lima Prado, editora do Ponto das igrejas, fez parte como coautora da antologia.<\/div><\/figcaption>\r\n                        <\/figure>\r\n                    <\/div>\r\n                    <div class = \"td-slide-item td-item10\">\r\n                        <figure class=\"td-slide-galery-figure td-slide-popup-gallery\">\r\n                            <a class=\"slide-gallery-image-link\" href=\"https:\/\/pontodasigrejas.com\/news\/wp-content\/uploads\/2026\/08\/marcadas-patricia-pedro-5.jpeg\" title=\"marcadas-patricia-pedro-5\"  data-caption=\"\"  data-description=\"\">\r\n                                <img decoding=\"async\" src=\"https:\/\/pontodasigrejas.com\/news\/wp-content\/uploads\/2026\/08\/marcadas-patricia-pedro-5.jpeg\" srcset=\"https:\/\/pontodasigrejas.com\/news\/wp-content\/uploads\/2026\/08\/marcadas-patricia-pedro-5.jpeg 1600w, https:\/\/pontodasigrejas.com\/news\/wp-content\/uploads\/2026\/08\/marcadas-patricia-pedro-5-300x200.jpeg 300w, https:\/\/pontodasigrejas.com\/news\/wp-content\/uploads\/2026\/08\/marcadas-patricia-pedro-5-1024x682.jpeg 1024w, https:\/\/pontodasigrejas.com\/news\/wp-content\/uploads\/2026\/08\/marcadas-patricia-pedro-5-768x512.jpeg 768w, https:\/\/pontodasigrejas.com\/news\/wp-content\/uploads\/2026\/08\/marcadas-patricia-pedro-5-1536x1023.jpeg 1536w, https:\/\/pontodasigrejas.com\/news\/wp-content\/uploads\/2026\/08\/marcadas-patricia-pedro-5-150x100.jpeg 150w, https:\/\/pontodasigrejas.com\/news\/wp-content\/uploads\/2026\/08\/marcadas-patricia-pedro-5-696x464.jpeg 696w, https:\/\/pontodasigrejas.com\/news\/wp-content\/uploads\/2026\/08\/marcadas-patricia-pedro-5-1068x712.jpeg 1068w, https:\/\/pontodasigrejas.com\/news\/wp-content\/uploads\/2026\/08\/marcadas-patricia-pedro-5-600x400.jpeg 600w\" sizes=\"(max-width: 1600px) 100vw, 1600px\" alt=\"\">\r\n                            <\/a>\r\n                            \r\n                        <\/figure>\r\n                    <\/div>\r\n                    <div class = \"td-slide-item td-item11\">\r\n                        <figure class=\"td-slide-galery-figure td-slide-popup-gallery\">\r\n                            <a class=\"slide-gallery-image-link\" href=\"https:\/\/pontodasigrejas.com\/news\/wp-content\/uploads\/2026\/08\/marcadas-patricia-pedro-3.jpeg\" title=\"marcadas-patricia-pedro-3\"  data-caption=\"\"  data-description=\"\">\r\n                                <img decoding=\"async\" src=\"https:\/\/pontodasigrejas.com\/news\/wp-content\/uploads\/2026\/08\/marcadas-patricia-pedro-3.jpeg\" srcset=\"https:\/\/pontodasigrejas.com\/news\/wp-content\/uploads\/2026\/08\/marcadas-patricia-pedro-3.jpeg 1600w, https:\/\/pontodasigrejas.com\/news\/wp-content\/uploads\/2026\/08\/marcadas-patricia-pedro-3-300x200.jpeg 300w, https:\/\/pontodasigrejas.com\/news\/wp-content\/uploads\/2026\/08\/marcadas-patricia-pedro-3-1024x682.jpeg 1024w, https:\/\/pontodasigrejas.com\/news\/wp-content\/uploads\/2026\/08\/marcadas-patricia-pedro-3-768x512.jpeg 768w, https:\/\/pontodasigrejas.com\/news\/wp-content\/uploads\/2026\/08\/marcadas-patricia-pedro-3-1536x1023.jpeg 1536w, https:\/\/pontodasigrejas.com\/news\/wp-content\/uploads\/2026\/08\/marcadas-patricia-pedro-3-150x100.jpeg 150w, https:\/\/pontodasigrejas.com\/news\/wp-content\/uploads\/2026\/08\/marcadas-patricia-pedro-3-696x464.jpeg 696w, https:\/\/pontodasigrejas.com\/news\/wp-content\/uploads\/2026\/08\/marcadas-patricia-pedro-3-1068x712.jpeg 1068w, https:\/\/pontodasigrejas.com\/news\/wp-content\/uploads\/2026\/08\/marcadas-patricia-pedro-3-600x400.jpeg 600w\" sizes=\"(max-width: 1600px) 100vw, 1600px\" alt=\"\">\r\n                            <\/a>\r\n                            \r\n                        <\/figure>\r\n                    <\/div>\r\n                    <div class = \"td-slide-item td-item12\">\r\n                        <figure class=\"td-slide-galery-figure td-slide-popup-gallery\">\r\n                            <a class=\"slide-gallery-image-link\" href=\"https:\/\/pontodasigrejas.com\/news\/wp-content\/uploads\/2026\/08\/marcadas-patricia-pedro-2.jpeg\" title=\"marcadas-patricia-pedro-2\"  data-caption=\"Coautoras do lan\u00e7amento da obra MARCADAS\"  data-description=\"\">\r\n                                <img decoding=\"async\" src=\"https:\/\/pontodasigrejas.com\/news\/wp-content\/uploads\/2026\/08\/marcadas-patricia-pedro-2.jpeg\" srcset=\"https:\/\/pontodasigrejas.com\/news\/wp-content\/uploads\/2026\/08\/marcadas-patricia-pedro-2.jpeg 1600w, https:\/\/pontodasigrejas.com\/news\/wp-content\/uploads\/2026\/08\/marcadas-patricia-pedro-2-300x200.jpeg 300w, https:\/\/pontodasigrejas.com\/news\/wp-content\/uploads\/2026\/08\/marcadas-patricia-pedro-2-1024x682.jpeg 1024w, https:\/\/pontodasigrejas.com\/news\/wp-content\/uploads\/2026\/08\/marcadas-patricia-pedro-2-768x512.jpeg 768w, https:\/\/pontodasigrejas.com\/news\/wp-content\/uploads\/2026\/08\/marcadas-patricia-pedro-2-1536x1023.jpeg 1536w, https:\/\/pontodasigrejas.com\/news\/wp-content\/uploads\/2026\/08\/marcadas-patricia-pedro-2-150x100.jpeg 150w, https:\/\/pontodasigrejas.com\/news\/wp-content\/uploads\/2026\/08\/marcadas-patricia-pedro-2-696x464.jpeg 696w, https:\/\/pontodasigrejas.com\/news\/wp-content\/uploads\/2026\/08\/marcadas-patricia-pedro-2-1068x712.jpeg 1068w, https:\/\/pontodasigrejas.com\/news\/wp-content\/uploads\/2026\/08\/marcadas-patricia-pedro-2-600x400.jpeg 600w\" sizes=\"(max-width: 1600px) 100vw, 1600px\" alt=\"\">\r\n                            <\/a>\r\n                            <figcaption class = \"td-slide-caption td-gallery-slide-content\"><div class = \"td-gallery-slide-copywrite\">Coautoras do lan\u00e7amento da obra MARCADAS<\/div><\/figcaption>\r\n                        <\/figure>\r\n                    <\/div>\r\n                    <div class = \"td-slide-item td-item13\">\r\n                        <figure class=\"td-slide-galery-figure td-slide-popup-gallery\">\r\n                            <a class=\"slide-gallery-image-link\" href=\"https:\/\/pontodasigrejas.com\/news\/wp-content\/uploads\/2026\/08\/marcadas-patricia-pedro-1.jpeg\" title=\"marcadas-patricia-pedro-1\"  data-caption=\"\"  data-description=\"\">\r\n                                <img decoding=\"async\" src=\"https:\/\/pontodasigrejas.com\/news\/wp-content\/uploads\/2026\/08\/marcadas-patricia-pedro-1.jpeg\" srcset=\"https:\/\/pontodasigrejas.com\/news\/wp-content\/uploads\/2026\/08\/marcadas-patricia-pedro-1.jpeg 1600w, https:\/\/pontodasigrejas.com\/news\/wp-content\/uploads\/2026\/08\/marcadas-patricia-pedro-1-300x200.jpeg 300w, https:\/\/pontodasigrejas.com\/news\/wp-content\/uploads\/2026\/08\/marcadas-patricia-pedro-1-1024x682.jpeg 1024w, https:\/\/pontodasigrejas.com\/news\/wp-content\/uploads\/2026\/08\/marcadas-patricia-pedro-1-768x512.jpeg 768w, https:\/\/pontodasigrejas.com\/news\/wp-content\/uploads\/2026\/08\/marcadas-patricia-pedro-1-1536x1023.jpeg 1536w, https:\/\/pontodasigrejas.com\/news\/wp-content\/uploads\/2026\/08\/marcadas-patricia-pedro-1-150x100.jpeg 150w, https:\/\/pontodasigrejas.com\/news\/wp-content\/uploads\/2026\/08\/marcadas-patricia-pedro-1-696x464.jpeg 696w, https:\/\/pontodasigrejas.com\/news\/wp-content\/uploads\/2026\/08\/marcadas-patricia-pedro-1-1068x712.jpeg 1068w, https:\/\/pontodasigrejas.com\/news\/wp-content\/uploads\/2026\/08\/marcadas-patricia-pedro-1-600x400.jpeg 600w\" sizes=\"(max-width: 1600px) 100vw, 1600px\" alt=\"\">\r\n                            <\/a>\r\n                            \r\n                        <\/figure>\r\n                    <\/div>\r\n                            <\/div>\r\n                        <\/div>\r\n\r\n                        <div class = \"td-doubleSlider-2\">\r\n                            <div class = \"td-slider\">\r\n                                \r\n                    <div class = \"td-button td-item1\">\r\n                        <div class = \"td-border\"><\/div>\r\n                    <\/div>\r\n                    <div class = \"td-button td-item2\">\r\n                        <div class = \"td-border\"><\/div>\r\n                    <\/div>\r\n                    <div class = \"td-button td-item3\">\r\n                        <div class = \"td-border\"><\/div>\r\n                    <\/div>\r\n                    <div class = \"td-button td-item4\">\r\n                        <div class = \"td-border\"><\/div>\r\n                    <\/div>\r\n                    <div class = \"td-button td-item5\">\r\n                        <div class = \"td-border\"><\/div>\r\n                    <\/div>\r\n                    <div class = \"td-button td-item6\">\r\n                        <div class = \"td-border\"><\/div>\r\n                    <\/div>\r\n                    <div class = \"td-button td-item7\">\r\n                        <div class = \"td-border\"><\/div>\r\n                    <\/div>\r\n                    <div class = \"td-button td-item8\">\r\n                        <div class = \"td-border\"><\/div>\r\n                    <\/div>\r\n                    <div class = \"td-button td-item9\">\r\n                        <div class = \"td-border\"><\/div>\r\n                    <\/div>\r\n                    <div class = \"td-button td-item10\">\r\n                        <div class = \"td-border\"><\/div>\r\n                    <\/div>\r\n                    <div class = \"td-button td-item11\">\r\n                        <div class = \"td-border\"><\/div>\r\n                    <\/div>\r\n                    <div class = \"td-button td-item12\">\r\n                        <div class = \"td-border\"><\/div>\r\n                    <\/div>\r\n                    <div class = \"td-button td-item13\">\r\n                        <div class = \"td-border\"><\/div>\r\n                    <\/div>\r\n                            <\/div>\r\n                        <\/div>\r\n\r\n                    <\/div>\r\n\r\n                <\/div>\r\n                \n","protected":false},"excerpt":{"rendered":"<p>Realizado em 6 de junho, no antigo Cinema da Unigranrio, em Duque de Caxias, evento coordenado por Patr\u00edcia Pedro reuniu coautoras em uma cerim\u00f4nia marcada por emo\u00e7\u00e3o, ora\u00e7\u00e3o e valoriza\u00e7\u00e3o de cada hist\u00f3ria. DUQUE DE CAXIAS, RJ. Uma noite para celebrar hist\u00f3rias, reconhecer trajet\u00f3rias e lembrar que cada vida carrega marcas que tamb\u00e9m podem se [&hellip;]<\/p>\n","protected":false},"author":1,"featured_media":13366,"comment_status":"closed","ping_status":"closed","sticky":false,"template":"","format":"standard","meta":{"advgb_blocks_editor_width":"","advgb_blocks_columns_visual_guide":"","_monsterinsights_skip_tracking":false,"_monsterinsights_sitenote_active":false,"_monsterinsights_sitenote_note":"","_monsterinsights_sitenote_category":0,"footnotes":""},"categories":[176,175],"tags":[434],"class_list":["post-13352","post","type-post","status-publish","format-standard","has-post-thumbnail","category-cultura","category-destaque","tag-marcadas-lancamento"],"yoast_head":"<!-- This site is optimized with the Yoast SEO plugin v27.2 - https:\/\/yoast.com\/product\/yoast-seo-wordpress\/ -->\n<title>Marcadas: lan\u00e7amento de antologia celebra hist\u00f3rias de mulheres em noite de f\u00e9, acolhimento e reconhecimento - Ponto das Igrejas<\/title>\n<meta name=\"description\" content=\"Realizado em Duque de Caxias, evento coordenado por Patr\u00edcia Pedro reuniu coautoras em uma cerim\u00f4nia marcada por emo\u00e7\u00e3o, ora\u00e7\u00e3o e valoriza\u00e7\u00e3o de cada hist\u00f3ria.\" \/>\n<meta name=\"robots\" content=\"index, follow, max-snippet:-1, max-image-preview:large, max-video-preview:-1\" \/>\n<link rel=\"canonical\" href=\"https:\/\/pontodasigrejas.com\/news\/cultura\/marcadas-lancamento-de-antologia-celebra-historias-de-mulheres-em-noite-de-fe-acolhimento-e-reconhecimento\/\" \/>\n<meta property=\"og:locale\" content=\"pt_BR\" \/>\n<meta property=\"og:type\" content=\"article\" \/>\n<meta property=\"og:title\" content=\"Marcadas: lan\u00e7amento de antologia celebra hist\u00f3rias de mulheres em noite de f\u00e9, acolhimento e reconhecimento - Ponto das Igrejas\" \/>\n<meta property=\"og:description\" content=\"Realizado em Duque de Caxias, evento coordenado por Patr\u00edcia Pedro reuniu coautoras em uma cerim\u00f4nia marcada por emo\u00e7\u00e3o, ora\u00e7\u00e3o e valoriza\u00e7\u00e3o de cada hist\u00f3ria.\" \/>\n<meta property=\"og:url\" content=\"https:\/\/pontodasigrejas.com\/news\/cultura\/marcadas-lancamento-de-antologia-celebra-historias-de-mulheres-em-noite-de-fe-acolhimento-e-reconhecimento\/\" \/>\n<meta property=\"og:site_name\" content=\"Ponto das Igrejas\" \/>\n<meta property=\"article:publisher\" content=\"https:\/\/www.facebook.com\/pontodasigrejas\" \/>\n<meta property=\"article:author\" content=\"https:\/\/www.facebook.com\/pontodasigrejas\" \/>\n<meta property=\"article:published_time\" content=\"2026-08-10T23:59:39+00:00\" \/>\n<meta property=\"article:modified_time\" content=\"2026-08-11T00:05:24+00:00\" \/>\n<meta property=\"og:image\" content=\"https:\/\/pontodasigrejas.com\/news\/wp-content\/uploads\/2026\/08\/capa-mascada-21.jpg\" \/>\n\t<meta property=\"og:image:width\" content=\"1672\" \/>\n\t<meta property=\"og:image:height\" content=\"941\" \/>\n\t<meta property=\"og:image:type\" content=\"image\/jpeg\" \/>\n<meta name=\"author\" content=\"Johnny Prado\" \/>\n<meta name=\"twitter:card\" content=\"summary_large_image\" \/>\n<meta name=\"twitter:creator\" content=\"@pontodasigrejas\" \/>\n<meta name=\"twitter:site\" content=\"@pontodasigrejas\" \/>\n<meta name=\"twitter:label1\" content=\"Escrito por\" \/>\n\t<meta name=\"twitter:data1\" content=\"Johnny Prado\" \/>\n\t<meta name=\"twitter:label2\" content=\"Est. tempo de leitura\" \/>\n\t<meta name=\"twitter:data2\" content=\"8 minutos\" \/>\n<script type=\"application\/ld+json\" class=\"yoast-schema-graph\">{\"@context\":\"https:\/\/schema.org\",\"@graph\":[{\"@type\":\"Article\",\"@id\":\"https:\/\/pontodasigrejas.com\/news\/cultura\/marcadas-lancamento-de-antologia-celebra-historias-de-mulheres-em-noite-de-fe-acolhimento-e-reconhecimento\/#article\",\"isPartOf\":{\"@id\":\"https:\/\/pontodasigrejas.com\/news\/cultura\/marcadas-lancamento-de-antologia-celebra-historias-de-mulheres-em-noite-de-fe-acolhimento-e-reconhecimento\/\"},\"author\":{\"name\":\"Johnny Prado\",\"@id\":\"https:\/\/pontodasigrejas.com\/news\/#\/schema\/person\/224eaefaacae40e58259139b721deb39\"},\"headline\":\"Marcadas: lan\u00e7amento de antologia celebra hist\u00f3rias de mulheres em noite de f\u00e9, acolhimento e reconhecimento\",\"datePublished\":\"2026-08-10T23:59:39+00:00\",\"dateModified\":\"2026-08-11T00:05:24+00:00\",\"mainEntityOfPage\":{\"@id\":\"https:\/\/pontodasigrejas.com\/news\/cultura\/marcadas-lancamento-de-antologia-celebra-historias-de-mulheres-em-noite-de-fe-acolhimento-e-reconhecimento\/\"},\"wordCount\":1257,\"image\":{\"@id\":\"https:\/\/pontodasigrejas.com\/news\/cultura\/marcadas-lancamento-de-antologia-celebra-historias-de-mulheres-em-noite-de-fe-acolhimento-e-reconhecimento\/#primaryimage\"},\"thumbnailUrl\":\"https:\/\/pontodasigrejas.com\/news\/wp-content\/uploads\/2026\/08\/capa-mascada-21.jpg\",\"keywords\":[\"Marcadas Lan\u00e7amento\"],\"articleSection\":[\"Cultura\",\"Destaque\"],\"inLanguage\":\"pt-BR\"},{\"@type\":\"WebPage\",\"@id\":\"https:\/\/pontodasigrejas.com\/news\/cultura\/marcadas-lancamento-de-antologia-celebra-historias-de-mulheres-em-noite-de-fe-acolhimento-e-reconhecimento\/\",\"url\":\"https:\/\/pontodasigrejas.com\/news\/cultura\/marcadas-lancamento-de-antologia-celebra-historias-de-mulheres-em-noite-de-fe-acolhimento-e-reconhecimento\/\",\"name\":\"Marcadas: lan\u00e7amento de antologia celebra hist\u00f3rias de mulheres em noite de f\u00e9, acolhimento e reconhecimento - Ponto das Igrejas\",\"isPartOf\":{\"@id\":\"https:\/\/pontodasigrejas.com\/news\/#website\"},\"primaryImageOfPage\":{\"@id\":\"https:\/\/pontodasigrejas.com\/news\/cultura\/marcadas-lancamento-de-antologia-celebra-historias-de-mulheres-em-noite-de-fe-acolhimento-e-reconhecimento\/#primaryimage\"},\"image\":{\"@id\":\"https:\/\/pontodasigrejas.com\/news\/cultura\/marcadas-lancamento-de-antologia-celebra-historias-de-mulheres-em-noite-de-fe-acolhimento-e-reconhecimento\/#primaryimage\"},\"thumbnailUrl\":\"https:\/\/pontodasigrejas.com\/news\/wp-content\/uploads\/2026\/08\/capa-mascada-21.jpg\",\"datePublished\":\"2026-08-10T23:59:39+00:00\",\"dateModified\":\"2026-08-11T00:05:24+00:00\",\"author\":{\"@id\":\"https:\/\/pontodasigrejas.com\/news\/#\/schema\/person\/224eaefaacae40e58259139b721deb39\"},\"description\":\"Realizado em Duque de Caxias, evento coordenado por Patr\u00edcia Pedro reuniu coautoras em uma cerim\u00f4nia marcada por emo\u00e7\u00e3o, ora\u00e7\u00e3o e valoriza\u00e7\u00e3o de cada hist\u00f3ria.\",\"breadcrumb\":{\"@id\":\"https:\/\/pontodasigrejas.com\/news\/cultura\/marcadas-lancamento-de-antologia-celebra-historias-de-mulheres-em-noite-de-fe-acolhimento-e-reconhecimento\/#breadcrumb\"},\"inLanguage\":\"pt-BR\",\"potentialAction\":[{\"@type\":\"ReadAction\",\"target\":[\"https:\/\/pontodasigrejas.com\/news\/cultura\/marcadas-lancamento-de-antologia-celebra-historias-de-mulheres-em-noite-de-fe-acolhimento-e-reconhecimento\/\"]}]},{\"@type\":\"ImageObject\",\"inLanguage\":\"pt-BR\",\"@id\":\"https:\/\/pontodasigrejas.com\/news\/cultura\/marcadas-lancamento-de-antologia-celebra-historias-de-mulheres-em-noite-de-fe-acolhimento-e-reconhecimento\/#primaryimage\",\"url\":\"https:\/\/pontodasigrejas.com\/news\/wp-content\/uploads\/2026\/08\/capa-mascada-21.jpg\",\"contentUrl\":\"https:\/\/pontodasigrejas.com\/news\/wp-content\/uploads\/2026\/08\/capa-mascada-21.jpg\",\"width\":1672,\"height\":941,\"caption\":\"Lan\u00e7amento do Livro Marcadas realizada no antigo cinema da uniGranrio em Duque de Caxias\"},{\"@type\":\"BreadcrumbList\",\"@id\":\"https:\/\/pontodasigrejas.com\/news\/cultura\/marcadas-lancamento-de-antologia-celebra-historias-de-mulheres-em-noite-de-fe-acolhimento-e-reconhecimento\/#breadcrumb\",\"itemListElement\":[{\"@type\":\"ListItem\",\"position\":1,\"name\":\"Home\",\"item\":\"https:\/\/pontodasigrejas.com\/news\/\"},{\"@type\":\"ListItem\",\"position\":2,\"name\":\"Marcadas: lan\u00e7amento de antologia celebra hist\u00f3rias de mulheres em noite de f\u00e9, acolhimento e reconhecimento\"}]},{\"@type\":\"WebSite\",\"@id\":\"https:\/\/pontodasigrejas.com\/news\/#website\",\"url\":\"https:\/\/pontodasigrejas.com\/news\/\",\"name\":\"Ponto das Igrejas\",\"description\":\"Seu portal de not\u00edcias gospel\",\"potentialAction\":[{\"@type\":\"SearchAction\",\"target\":{\"@type\":\"EntryPoint\",\"urlTemplate\":\"https:\/\/pontodasigrejas.com\/news\/?s={search_term_string}\"},\"query-input\":{\"@type\":\"PropertyValueSpecification\",\"valueRequired\":true,\"valueName\":\"search_term_string\"}}],\"inLanguage\":\"pt-BR\"},{\"@type\":\"Person\",\"@id\":\"https:\/\/pontodasigrejas.com\/news\/#\/schema\/person\/224eaefaacae40e58259139b721deb39\",\"name\":\"Johnny Prado\",\"image\":{\"@type\":\"ImageObject\",\"inLanguage\":\"pt-BR\",\"@id\":\"https:\/\/secure.gravatar.com\/avatar\/929f5bdc8b85fc0c753c9dc19c22deafd0da06e3d450dd8067c0c092d4f0e4e8?s=96&d=mm&r=g\",\"url\":\"https:\/\/secure.gravatar.com\/avatar\/929f5bdc8b85fc0c753c9dc19c22deafd0da06e3d450dd8067c0c092d4f0e4e8?s=96&d=mm&r=g\",\"contentUrl\":\"https:\/\/secure.gravatar.com\/avatar\/929f5bdc8b85fc0c753c9dc19c22deafd0da06e3d450dd8067c0c092d4f0e4e8?s=96&d=mm&r=g\",\"caption\":\"Johnny Prado\"},\"description\":\"Editor-chefe e fundador do Ponto das Igrejas. Jornalista Empresarial, Fot\u00f3grafo de eventos e especializado em Marketing Digital.\",\"sameAs\":[\"https:\/\/pontodasigrejas.com.br\/news\",\"https:\/\/www.facebook.com\/pontodasigrejas\",\"https:\/\/www.instagram.com\/pontodasigrejas\",\"https:\/\/x.com\/pontodasigrejas\"],\"url\":\"https:\/\/pontodasigrejas.com\/news\/author\/pontodasigrejas\/\"}]}<\/script>\n<!-- \/ Yoast SEO plugin. -->","yoast_head_json":{"title":"Marcadas: lan\u00e7amento de antologia celebra hist\u00f3rias de mulheres em noite de f\u00e9, acolhimento e reconhecimento - Ponto das Igrejas","description":"Realizado em Duque de Caxias, evento coordenado por Patr\u00edcia Pedro reuniu coautoras em uma cerim\u00f4nia marcada por emo\u00e7\u00e3o, ora\u00e7\u00e3o e valoriza\u00e7\u00e3o de cada hist\u00f3ria.","robots":{"index":"index","follow":"follow","max-snippet":"max-snippet:-1","max-image-preview":"max-image-preview:large","max-video-preview":"max-video-preview:-1"},"canonical":"https:\/\/pontodasigrejas.com\/news\/cultura\/marcadas-lancamento-de-antologia-celebra-historias-de-mulheres-em-noite-de-fe-acolhimento-e-reconhecimento\/","og_locale":"pt_BR","og_type":"article","og_title":"Marcadas: lan\u00e7amento de antologia celebra hist\u00f3rias de mulheres em noite de f\u00e9, acolhimento e reconhecimento - Ponto das Igrejas","og_description":"Realizado em Duque de Caxias, evento coordenado por Patr\u00edcia Pedro reuniu coautoras em uma cerim\u00f4nia marcada por emo\u00e7\u00e3o, ora\u00e7\u00e3o e valoriza\u00e7\u00e3o de cada hist\u00f3ria.","og_url":"https:\/\/pontodasigrejas.com\/news\/cultura\/marcadas-lancamento-de-antologia-celebra-historias-de-mulheres-em-noite-de-fe-acolhimento-e-reconhecimento\/","og_site_name":"Ponto das Igrejas","article_publisher":"https:\/\/www.facebook.com\/pontodasigrejas","article_author":"https:\/\/www.facebook.com\/pontodasigrejas","article_published_time":"2026-08-10T23:59:39+00:00","article_modified_time":"2026-08-11T00:05:24+00:00","og_image":[{"width":1672,"height":941,"url":"https:\/\/pontodasigrejas.com\/news\/wp-content\/uploads\/2026\/08\/capa-mascada-21.jpg","type":"image\/jpeg"}],"author":"Johnny Prado","twitter_card":"summary_large_image","twitter_creator":"@pontodasigrejas","twitter_site":"@pontodasigrejas","twitter_misc":{"Escrito por":"Johnny Prado","Est. tempo de leitura":"8 minutos"},"schema":{"@context":"https:\/\/schema.org","@graph":[{"@type":"Article","@id":"https:\/\/pontodasigrejas.com\/news\/cultura\/marcadas-lancamento-de-antologia-celebra-historias-de-mulheres-em-noite-de-fe-acolhimento-e-reconhecimento\/#article","isPartOf":{"@id":"https:\/\/pontodasigrejas.com\/news\/cultura\/marcadas-lancamento-de-antologia-celebra-historias-de-mulheres-em-noite-de-fe-acolhimento-e-reconhecimento\/"},"author":{"name":"Johnny Prado","@id":"https:\/\/pontodasigrejas.com\/news\/#\/schema\/person\/224eaefaacae40e58259139b721deb39"},"headline":"Marcadas: lan\u00e7amento de antologia celebra hist\u00f3rias de mulheres em noite de f\u00e9, acolhimento e reconhecimento","datePublished":"2026-08-10T23:59:39+00:00","dateModified":"2026-08-11T00:05:24+00:00","mainEntityOfPage":{"@id":"https:\/\/pontodasigrejas.com\/news\/cultura\/marcadas-lancamento-de-antologia-celebra-historias-de-mulheres-em-noite-de-fe-acolhimento-e-reconhecimento\/"},"wordCount":1257,"image":{"@id":"https:\/\/pontodasigrejas.com\/news\/cultura\/marcadas-lancamento-de-antologia-celebra-historias-de-mulheres-em-noite-de-fe-acolhimento-e-reconhecimento\/#primaryimage"},"thumbnailUrl":"https:\/\/pontodasigrejas.com\/news\/wp-content\/uploads\/2026\/08\/capa-mascada-21.jpg","keywords":["Marcadas Lan\u00e7amento"],"articleSection":["Cultura","Destaque"],"inLanguage":"pt-BR"},{"@type":"WebPage","@id":"https:\/\/pontodasigrejas.com\/news\/cultura\/marcadas-lancamento-de-antologia-celebra-historias-de-mulheres-em-noite-de-fe-acolhimento-e-reconhecimento\/","url":"https:\/\/pontodasigrejas.com\/news\/cultura\/marcadas-lancamento-de-antologia-celebra-historias-de-mulheres-em-noite-de-fe-acolhimento-e-reconhecimento\/","name":"Marcadas: lan\u00e7amento de antologia celebra hist\u00f3rias de mulheres em noite de f\u00e9, acolhimento e reconhecimento - Ponto das Igrejas","isPartOf":{"@id":"https:\/\/pontodasigrejas.com\/news\/#website"},"primaryImageOfPage":{"@id":"https:\/\/pontodasigrejas.com\/news\/cultura\/marcadas-lancamento-de-antologia-celebra-historias-de-mulheres-em-noite-de-fe-acolhimento-e-reconhecimento\/#primaryimage"},"image":{"@id":"https:\/\/pontodasigrejas.com\/news\/cultura\/marcadas-lancamento-de-antologia-celebra-historias-de-mulheres-em-noite-de-fe-acolhimento-e-reconhecimento\/#primaryimage"},"thumbnailUrl":"https:\/\/pontodasigrejas.com\/news\/wp-content\/uploads\/2026\/08\/capa-mascada-21.jpg","datePublished":"2026-08-10T23:59:39+00:00","dateModified":"2026-08-11T00:05:24+00:00","author":{"@id":"https:\/\/pontodasigrejas.com\/news\/#\/schema\/person\/224eaefaacae40e58259139b721deb39"},"description":"Realizado em Duque de Caxias, evento coordenado por Patr\u00edcia Pedro reuniu coautoras em uma cerim\u00f4nia marcada por emo\u00e7\u00e3o, ora\u00e7\u00e3o e valoriza\u00e7\u00e3o de cada hist\u00f3ria.","breadcrumb":{"@id":"https:\/\/pontodasigrejas.com\/news\/cultura\/marcadas-lancamento-de-antologia-celebra-historias-de-mulheres-em-noite-de-fe-acolhimento-e-reconhecimento\/#breadcrumb"},"inLanguage":"pt-BR","potentialAction":[{"@type":"ReadAction","target":["https:\/\/pontodasigrejas.com\/news\/cultura\/marcadas-lancamento-de-antologia-celebra-historias-de-mulheres-em-noite-de-fe-acolhimento-e-reconhecimento\/"]}]},{"@type":"ImageObject","inLanguage":"pt-BR","@id":"https:\/\/pontodasigrejas.com\/news\/cultura\/marcadas-lancamento-de-antologia-celebra-historias-de-mulheres-em-noite-de-fe-acolhimento-e-reconhecimento\/#primaryimage","url":"https:\/\/pontodasigrejas.com\/news\/wp-content\/uploads\/2026\/08\/capa-mascada-21.jpg","contentUrl":"https:\/\/pontodasigrejas.com\/news\/wp-content\/uploads\/2026\/08\/capa-mascada-21.jpg","width":1672,"height":941,"caption":"Lan\u00e7amento do Livro Marcadas realizada no antigo cinema da uniGranrio em Duque de Caxias"},{"@type":"BreadcrumbList","@id":"https:\/\/pontodasigrejas.com\/news\/cultura\/marcadas-lancamento-de-antologia-celebra-historias-de-mulheres-em-noite-de-fe-acolhimento-e-reconhecimento\/#breadcrumb","itemListElement":[{"@type":"ListItem","position":1,"name":"Home","item":"https:\/\/pontodasigrejas.com\/news\/"},{"@type":"ListItem","position":2,"name":"Marcadas: lan\u00e7amento de antologia celebra hist\u00f3rias de mulheres em noite de f\u00e9, acolhimento e reconhecimento"}]},{"@type":"WebSite","@id":"https:\/\/pontodasigrejas.com\/news\/#website","url":"https:\/\/pontodasigrejas.com\/news\/","name":"Ponto das Igrejas","description":"Seu portal de not\u00edcias gospel","potentialAction":[{"@type":"SearchAction","target":{"@type":"EntryPoint","urlTemplate":"https:\/\/pontodasigrejas.com\/news\/?s={search_term_string}"},"query-input":{"@type":"PropertyValueSpecification","valueRequired":true,"valueName":"search_term_string"}}],"inLanguage":"pt-BR"},{"@type":"Person","@id":"https:\/\/pontodasigrejas.com\/news\/#\/schema\/person\/224eaefaacae40e58259139b721deb39","name":"Johnny Prado","image":{"@type":"ImageObject","inLanguage":"pt-BR","@id":"https:\/\/secure.gravatar.com\/avatar\/929f5bdc8b85fc0c753c9dc19c22deafd0da06e3d450dd8067c0c092d4f0e4e8?s=96&d=mm&r=g","url":"https:\/\/secure.gravatar.com\/avatar\/929f5bdc8b85fc0c753c9dc19c22deafd0da06e3d450dd8067c0c092d4f0e4e8?s=96&d=mm&r=g","contentUrl":"https:\/\/secure.gravatar.com\/avatar\/929f5bdc8b85fc0c753c9dc19c22deafd0da06e3d450dd8067c0c092d4f0e4e8?s=96&d=mm&r=g","caption":"Johnny Prado"},"description":"Editor-chefe e fundador do Ponto das Igrejas. Jornalista Empresarial, Fot\u00f3grafo de eventos e especializado em Marketing Digital.","sameAs":["https:\/\/pontodasigrejas.com.br\/news","https:\/\/www.facebook.com\/pontodasigrejas","https:\/\/www.instagram.com\/pontodasigrejas","https:\/\/x.com\/pontodasigrejas"],"url":"https:\/\/pontodasigrejas.com\/news\/author\/pontodasigrejas\/"}]}},"author_meta":{"display_name":"Johnny Prado","author_link":"https:\/\/pontodasigrejas.com\/news\/author\/pontodasigrejas\/"},"featured_img":"https:\/\/pontodasigrejas.com\/news\/wp-content\/uploads\/2026\/08\/capa-mascada-21-300x169.jpg","coauthors":[],"tax_additional":{"categories":{"linked":["<a href=\"https:\/\/pontodasigrejas.com\/news\/cultura\/\" class=\"advgb-post-tax-term\">Cultura<\/a>","<a href=\"https:\/\/pontodasigrejas.com\/news\/destaque\/\" class=\"advgb-post-tax-term\">Destaque<\/a>"],"unlinked":["<span class=\"advgb-post-tax-term\">Cultura<\/span>","<span class=\"advgb-post-tax-term\">Destaque<\/span>"]},"tags":{"linked":["<a href=\"https:\/\/pontodasigrejas.com\/news\/destaque\/\" class=\"advgb-post-tax-term\">Marcadas Lan\u00e7amento<\/a>"],"unlinked":["<span class=\"advgb-post-tax-term\">Marcadas Lan\u00e7amento<\/span>"]}},"comment_count":"0","relative_dates":{"created":"Posted 4 semanas ago","modified":"Updated 4 semanas ago"},"absolute_dates":{"created":"Posted on agosto 10, 2026","modified":"Updated on agosto 10, 2026"},"absolute_dates_time":{"created":"Posted on agosto 10, 2026 8:59 pm","modified":"Updated on agosto 10, 2026 9:05 pm"},"featured_img_caption":"Lan\u00e7amento do Livro Marcadas realizada no antigo cinema da uniGranrio em Duque de Caxias","series_order":"","_links":{"self":[{"href":"https:\/\/pontodasigrejas.com\/news\/wp-json\/wp\/v2\/posts\/13352","targetHints":{"allow":["GET"]}}],"collection":[{"href":"https:\/\/pontodasigrejas.com\/news\/wp-json\/wp\/v2\/posts"}],"about":[{"href":"https:\/\/pontodasigrejas.com\/news\/wp-json\/wp\/v2\/types\/post"}],"author":[{"embeddable":true,"href":"https:\/\/pontodasigrejas.com\/news\/wp-json\/wp\/v2\/users\/1"}],"replies":[{"embeddable":true,"href":"https:\/\/pontodasigrejas.com\/news\/wp-json\/wp\/v2\/comments?post=13352"}],"version-history":[{"count":3,"href":"https:\/\/pontodasigrejas.com\/news\/wp-json\/wp\/v2\/posts\/13352\/revisions"}],"predecessor-version":[{"id":13370,"href":"https:\/\/pontodasigrejas.com\/news\/wp-json\/wp\/v2\/posts\/13352\/revisions\/13370"}],"wp:featuredmedia":[{"embeddable":true,"href":"https:\/\/pontodasigrejas.com\/news\/wp-json\/wp\/v2\/media\/13366"}],"wp:attachment":[{"href":"https:\/\/pontodasigrejas.com\/news\/wp-json\/wp\/v2\/media?parent=13352"}],"wp:term":[{"taxonomy":"category","embeddable":true,"href":"https:\/\/pontodasigrejas.com\/news\/wp-json\/wp\/v2\/categories?post=13352"},{"taxonomy":"post_tag","embeddable":true,"href":"https:\/\/pontodasigrejas.com\/news\/wp-json\/wp\/v2\/tags?post=13352"}],"curies":[{"name":"wp","href":"https:\/\/api.w.org\/{rel}","templated":true}]}}