{"id":13372,"date":"2026-08-18T15:55:14","date_gmt":"2026-08-18T18:55:14","guid":{"rendered":"https:\/\/pontodasigrejas.com\/news\/?p=13372"},"modified":"2026-08-18T15:55:14","modified_gmt":"2026-08-18T18:55:14","slug":"copazo-reune-pastores-e-lideres-em-noite-de-comunhao-e-fortalecimento-ministerial-em-campo-grande","status":"publish","type":"post","link":"https:\/\/pontodasigrejas.com\/news\/brasil\/copazo-reune-pastores-e-lideres-em-noite-de-comunhao-e-fortalecimento-ministerial-em-campo-grande\/","title":{"rendered":"COPAZO re\u00fane pastores e l\u00edderes em noite de comunh\u00e3o e fortalecimento ministerial em Campo Grande"},"content":{"rendered":"<p>O Conselho de Pastores da Zona Oeste (COPAZO) realizou, na noite desta segunda-feira (17), mais uma reuni\u00e3o de pastores e l\u00edderes, reunindo representantes de diferentes igrejas e organiza\u00e7\u00f5es crist\u00e3s em um momento de comunh\u00e3o, ora\u00e7\u00e3o, aprendizado e fortalecimento ministerial.<\/p>\n<p>O encontro aconteceu na Igreja Evang\u00e9lica Maranata de Campo Grande, que recebeu a programa\u00e7\u00e3o do COPAZO e abriu suas portas para acolher pastores e l\u00edderes da regi\u00e3o.<\/p>\n<p>\u00c0 frente do COPAZO est\u00e1 o Pr. Marcos Adeu, presidente do conselho e pastor s\u00eanior da Assembleia de Deus de Jardim Palmares. Sob sua lideran\u00e7a, o COPAZO tem promovido encontros com o objetivo de aproximar lideran\u00e7as, fortalecer relacionamentos e estimular a unidade entre pastores e igrejas da Zona Oeste do Rio de Janeiro.<\/p>\n<p>A reuni\u00e3o desta segunda-feira refor\u00e7ou justamente essa proposta: criar um ambiente em que l\u00edderes possam estar juntos, compartilhar experi\u00eancias e encontrar encorajamento para os desafios da caminhada ministerial.<\/p>\n<p>O encontro contou com a presen\u00e7a do Bispo Wilson Teixeira, presidente da Alian\u00e7a de Pastores e Obreiros, e do Pr. Paulo Perrotti, presidente do CRIM \u2014 Conselho Regional Interdenominacional de Ministros.<\/p>\n<figure id=\"attachment_13437\" aria-describedby=\"caption-attachment-13437\" style=\"width: 1240px\" class=\"wp-caption alignnone\"><a href=\"https:\/\/pontodasigrejas.com\/news\/wp-content\/uploads\/2026\/08\/DSC_0328.jpg\"><img loading=\"lazy\" decoding=\"async\" class=\"size-full wp-image-13437\" src=\"https:\/\/pontodasigrejas.com\/news\/wp-content\/uploads\/2026\/08\/DSC_0328.jpg\" alt=\"\" width=\"1240\" height=\"827\" srcset=\"https:\/\/pontodasigrejas.com\/news\/wp-content\/uploads\/2026\/08\/DSC_0328.jpg 1240w, https:\/\/pontodasigrejas.com\/news\/wp-content\/uploads\/2026\/08\/DSC_0328-300x200.jpg 300w, https:\/\/pontodasigrejas.com\/news\/wp-content\/uploads\/2026\/08\/DSC_0328-1024x683.jpg 1024w, https:\/\/pontodasigrejas.com\/news\/wp-content\/uploads\/2026\/08\/DSC_0328-768x512.jpg 768w, https:\/\/pontodasigrejas.com\/news\/wp-content\/uploads\/2026\/08\/DSC_0328-150x100.jpg 150w, https:\/\/pontodasigrejas.com\/news\/wp-content\/uploads\/2026\/08\/DSC_0328-696x464.jpg 696w, https:\/\/pontodasigrejas.com\/news\/wp-content\/uploads\/2026\/08\/DSC_0328-1068x712.jpg 1068w, https:\/\/pontodasigrejas.com\/news\/wp-content\/uploads\/2026\/08\/DSC_0328-600x400.jpg 600w\" sizes=\"auto, (max-width: 1240px) 100vw, 1240px\" \/><\/a><figcaption id=\"caption-attachment-13437\" class=\"wp-caption-text\">Da esquerda para a direita: Pastor Paulo Perrotti, presidente do CRIM; Bispo Wilson Teixeira, da Alian\u00e7a de Pastores e Obreiros; e Pastor Marcos Tadeu, presidente do COPAZO.<\/figcaption><\/figure>\n<p>A participa\u00e7\u00e3o das lideran\u00e7as refor\u00e7ou o car\u00e1ter de comunh\u00e3o e coopera\u00e7\u00e3o do encontro. Mais do que reunir pastores de uma mesma organiza\u00e7\u00e3o, a programa\u00e7\u00e3o proporcionou um espa\u00e7o de aproxima\u00e7\u00e3o entre diferentes conselhos e lideran\u00e7as crist\u00e3s.<\/p>\n<h2><strong>Sorteio de brindes marca in\u00edcio da programa\u00e7\u00e3o<\/strong><\/h2>\n<p>Antes da ministra\u00e7\u00e3o da Palavra, os participantes tiveram um momento de descontra\u00e7\u00e3o e confraterniza\u00e7\u00e3o com um sorteio de brindes.<\/p>\n<figure id=\"attachment_13439\" aria-describedby=\"caption-attachment-13439\" style=\"width: 1240px\" class=\"wp-caption alignnone\"><a href=\"https:\/\/pontodasigrejas.com\/news\/wp-content\/uploads\/2026\/08\/DSC_0143-Aprimorado-NR.jpg\"><img loading=\"lazy\" decoding=\"async\" class=\"size-full wp-image-13439\" src=\"https:\/\/pontodasigrejas.com\/news\/wp-content\/uploads\/2026\/08\/DSC_0143-Aprimorado-NR.jpg\" alt=\"\" width=\"1240\" height=\"827\" srcset=\"https:\/\/pontodasigrejas.com\/news\/wp-content\/uploads\/2026\/08\/DSC_0143-Aprimorado-NR.jpg 1240w, https:\/\/pontodasigrejas.com\/news\/wp-content\/uploads\/2026\/08\/DSC_0143-Aprimorado-NR-300x200.jpg 300w, https:\/\/pontodasigrejas.com\/news\/wp-content\/uploads\/2026\/08\/DSC_0143-Aprimorado-NR-1024x683.jpg 1024w, https:\/\/pontodasigrejas.com\/news\/wp-content\/uploads\/2026\/08\/DSC_0143-Aprimorado-NR-768x512.jpg 768w, https:\/\/pontodasigrejas.com\/news\/wp-content\/uploads\/2026\/08\/DSC_0143-Aprimorado-NR-150x100.jpg 150w, https:\/\/pontodasigrejas.com\/news\/wp-content\/uploads\/2026\/08\/DSC_0143-Aprimorado-NR-696x464.jpg 696w, https:\/\/pontodasigrejas.com\/news\/wp-content\/uploads\/2026\/08\/DSC_0143-Aprimorado-NR-1068x712.jpg 1068w, https:\/\/pontodasigrejas.com\/news\/wp-content\/uploads\/2026\/08\/DSC_0143-Aprimorado-NR-600x400.jpg 600w\" sizes=\"auto, (max-width: 1240px) 100vw, 1240px\" \/><\/a><figcaption id=\"caption-attachment-13439\" class=\"wp-caption-text\">A Mega Disconildo de Campo Grande sorteu um microfone sem fio na reuni\u00e3o do COPAZO. Foto: @pontodasigrejas<\/figcaption><\/figure>\n<p>Entre os presentes sorteados estavam livros e um microfone sem fio, oferecido pela Mega Disconildo de Campo Grande, que apoiou a programa\u00e7\u00e3o da noite.<\/p>\n<p><span style=\"color: #222222; font-size: 15px;\">O momento proporcionou intera\u00e7\u00e3o entre os participantes e preparou o ambiente para a mensagem que seria compartilhada na sequ\u00eancia.<\/span><\/p>\n<h2><strong>Pr. Davi Silveira leva l\u00edderes a uma reflex\u00e3o sobre Jesus no Gets\u00eamani<\/strong><\/h2>\n<p>O momento central da reuni\u00e3o foi a ministra\u00e7\u00e3o do Pr. Davi Silveira, que conduziu os presentes a uma reflex\u00e3o sobre uma das passagens mais intensas da trajet\u00f3ria de Jesus: sua experi\u00eancia no Jardim do Gets\u00eamani.<\/p>\n<figure id=\"attachment_13412\" aria-describedby=\"caption-attachment-13412\" style=\"width: 1240px\" class=\"wp-caption alignnone\"><a href=\"https:\/\/pontodasigrejas.com\/news\/wp-content\/uploads\/2026\/08\/DSC_0245-Aprimorado-NR.jpg\"><img loading=\"lazy\" decoding=\"async\" class=\"size-full wp-image-13412\" src=\"https:\/\/pontodasigrejas.com\/news\/wp-content\/uploads\/2026\/08\/DSC_0245-Aprimorado-NR.jpg\" alt=\"\" width=\"1240\" height=\"827\" srcset=\"https:\/\/pontodasigrejas.com\/news\/wp-content\/uploads\/2026\/08\/DSC_0245-Aprimorado-NR.jpg 1240w, https:\/\/pontodasigrejas.com\/news\/wp-content\/uploads\/2026\/08\/DSC_0245-Aprimorado-NR-300x200.jpg 300w, https:\/\/pontodasigrejas.com\/news\/wp-content\/uploads\/2026\/08\/DSC_0245-Aprimorado-NR-1024x683.jpg 1024w, https:\/\/pontodasigrejas.com\/news\/wp-content\/uploads\/2026\/08\/DSC_0245-Aprimorado-NR-768x512.jpg 768w, https:\/\/pontodasigrejas.com\/news\/wp-content\/uploads\/2026\/08\/DSC_0245-Aprimorado-NR-150x100.jpg 150w, https:\/\/pontodasigrejas.com\/news\/wp-content\/uploads\/2026\/08\/DSC_0245-Aprimorado-NR-696x464.jpg 696w, https:\/\/pontodasigrejas.com\/news\/wp-content\/uploads\/2026\/08\/DSC_0245-Aprimorado-NR-1068x712.jpg 1068w, https:\/\/pontodasigrejas.com\/news\/wp-content\/uploads\/2026\/08\/DSC_0245-Aprimorado-NR-600x400.jpg 600w\" sizes=\"auto, (max-width: 1240px) 100vw, 1240px\" \/><\/a><figcaption id=\"caption-attachment-13412\" class=\"wp-caption-text\">Pastor Davi Silveira foi o preletor da noite.<\/figcaption><\/figure>\n<p>A mensagem teve como refer\u00eancia principal o relato de Lucas 22:44:<\/p>\n<p>\u201cE, posto em agonia, orava mais intensamente. E o seu suor tornou-se como grandes gotas de sangue, que corriam at\u00e9 ao ch\u00e3o.\u201d<\/p>\n<p>A partir do texto, o Pr. Davi Silveira destacou os momentos de ora\u00e7\u00e3o, ang\u00fastia e sofrimento enfrentados por Jesus antes de sua pris\u00e3o e crucifica\u00e7\u00e3o.<\/p>\n<p>Um dos pontos ressaltados foi a maneira como o evangelista Lucas descreve aquele momento. Tradicionalmente identificado como m\u00e9dico, Lucas apresenta em seu relato uma descri\u00e7\u00e3o particularmente expressiva da agonia de Jesus, mencionando que seu suor se tornou \u201ccomo grandes gotas de sangue\u201d.<\/p>\n<p>A mensagem chamou a aten\u00e7\u00e3o dos l\u00edderes para o fato de que Jesus, mesmo diante de uma miss\u00e3o que conhecia e de um prop\u00f3sito que precisava cumprir, passou por um momento de profunda ang\u00fastia.<\/p>\n<p>E, diante daquela realidade, Jesus orou mais intensamente.<\/p>\n<h2><strong>Quando somente voc\u00ea sabe o que est\u00e1 passando<\/strong><\/h2>\n<p>A reflex\u00e3o trouxe uma aplica\u00e7\u00e3o direta \u00e0 vida daqueles que exercem lideran\u00e7a.<\/p>\n<p>O Pr. Davi Silveira destacou que existem momentos na caminhada em que somente o pr\u00f3prio l\u00edder sabe o que est\u00e1 passando.<\/p>\n<p>S\u00e3o situa\u00e7\u00f5es \u00edntimas, dores, preocupa\u00e7\u00f5es, ang\u00fastias e desafios que nem sempre podem ser explicados ou compartilhados com todos. H\u00e1 momentos em que as pessoas ao redor n\u00e3o conseguem compreender a dimens\u00e3o daquilo que est\u00e1 sendo vivido.<\/p>\n<p>Mas Deus conhece.<\/p>\n<p>A experi\u00eancia de Jesus no Gets\u00eamani mostrou aos participantes que, diante de momentos de sofrimento e incerteza, a resposta deve continuar sendo a busca pela presen\u00e7a de Deus.<\/p>\n<p>A mensagem refor\u00e7ou que o l\u00edder n\u00e3o pode deixar de orar justamente quando atravessa os per\u00edodos mais dif\u00edceis.<\/p>\n<h2><strong>At\u00e9 o l\u00edder precisa de cobertura<\/strong><\/h2>\n<p>Outro ponto marcante da mensagem foi a presen\u00e7a de Pedro, Tiago e Jo\u00e3o naquele epis\u00f3dio.<\/p>\n<p>Jesus chamou os tr\u00eas disc\u00edpulos para estarem pr\u00f3ximos enquanto enfrentava aquele momento de profunda agonia.<\/p>\n<p>A partir dessa passagem, o Pr. Davi Silveira destacou uma importante li\u00e7\u00e3o para aqueles que est\u00e3o \u00e0 frente de igrejas e minist\u00e9rios: o l\u00edder tamb\u00e9m precisa de cobertura.<\/p>\n<p>Pastores e l\u00edderes costumam ser procurados para orar, aconselhar, cuidar e fortalecer outras pessoas. Entretanto, isso n\u00e3o significa que estejam isentos de suas pr\u00f3prias lutas.<\/p>\n<p>Eles tamb\u00e9m precisam de pessoas que estejam ao seu lado.<\/p>\n<p>Precisam de quem ore por eles.<\/p>\n<p>Precisam de quem permane\u00e7a pr\u00f3ximo nos momentos dif\u00edceis.<\/p>\n<p>E precisam reconhecer que buscar ajuda e cobertura espiritual n\u00e3o representa fraqueza, mas demonstra que a caminhada crist\u00e3 \u00e9 constru\u00edda em comunh\u00e3o.<\/p>\n<p>A noite desta segunda-feira deixou uma mensagem especialmente significativa para aqueles que carregam a responsabilidade de liderar: h\u00e1 momentos em que somente voc\u00ea sabe o que est\u00e1 passando, mas Deus sabe; e h\u00e1 momentos em que, al\u00e9m de buscar a Deus, o l\u00edder tamb\u00e9m precisa permitir que outros estejam ao seu lado em ora\u00e7\u00e3o.<\/p>\n<figure id=\"attachment_13429\" aria-describedby=\"caption-attachment-13429\" style=\"width: 1240px\" class=\"wp-caption alignnone\"><a href=\"https:\/\/pontodasigrejas.com\/news\/wp-content\/uploads\/2026\/08\/DSC_0300-Aprimorado-NR.jpg\"><img loading=\"lazy\" decoding=\"async\" class=\"size-full wp-image-13429\" src=\"https:\/\/pontodasigrejas.com\/news\/wp-content\/uploads\/2026\/08\/DSC_0300-Aprimorado-NR.jpg\" alt=\"\" width=\"1240\" height=\"827\" srcset=\"https:\/\/pontodasigrejas.com\/news\/wp-content\/uploads\/2026\/08\/DSC_0300-Aprimorado-NR.jpg 1240w, https:\/\/pontodasigrejas.com\/news\/wp-content\/uploads\/2026\/08\/DSC_0300-Aprimorado-NR-300x200.jpg 300w, https:\/\/pontodasigrejas.com\/news\/wp-content\/uploads\/2026\/08\/DSC_0300-Aprimorado-NR-1024x683.jpg 1024w, https:\/\/pontodasigrejas.com\/news\/wp-content\/uploads\/2026\/08\/DSC_0300-Aprimorado-NR-768x512.jpg 768w, https:\/\/pontodasigrejas.com\/news\/wp-content\/uploads\/2026\/08\/DSC_0300-Aprimorado-NR-150x100.jpg 150w, https:\/\/pontodasigrejas.com\/news\/wp-content\/uploads\/2026\/08\/DSC_0300-Aprimorado-NR-696x464.jpg 696w, https:\/\/pontodasigrejas.com\/news\/wp-content\/uploads\/2026\/08\/DSC_0300-Aprimorado-NR-1068x712.jpg 1068w, https:\/\/pontodasigrejas.com\/news\/wp-content\/uploads\/2026\/08\/DSC_0300-Aprimorado-NR-600x400.jpg 600w\" sizes=\"auto, (max-width: 1240px) 100vw, 1240px\" \/><\/a><figcaption id=\"caption-attachment-13429\" class=\"wp-caption-text\">Encontro promovido pelo Conselho de Pastores da Zona Oeste aconteceu na Igreja Evang\u00e9lica Maranata de Campo Grande e reuniu lideran\u00e7as de diferentes organiza\u00e7\u00f5es crist\u00e3s. Foto: @pontodasigrejas<\/figcaption><\/figure>\n<p>No Gets\u00eamani, Jesus ensinou sobre intensidade na ora\u00e7\u00e3o em meio \u00e0 agonia. Na reuni\u00e3o do COPAZO, essa mesma passagem se transformou em um chamado aos l\u00edderes: <strong>orar mais, depender mais de Deus e caminhar em comunh\u00e3o, reconhecendo que at\u00e9 quem lidera precisa de cuidado e cobertura.<\/strong><\/p>\n<p>A unidade fortalece a Igreja. A comunh\u00e3o fortalece os l\u00edderes.<\/p>\n<p><strong>CONFIRA AS FOTOS<\/strong><\/p>\n\r\n                <style type=\"text\/css\">\r\n                    \r\n                    #tdi_1  .td-doubleSlider-2 .td-item1 {\r\n                        background: url(https:\/\/pontodasigrejas.com\/news\/wp-content\/uploads\/2026\/08\/DSC_0008-Aprimorado-NR.jpg) 0 0 no-repeat;\r\n                    }\r\n                    #tdi_1  .td-doubleSlider-2 .td-item2 {\r\n                        background: url(https:\/\/pontodasigrejas.com\/news\/wp-content\/uploads\/2026\/08\/DSC_0020.jpg) 0 0 no-repeat;\r\n                    }\r\n                    #tdi_1  .td-doubleSlider-2 .td-item3 {\r\n                        background: url(https:\/\/pontodasigrejas.com\/news\/wp-content\/uploads\/2026\/08\/DSC_0024.jpg) 0 0 no-repeat;\r\n                    }\r\n                    #tdi_1  .td-doubleSlider-2 .td-item4 {\r\n                        background: url(https:\/\/pontodasigrejas.com\/news\/wp-content\/uploads\/2026\/08\/DSC_0027.jpg) 0 0 no-repeat;\r\n                    }\r\n                    #tdi_1  .td-doubleSlider-2 .td-item5 {\r\n                        background: url(https:\/\/pontodasigrejas.com\/news\/wp-content\/uploads\/2026\/08\/DSC_0028.jpg) 0 0 no-repeat;\r\n                    }\r\n                    #tdi_1  .td-doubleSlider-2 .td-item6 {\r\n                        background: url(https:\/\/pontodasigrejas.com\/news\/wp-content\/uploads\/2026\/08\/DSC_0036.jpg) 0 0 no-repeat;\r\n                    }\r\n                    #tdi_1  .td-doubleSlider-2 .td-item7 {\r\n                        background: url(https:\/\/pontodasigrejas.com\/news\/wp-content\/uploads\/2026\/08\/DSC_0053.jpg) 0 0 no-repeat;\r\n                    }\r\n                    #tdi_1  .td-doubleSlider-2 .td-item8 {\r\n                        background: url(https:\/\/pontodasigrejas.com\/news\/wp-content\/uploads\/2026\/08\/DSC_0057-Aprimorado-NR.jpg) 0 0 no-repeat;\r\n                    }\r\n                    #tdi_1  .td-doubleSlider-2 .td-item9 {\r\n                        background: url(https:\/\/pontodasigrejas.com\/news\/wp-content\/uploads\/2026\/08\/DSC_0060.jpg) 0 0 no-repeat;\r\n                    }\r\n                    #tdi_1  .td-doubleSlider-2 .td-item10 {\r\n                        background: url(https:\/\/pontodasigrejas.com\/news\/wp-content\/uploads\/2026\/08\/DSC_0064.jpg) 0 0 no-repeat;\r\n                    }\r\n                    #tdi_1  .td-doubleSlider-2 .td-item11 {\r\n                        background: url(https:\/\/pontodasigrejas.com\/news\/wp-content\/uploads\/2026\/08\/DSC_0095.jpg) 0 0 no-repeat;\r\n                    }\r\n                    #tdi_1  .td-doubleSlider-2 .td-item12 {\r\n                        background: url(https:\/\/pontodasigrejas.com\/news\/wp-content\/uploads\/2026\/08\/DSC_0103.jpg) 0 0 no-repeat;\r\n                    }\r\n                    #tdi_1  .td-doubleSlider-2 .td-item13 {\r\n                        background: url(https:\/\/pontodasigrejas.com\/news\/wp-content\/uploads\/2026\/08\/DSC_0109.jpg) 0 0 no-repeat;\r\n                    }\r\n                    #tdi_1  .td-doubleSlider-2 .td-item14 {\r\n                        background: url(https:\/\/pontodasigrejas.com\/news\/wp-content\/uploads\/2026\/08\/DSC_0111.jpg) 0 0 no-repeat;\r\n                    }\r\n                    #tdi_1  .td-doubleSlider-2 .td-item15 {\r\n                        background: url(https:\/\/pontodasigrejas.com\/news\/wp-content\/uploads\/2026\/08\/DSC_0118.jpg) 0 0 no-repeat;\r\n                    }\r\n                    #tdi_1  .td-doubleSlider-2 .td-item16 {\r\n                        background: url(https:\/\/pontodasigrejas.com\/news\/wp-content\/uploads\/2026\/08\/DSC_0119.jpg) 0 0 no-repeat;\r\n                    }\r\n                    #tdi_1  .td-doubleSlider-2 .td-item17 {\r\n                        background: url(https:\/\/pontodasigrejas.com\/news\/wp-content\/uploads\/2026\/08\/DSC_0126.jpg) 0 0 no-repeat;\r\n                    }\r\n                    #tdi_1  .td-doubleSlider-2 .td-item18 {\r\n                        background: url(https:\/\/pontodasigrejas.com\/news\/wp-content\/uploads\/2026\/08\/DSC_0129.jpg) 0 0 no-repeat;\r\n                    }\r\n                    #tdi_1  .td-doubleSlider-2 .td-item19 {\r\n                        background: url(https:\/\/pontodasigrejas.com\/news\/wp-content\/uploads\/2026\/08\/DSC_0134-Aprimorado-NR.jpg) 0 0 no-repeat;\r\n                    }\r\n                    #tdi_1  .td-doubleSlider-2 .td-item20 {\r\n                        background: url(https:\/\/pontodasigrejas.com\/news\/wp-content\/uploads\/2026\/08\/DSC_0137.jpg) 0 0 no-repeat;\r\n                    }\r\n                    #tdi_1  .td-doubleSlider-2 .td-item21 {\r\n                        background: url(https:\/\/pontodasigrejas.com\/news\/wp-content\/uploads\/2026\/08\/DSC_0145.jpg) 0 0 no-repeat;\r\n                    }\r\n                    #tdi_1  .td-doubleSlider-2 .td-item22 {\r\n                        background: url(https:\/\/pontodasigrejas.com\/news\/wp-content\/uploads\/2026\/08\/DSC_0146.jpg) 0 0 no-repeat;\r\n                    }\r\n                    #tdi_1  .td-doubleSlider-2 .td-item23 {\r\n                        background: url(https:\/\/pontodasigrejas.com\/news\/wp-content\/uploads\/2026\/08\/DSC_0151.jpg) 0 0 no-repeat;\r\n                    }\r\n                    #tdi_1  .td-doubleSlider-2 .td-item24 {\r\n                        background: url(https:\/\/pontodasigrejas.com\/news\/wp-content\/uploads\/2026\/08\/DSC_0152.jpg) 0 0 no-repeat;\r\n                    }\r\n                    #tdi_1  .td-doubleSlider-2 .td-item25 {\r\n                        background: url(https:\/\/pontodasigrejas.com\/news\/wp-content\/uploads\/2026\/08\/DSC_0155.jpg) 0 0 no-repeat;\r\n                    }\r\n                    #tdi_1  .td-doubleSlider-2 .td-item26 {\r\n                        background: url(https:\/\/pontodasigrejas.com\/news\/wp-content\/uploads\/2026\/08\/DSC_0158.jpg) 0 0 no-repeat;\r\n                    }\r\n                    #tdi_1  .td-doubleSlider-2 .td-item27 {\r\n                        background: url(https:\/\/pontodasigrejas.com\/news\/wp-content\/uploads\/2026\/08\/DSC_0162.jpg) 0 0 no-repeat;\r\n                    }\r\n                    #tdi_1  .td-doubleSlider-2 .td-item28 {\r\n                        background: url(https:\/\/pontodasigrejas.com\/news\/wp-content\/uploads\/2026\/08\/DSC_0166.jpg) 0 0 no-repeat;\r\n                    }\r\n                    #tdi_1  .td-doubleSlider-2 .td-item29 {\r\n                        background: url(https:\/\/pontodasigrejas.com\/news\/wp-content\/uploads\/2026\/08\/DSC_0170.jpg) 0 0 no-repeat;\r\n                    }\r\n                    #tdi_1  .td-doubleSlider-2 .td-item30 {\r\n                        background: url(https:\/\/pontodasigrejas.com\/news\/wp-content\/uploads\/2026\/08\/DSC_0188-Aprimorado-NR.jpg) 0 0 no-repeat;\r\n                    }\r\n                    #tdi_1  .td-doubleSlider-2 .td-item31 {\r\n                        background: url(https:\/\/pontodasigrejas.com\/news\/wp-content\/uploads\/2026\/08\/DSC_0192.jpg) 0 0 no-repeat;\r\n                    }\r\n                    #tdi_1  .td-doubleSlider-2 .td-item32 {\r\n                        background: url(https:\/\/pontodasigrejas.com\/news\/wp-content\/uploads\/2026\/08\/DSC_0195.jpg) 0 0 no-repeat;\r\n                    }\r\n                    #tdi_1  .td-doubleSlider-2 .td-item33 {\r\n                        background: url(https:\/\/pontodasigrejas.com\/news\/wp-content\/uploads\/2026\/08\/DSC_0196.jpg) 0 0 no-repeat;\r\n                    }\r\n                    #tdi_1  .td-doubleSlider-2 .td-item34 {\r\n                        background: url(https:\/\/pontodasigrejas.com\/news\/wp-content\/uploads\/2026\/08\/DSC_0200.jpg) 0 0 no-repeat;\r\n                    }\r\n                    #tdi_1  .td-doubleSlider-2 .td-item35 {\r\n                        background: url(https:\/\/pontodasigrejas.com\/news\/wp-content\/uploads\/2026\/08\/DSC_0201.jpg) 0 0 no-repeat;\r\n                    }\r\n                    #tdi_1  .td-doubleSlider-2 .td-item36 {\r\n                        background: url(https:\/\/pontodasigrejas.com\/news\/wp-content\/uploads\/2026\/08\/DSC_0210-Aprimorado-NR.jpg) 0 0 no-repeat;\r\n                    }\r\n                    #tdi_1  .td-doubleSlider-2 .td-item37 {\r\n                        background: url(https:\/\/pontodasigrejas.com\/news\/wp-content\/uploads\/2026\/08\/DSC_0220.jpg) 0 0 no-repeat;\r\n                    }\r\n                    #tdi_1  .td-doubleSlider-2 .td-item38 {\r\n                        background: url(https:\/\/pontodasigrejas.com\/news\/wp-content\/uploads\/2026\/08\/DSC_0237.jpg) 0 0 no-repeat;\r\n                    }\r\n                    #tdi_1  .td-doubleSlider-2 .td-item39 {\r\n                        background: url(https:\/\/pontodasigrejas.com\/news\/wp-content\/uploads\/2026\/08\/DSC_0238-Aprimorado-NR.jpg) 0 0 no-repeat;\r\n                    }\r\n                    #tdi_1  .td-doubleSlider-2 .td-item40 {\r\n                        background: url(https:\/\/pontodasigrejas.com\/news\/wp-content\/uploads\/2026\/08\/DSC_0245-Aprimorado-NR.jpg) 0 0 no-repeat;\r\n                    }\r\n                    #tdi_1  .td-doubleSlider-2 .td-item41 {\r\n                        background: url(https:\/\/pontodasigrejas.com\/news\/wp-content\/uploads\/2026\/08\/DSC_0251-Aprimorado-NR.jpg) 0 0 no-repeat;\r\n                    }\r\n                    #tdi_1  .td-doubleSlider-2 .td-item42 {\r\n                        background: url(https:\/\/pontodasigrejas.com\/news\/wp-content\/uploads\/2026\/08\/DSC_0253.jpg) 0 0 no-repeat;\r\n                    }\r\n                    #tdi_1  .td-doubleSlider-2 .td-item43 {\r\n                        background: url(https:\/\/pontodasigrejas.com\/news\/wp-content\/uploads\/2026\/08\/DSC_0261-Aprimorado-NR.jpg) 0 0 no-repeat;\r\n                    }\r\n                    #tdi_1  .td-doubleSlider-2 .td-item44 {\r\n                        background: url(https:\/\/pontodasigrejas.com\/news\/wp-content\/uploads\/2026\/08\/DSC_0264.jpg) 0 0 no-repeat;\r\n                    }\r\n                    #tdi_1  .td-doubleSlider-2 .td-item45 {\r\n                        background: url(https:\/\/pontodasigrejas.com\/news\/wp-content\/uploads\/2026\/08\/DSC_0266.jpg) 0 0 no-repeat;\r\n                    }\r\n                    #tdi_1  .td-doubleSlider-2 .td-item46 {\r\n                        background: url(https:\/\/pontodasigrejas.com\/news\/wp-content\/uploads\/2026\/08\/DSC_0270.jpg) 0 0 no-repeat;\r\n                    }\r\n                    #tdi_1  .td-doubleSlider-2 .td-item47 {\r\n                        background: url(https:\/\/pontodasigrejas.com\/news\/wp-content\/uploads\/2026\/08\/DSC_0272.jpg) 0 0 no-repeat;\r\n                    }\r\n                    #tdi_1  .td-doubleSlider-2 .td-item48 {\r\n                        background: url(https:\/\/pontodasigrejas.com\/news\/wp-content\/uploads\/2026\/08\/DSC_0275.jpg) 0 0 no-repeat;\r\n                    }\r\n                    #tdi_1  .td-doubleSlider-2 .td-item49 {\r\n                        background: url(https:\/\/pontodasigrejas.com\/news\/wp-content\/uploads\/2026\/08\/DSC_0276.jpg) 0 0 no-repeat;\r\n                    }\r\n                    #tdi_1  .td-doubleSlider-2 .td-item50 {\r\n                        background: url(https:\/\/pontodasigrejas.com\/news\/wp-content\/uploads\/2026\/08\/DSC_0281.jpg) 0 0 no-repeat;\r\n                    }\r\n                    #tdi_1  .td-doubleSlider-2 .td-item51 {\r\n                        background: url(https:\/\/pontodasigrejas.com\/news\/wp-content\/uploads\/2026\/08\/DSC_0285.jpg) 0 0 no-repeat;\r\n                    }\r\n                    #tdi_1  .td-doubleSlider-2 .td-item52 {\r\n                        background: url(https:\/\/pontodasigrejas.com\/news\/wp-content\/uploads\/2026\/08\/DSC_0289.jpg) 0 0 no-repeat;\r\n                    }\r\n                    #tdi_1  .td-doubleSlider-2 .td-item53 {\r\n                        background: url(https:\/\/pontodasigrejas.com\/news\/wp-content\/uploads\/2026\/08\/DSC_0292.jpg) 0 0 no-repeat;\r\n                    }\r\n                    #tdi_1  .td-doubleSlider-2 .td-item54 {\r\n                        background: url(https:\/\/pontodasigrejas.com\/news\/wp-content\/uploads\/2026\/08\/DSC_0294.jpg) 0 0 no-repeat;\r\n                    }\r\n                    #tdi_1  .td-doubleSlider-2 .td-item55 {\r\n                        background: url(https:\/\/pontodasigrejas.com\/news\/wp-content\/uploads\/2026\/08\/DSC_0296.jpg) 0 0 no-repeat;\r\n                    }\r\n                    #tdi_1  .td-doubleSlider-2 .td-item56 {\r\n                        background: url(https:\/\/pontodasigrejas.com\/news\/wp-content\/uploads\/2026\/08\/DSC_0297.jpg) 0 0 no-repeat;\r\n                    }\r\n                    #tdi_1  .td-doubleSlider-2 .td-item57 {\r\n                        background: url(https:\/\/pontodasigrejas.com\/news\/wp-content\/uploads\/2026\/08\/DSC_0300-Aprimorado-NR.jpg) 0 0 no-repeat;\r\n                    }\r\n                    #tdi_1  .td-doubleSlider-2 .td-item58 {\r\n                        background: url(https:\/\/pontodasigrejas.com\/news\/wp-content\/uploads\/2026\/08\/DSC_0303-Aprimorado-NR.jpg) 0 0 no-repeat;\r\n                    }\r\n                    #tdi_1  .td-doubleSlider-2 .td-item59 {\r\n                        background: url(https:\/\/pontodasigrejas.com\/news\/wp-content\/uploads\/2026\/08\/DSC_0305-Aprimorado-NR.jpg) 0 0 no-repeat;\r\n                    }\r\n                    #tdi_1  .td-doubleSlider-2 .td-item60 {\r\n                        background: url(https:\/\/pontodasigrejas.com\/news\/wp-content\/uploads\/2026\/08\/DSC_0308-Aprimorado-NR.jpg) 0 0 no-repeat;\r\n                    }\r\n                    #tdi_1  .td-doubleSlider-2 .td-item61 {\r\n                        background: url(https:\/\/pontodasigrejas.com\/news\/wp-content\/uploads\/2026\/08\/DSC_0311.jpg) 0 0 no-repeat;\r\n                    }\r\n                    #tdi_1  .td-doubleSlider-2 .td-item62 {\r\n                        background: url(https:\/\/pontodasigrejas.com\/news\/wp-content\/uploads\/2026\/08\/DSC_0314.jpg) 0 0 no-repeat;\r\n                    }\r\n                    #tdi_1  .td-doubleSlider-2 .td-item63 {\r\n                        background: url(https:\/\/pontodasigrejas.com\/news\/wp-content\/uploads\/2026\/08\/DSC_0320.jpg) 0 0 no-repeat;\r\n                    }\r\n                    #tdi_1  .td-doubleSlider-2 .td-item64 {\r\n                        background: url(https:\/\/pontodasigrejas.com\/news\/wp-content\/uploads\/2026\/08\/DSC_0323.jpg) 0 0 no-repeat;\r\n                    }\r\n                    #tdi_1  .td-doubleSlider-2 .td-item65 {\r\n                        background: url(https:\/\/pontodasigrejas.com\/news\/wp-content\/uploads\/2026\/08\/DSC_0328.jpg) 0 0 no-repeat;\r\n                    }\r\n                    #tdi_1  .td-doubleSlider-2 .td-item66 {\r\n                        background: url(https:\/\/pontodasigrejas.com\/news\/wp-content\/uploads\/2026\/08\/DSC_0002-Aprimorado-NR.jpg) 0 0 no-repeat;\r\n                    }\r\n                <\/style>\r\n\r\n                <div id=\"tdi_1\" class=\"td-gallery td-slide-on-2-columns\">\r\n                    <div class=\"post_td_gallery\">\r\n                        <div class=\"td-gallery-slide-top\">\r\n                           <div class=\"td-gallery-title\">COPAZO - Reuni\u00e3o de pastores na Igreja maranata de Campo Grande<\/div>\r\n\r\n                            <div class=\"td-gallery-controls-wrapper\">\r\n                                <div class=\"td-gallery-slide-count\"><span class=\"td-gallery-slide-item-focus\">1<\/span> of 66<\/div>\r\n                                <div class=\"td-gallery-slide-prev-next-but\">\r\n                                    <i class = \"td-icon-left doubleSliderPrevButton\"><\/i>\r\n                                    <i class = \"td-icon-right doubleSliderNextButton\"><\/i>\r\n                                <\/div>\r\n                            <\/div>\r\n                        <\/div>\r\n\r\n                        <div class = \"td-doubleSlider-1 \">\r\n                            <div class = \"td-slider\">\r\n                                \r\n                    <div class = \"td-slide-item td-item1\">\r\n                        <figure class=\"td-slide-galery-figure td-slide-popup-gallery\">\r\n                            <a class=\"slide-gallery-image-link\" href=\"https:\/\/pontodasigrejas.com\/news\/wp-content\/uploads\/2026\/08\/DSC_0008-Aprimorado-NR.jpg\" title=\"DSC_0008-Aprimorado-NR\"  data-caption=\"\"  data-description=\"\">\r\n                                <img decoding=\"async\" src=\"https:\/\/pontodasigrejas.com\/news\/wp-content\/uploads\/2026\/08\/DSC_0008-Aprimorado-NR.jpg\" srcset=\"https:\/\/pontodasigrejas.com\/news\/wp-content\/uploads\/2026\/08\/DSC_0008-Aprimorado-NR.jpg 1240w, https:\/\/pontodasigrejas.com\/news\/wp-content\/uploads\/2026\/08\/DSC_0008-Aprimorado-NR-300x240.jpg 300w, https:\/\/pontodasigrejas.com\/news\/wp-content\/uploads\/2026\/08\/DSC_0008-Aprimorado-NR-1024x819.jpg 1024w, https:\/\/pontodasigrejas.com\/news\/wp-content\/uploads\/2026\/08\/DSC_0008-Aprimorado-NR-768x614.jpg 768w, https:\/\/pontodasigrejas.com\/news\/wp-content\/uploads\/2026\/08\/DSC_0008-Aprimorado-NR-150x120.jpg 150w, https:\/\/pontodasigrejas.com\/news\/wp-content\/uploads\/2026\/08\/DSC_0008-Aprimorado-NR-696x557.jpg 696w, https:\/\/pontodasigrejas.com\/news\/wp-content\/uploads\/2026\/08\/DSC_0008-Aprimorado-NR-1068x854.jpg 1068w, https:\/\/pontodasigrejas.com\/news\/wp-content\/uploads\/2026\/08\/DSC_0008-Aprimorado-NR-600x480.jpg 600w\" sizes=\"(max-width: 1240px) 100vw, 1240px\" alt=\"\">\r\n                            <\/a>\r\n                            \r\n                        <\/figure>\r\n                    <\/div>\r\n                    <div class = \"td-slide-item td-item2\">\r\n                        <figure class=\"td-slide-galery-figure td-slide-popup-gallery\">\r\n                            <a class=\"slide-gallery-image-link\" href=\"https:\/\/pontodasigrejas.com\/news\/wp-content\/uploads\/2026\/08\/DSC_0020.jpg\" title=\"DSC_0020\"  data-caption=\"\"  data-description=\"\">\r\n                                <img decoding=\"async\" src=\"https:\/\/pontodasigrejas.com\/news\/wp-content\/uploads\/2026\/08\/DSC_0020.jpg\" srcset=\"https:\/\/pontodasigrejas.com\/news\/wp-content\/uploads\/2026\/08\/DSC_0020.jpg 1240w, https:\/\/pontodasigrejas.com\/news\/wp-content\/uploads\/2026\/08\/DSC_0020-300x200.jpg 300w, https:\/\/pontodasigrejas.com\/news\/wp-content\/uploads\/2026\/08\/DSC_0020-1024x683.jpg 1024w, https:\/\/pontodasigrejas.com\/news\/wp-content\/uploads\/2026\/08\/DSC_0020-768x512.jpg 768w, https:\/\/pontodasigrejas.com\/news\/wp-content\/uploads\/2026\/08\/DSC_0020-150x100.jpg 150w, https:\/\/pontodasigrejas.com\/news\/wp-content\/uploads\/2026\/08\/DSC_0020-696x464.jpg 696w, https:\/\/pontodasigrejas.com\/news\/wp-content\/uploads\/2026\/08\/DSC_0020-1068x712.jpg 1068w, https:\/\/pontodasigrejas.com\/news\/wp-content\/uploads\/2026\/08\/DSC_0020-600x400.jpg 600w\" sizes=\"(max-width: 1240px) 100vw, 1240px\" alt=\"\">\r\n                            <\/a>\r\n                            \r\n                        <\/figure>\r\n                    <\/div>\r\n                    <div class = \"td-slide-item td-item3\">\r\n                        <figure class=\"td-slide-galery-figure td-slide-popup-gallery\">\r\n                            <a class=\"slide-gallery-image-link\" href=\"https:\/\/pontodasigrejas.com\/news\/wp-content\/uploads\/2026\/08\/DSC_0024.jpg\" title=\"DSC_0024\"  data-caption=\"\"  data-description=\"\">\r\n                                <img decoding=\"async\" src=\"https:\/\/pontodasigrejas.com\/news\/wp-content\/uploads\/2026\/08\/DSC_0024.jpg\" srcset=\"https:\/\/pontodasigrejas.com\/news\/wp-content\/uploads\/2026\/08\/DSC_0024.jpg 1240w, https:\/\/pontodasigrejas.com\/news\/wp-content\/uploads\/2026\/08\/DSC_0024-300x200.jpg 300w, https:\/\/pontodasigrejas.com\/news\/wp-content\/uploads\/2026\/08\/DSC_0024-1024x683.jpg 1024w, https:\/\/pontodasigrejas.com\/news\/wp-content\/uploads\/2026\/08\/DSC_0024-768x512.jpg 768w, https:\/\/pontodasigrejas.com\/news\/wp-content\/uploads\/2026\/08\/DSC_0024-150x100.jpg 150w, https:\/\/pontodasigrejas.com\/news\/wp-content\/uploads\/2026\/08\/DSC_0024-696x464.jpg 696w, https:\/\/pontodasigrejas.com\/news\/wp-content\/uploads\/2026\/08\/DSC_0024-1068x712.jpg 1068w, https:\/\/pontodasigrejas.com\/news\/wp-content\/uploads\/2026\/08\/DSC_0024-600x400.jpg 600w\" sizes=\"(max-width: 1240px) 100vw, 1240px\" alt=\"\">\r\n                            <\/a>\r\n                            \r\n                        <\/figure>\r\n                    <\/div>\r\n                    <div class = \"td-slide-item td-item4\">\r\n                        <figure class=\"td-slide-galery-figure td-slide-popup-gallery\">\r\n                            <a class=\"slide-gallery-image-link\" href=\"https:\/\/pontodasigrejas.com\/news\/wp-content\/uploads\/2026\/08\/DSC_0027.jpg\" title=\"DSC_0027\"  data-caption=\"\"  data-description=\"\">\r\n                                <img decoding=\"async\" src=\"https:\/\/pontodasigrejas.com\/news\/wp-content\/uploads\/2026\/08\/DSC_0027.jpg\" srcset=\"https:\/\/pontodasigrejas.com\/news\/wp-content\/uploads\/2026\/08\/DSC_0027.jpg 1240w, https:\/\/pontodasigrejas.com\/news\/wp-content\/uploads\/2026\/08\/DSC_0027-300x200.jpg 300w, https:\/\/pontodasigrejas.com\/news\/wp-content\/uploads\/2026\/08\/DSC_0027-1024x683.jpg 1024w, https:\/\/pontodasigrejas.com\/news\/wp-content\/uploads\/2026\/08\/DSC_0027-768x512.jpg 768w, https:\/\/pontodasigrejas.com\/news\/wp-content\/uploads\/2026\/08\/DSC_0027-150x100.jpg 150w, https:\/\/pontodasigrejas.com\/news\/wp-content\/uploads\/2026\/08\/DSC_0027-696x464.jpg 696w, https:\/\/pontodasigrejas.com\/news\/wp-content\/uploads\/2026\/08\/DSC_0027-1068x712.jpg 1068w, https:\/\/pontodasigrejas.com\/news\/wp-content\/uploads\/2026\/08\/DSC_0027-600x400.jpg 600w\" sizes=\"(max-width: 1240px) 100vw, 1240px\" alt=\"\">\r\n                            <\/a>\r\n                            \r\n                        <\/figure>\r\n                    <\/div>\r\n                    <div class = \"td-slide-item td-item5\">\r\n                        <figure class=\"td-slide-galery-figure td-slide-popup-gallery\">\r\n                            <a class=\"slide-gallery-image-link\" href=\"https:\/\/pontodasigrejas.com\/news\/wp-content\/uploads\/2026\/08\/DSC_0028.jpg\" title=\"DSC_0028\"  data-caption=\"\"  data-description=\"\">\r\n                                <img decoding=\"async\" src=\"https:\/\/pontodasigrejas.com\/news\/wp-content\/uploads\/2026\/08\/DSC_0028.jpg\" srcset=\"https:\/\/pontodasigrejas.com\/news\/wp-content\/uploads\/2026\/08\/DSC_0028.jpg 1240w, https:\/\/pontodasigrejas.com\/news\/wp-content\/uploads\/2026\/08\/DSC_0028-300x200.jpg 300w, https:\/\/pontodasigrejas.com\/news\/wp-content\/uploads\/2026\/08\/DSC_0028-1024x683.jpg 1024w, https:\/\/pontodasigrejas.com\/news\/wp-content\/uploads\/2026\/08\/DSC_0028-768x512.jpg 768w, https:\/\/pontodasigrejas.com\/news\/wp-content\/uploads\/2026\/08\/DSC_0028-150x100.jpg 150w, https:\/\/pontodasigrejas.com\/news\/wp-content\/uploads\/2026\/08\/DSC_0028-696x464.jpg 696w, https:\/\/pontodasigrejas.com\/news\/wp-content\/uploads\/2026\/08\/DSC_0028-1068x712.jpg 1068w, https:\/\/pontodasigrejas.com\/news\/wp-content\/uploads\/2026\/08\/DSC_0028-600x400.jpg 600w\" sizes=\"(max-width: 1240px) 100vw, 1240px\" alt=\"\">\r\n                            <\/a>\r\n                            \r\n                        <\/figure>\r\n                    <\/div>\r\n                    <div class = \"td-slide-item td-item6\">\r\n                        <figure class=\"td-slide-galery-figure td-slide-popup-gallery\">\r\n                            <a class=\"slide-gallery-image-link\" href=\"https:\/\/pontodasigrejas.com\/news\/wp-content\/uploads\/2026\/08\/DSC_0036.jpg\" title=\"DSC_0036\"  data-caption=\"\"  data-description=\"\">\r\n                                <img decoding=\"async\" src=\"https:\/\/pontodasigrejas.com\/news\/wp-content\/uploads\/2026\/08\/DSC_0036.jpg\" srcset=\"https:\/\/pontodasigrejas.com\/news\/wp-content\/uploads\/2026\/08\/DSC_0036.jpg 1240w, https:\/\/pontodasigrejas.com\/news\/wp-content\/uploads\/2026\/08\/DSC_0036-300x200.jpg 300w, https:\/\/pontodasigrejas.com\/news\/wp-content\/uploads\/2026\/08\/DSC_0036-1024x683.jpg 1024w, https:\/\/pontodasigrejas.com\/news\/wp-content\/uploads\/2026\/08\/DSC_0036-768x512.jpg 768w, https:\/\/pontodasigrejas.com\/news\/wp-content\/uploads\/2026\/08\/DSC_0036-150x100.jpg 150w, https:\/\/pontodasigrejas.com\/news\/wp-content\/uploads\/2026\/08\/DSC_0036-696x464.jpg 696w, https:\/\/pontodasigrejas.com\/news\/wp-content\/uploads\/2026\/08\/DSC_0036-1068x712.jpg 1068w, https:\/\/pontodasigrejas.com\/news\/wp-content\/uploads\/2026\/08\/DSC_0036-600x400.jpg 600w\" sizes=\"(max-width: 1240px) 100vw, 1240px\" alt=\"\">\r\n                            <\/a>\r\n                            \r\n                        <\/figure>\r\n                    <\/div>\r\n                    <div class = \"td-slide-item td-item7\">\r\n                        <figure class=\"td-slide-galery-figure td-slide-popup-gallery\">\r\n                            <a class=\"slide-gallery-image-link\" href=\"https:\/\/pontodasigrejas.com\/news\/wp-content\/uploads\/2026\/08\/DSC_0053.jpg\" title=\"DSC_0053\"  data-caption=\"\"  data-description=\"\">\r\n                                <img decoding=\"async\" src=\"https:\/\/pontodasigrejas.com\/news\/wp-content\/uploads\/2026\/08\/DSC_0053.jpg\" srcset=\"https:\/\/pontodasigrejas.com\/news\/wp-content\/uploads\/2026\/08\/DSC_0053.jpg 1240w, https:\/\/pontodasigrejas.com\/news\/wp-content\/uploads\/2026\/08\/DSC_0053-300x200.jpg 300w, https:\/\/pontodasigrejas.com\/news\/wp-content\/uploads\/2026\/08\/DSC_0053-1024x683.jpg 1024w, https:\/\/pontodasigrejas.com\/news\/wp-content\/uploads\/2026\/08\/DSC_0053-768x512.jpg 768w, https:\/\/pontodasigrejas.com\/news\/wp-content\/uploads\/2026\/08\/DSC_0053-150x100.jpg 150w, https:\/\/pontodasigrejas.com\/news\/wp-content\/uploads\/2026\/08\/DSC_0053-696x464.jpg 696w, https:\/\/pontodasigrejas.com\/news\/wp-content\/uploads\/2026\/08\/DSC_0053-1068x712.jpg 1068w, https:\/\/pontodasigrejas.com\/news\/wp-content\/uploads\/2026\/08\/DSC_0053-600x400.jpg 600w\" sizes=\"(max-width: 1240px) 100vw, 1240px\" alt=\"\">\r\n                            <\/a>\r\n                            \r\n                        <\/figure>\r\n                    <\/div>\r\n                    <div class = \"td-slide-item td-item8\">\r\n                        <figure class=\"td-slide-galery-figure td-slide-popup-gallery\">\r\n                            <a class=\"slide-gallery-image-link\" href=\"https:\/\/pontodasigrejas.com\/news\/wp-content\/uploads\/2026\/08\/DSC_0057-Aprimorado-NR.jpg\" title=\"DSC_0057-Aprimorado-NR\"  data-caption=\"\"  data-description=\"\">\r\n                                <img decoding=\"async\" src=\"https:\/\/pontodasigrejas.com\/news\/wp-content\/uploads\/2026\/08\/DSC_0057-Aprimorado-NR.jpg\" srcset=\"https:\/\/pontodasigrejas.com\/news\/wp-content\/uploads\/2026\/08\/DSC_0057-Aprimorado-NR.jpg 1240w, https:\/\/pontodasigrejas.com\/news\/wp-content\/uploads\/2026\/08\/DSC_0057-Aprimorado-NR-300x200.jpg 300w, https:\/\/pontodasigrejas.com\/news\/wp-content\/uploads\/2026\/08\/DSC_0057-Aprimorado-NR-1024x683.jpg 1024w, https:\/\/pontodasigrejas.com\/news\/wp-content\/uploads\/2026\/08\/DSC_0057-Aprimorado-NR-768x512.jpg 768w, https:\/\/pontodasigrejas.com\/news\/wp-content\/uploads\/2026\/08\/DSC_0057-Aprimorado-NR-150x100.jpg 150w, https:\/\/pontodasigrejas.com\/news\/wp-content\/uploads\/2026\/08\/DSC_0057-Aprimorado-NR-696x464.jpg 696w, https:\/\/pontodasigrejas.com\/news\/wp-content\/uploads\/2026\/08\/DSC_0057-Aprimorado-NR-1068x712.jpg 1068w, https:\/\/pontodasigrejas.com\/news\/wp-content\/uploads\/2026\/08\/DSC_0057-Aprimorado-NR-600x400.jpg 600w\" sizes=\"(max-width: 1240px) 100vw, 1240px\" alt=\"\">\r\n                            <\/a>\r\n                            \r\n                        <\/figure>\r\n                    <\/div>\r\n                    <div class = \"td-slide-item td-item9\">\r\n                        <figure class=\"td-slide-galery-figure td-slide-popup-gallery\">\r\n                            <a class=\"slide-gallery-image-link\" href=\"https:\/\/pontodasigrejas.com\/news\/wp-content\/uploads\/2026\/08\/DSC_0060.jpg\" title=\"DSC_0060\"  data-caption=\"\"  data-description=\"\">\r\n                                <img decoding=\"async\" src=\"https:\/\/pontodasigrejas.com\/news\/wp-content\/uploads\/2026\/08\/DSC_0060.jpg\" srcset=\"https:\/\/pontodasigrejas.com\/news\/wp-content\/uploads\/2026\/08\/DSC_0060.jpg 1240w, https:\/\/pontodasigrejas.com\/news\/wp-content\/uploads\/2026\/08\/DSC_0060-300x200.jpg 300w, https:\/\/pontodasigrejas.com\/news\/wp-content\/uploads\/2026\/08\/DSC_0060-1024x683.jpg 1024w, https:\/\/pontodasigrejas.com\/news\/wp-content\/uploads\/2026\/08\/DSC_0060-768x512.jpg 768w, https:\/\/pontodasigrejas.com\/news\/wp-content\/uploads\/2026\/08\/DSC_0060-150x100.jpg 150w, https:\/\/pontodasigrejas.com\/news\/wp-content\/uploads\/2026\/08\/DSC_0060-696x464.jpg 696w, https:\/\/pontodasigrejas.com\/news\/wp-content\/uploads\/2026\/08\/DSC_0060-1068x712.jpg 1068w, https:\/\/pontodasigrejas.com\/news\/wp-content\/uploads\/2026\/08\/DSC_0060-600x400.jpg 600w\" sizes=\"(max-width: 1240px) 100vw, 1240px\" alt=\"\">\r\n                            <\/a>\r\n                            \r\n                        <\/figure>\r\n                    <\/div>\r\n                    <div class = \"td-slide-item td-item10\">\r\n                        <figure class=\"td-slide-galery-figure td-slide-popup-gallery\">\r\n                            <a class=\"slide-gallery-image-link\" href=\"https:\/\/pontodasigrejas.com\/news\/wp-content\/uploads\/2026\/08\/DSC_0064.jpg\" title=\"DSC_0064\"  data-caption=\"\"  data-description=\"\">\r\n                                <img decoding=\"async\" src=\"https:\/\/pontodasigrejas.com\/news\/wp-content\/uploads\/2026\/08\/DSC_0064.jpg\" srcset=\"https:\/\/pontodasigrejas.com\/news\/wp-content\/uploads\/2026\/08\/DSC_0064.jpg 1240w, https:\/\/pontodasigrejas.com\/news\/wp-content\/uploads\/2026\/08\/DSC_0064-300x200.jpg 300w, https:\/\/pontodasigrejas.com\/news\/wp-content\/uploads\/2026\/08\/DSC_0064-1024x683.jpg 1024w, https:\/\/pontodasigrejas.com\/news\/wp-content\/uploads\/2026\/08\/DSC_0064-768x512.jpg 768w, https:\/\/pontodasigrejas.com\/news\/wp-content\/uploads\/2026\/08\/DSC_0064-150x100.jpg 150w, https:\/\/pontodasigrejas.com\/news\/wp-content\/uploads\/2026\/08\/DSC_0064-696x464.jpg 696w, https:\/\/pontodasigrejas.com\/news\/wp-content\/uploads\/2026\/08\/DSC_0064-1068x712.jpg 1068w, https:\/\/pontodasigrejas.com\/news\/wp-content\/uploads\/2026\/08\/DSC_0064-600x400.jpg 600w\" sizes=\"(max-width: 1240px) 100vw, 1240px\" alt=\"\">\r\n                            <\/a>\r\n                            \r\n                        <\/figure>\r\n                    <\/div>\r\n                    <div class = \"td-slide-item td-item11\">\r\n                        <figure class=\"td-slide-galery-figure td-slide-popup-gallery\">\r\n                            <a class=\"slide-gallery-image-link\" href=\"https:\/\/pontodasigrejas.com\/news\/wp-content\/uploads\/2026\/08\/DSC_0095.jpg\" title=\"DSC_0095\"  data-caption=\"\"  data-description=\"\">\r\n                                <img decoding=\"async\" src=\"https:\/\/pontodasigrejas.com\/news\/wp-content\/uploads\/2026\/08\/DSC_0095.jpg\" srcset=\"https:\/\/pontodasigrejas.com\/news\/wp-content\/uploads\/2026\/08\/DSC_0095.jpg 1240w, https:\/\/pontodasigrejas.com\/news\/wp-content\/uploads\/2026\/08\/DSC_0095-300x200.jpg 300w, https:\/\/pontodasigrejas.com\/news\/wp-content\/uploads\/2026\/08\/DSC_0095-1024x683.jpg 1024w, https:\/\/pontodasigrejas.com\/news\/wp-content\/uploads\/2026\/08\/DSC_0095-768x512.jpg 768w, https:\/\/pontodasigrejas.com\/news\/wp-content\/uploads\/2026\/08\/DSC_0095-150x100.jpg 150w, https:\/\/pontodasigrejas.com\/news\/wp-content\/uploads\/2026\/08\/DSC_0095-696x464.jpg 696w, https:\/\/pontodasigrejas.com\/news\/wp-content\/uploads\/2026\/08\/DSC_0095-1068x712.jpg 1068w, https:\/\/pontodasigrejas.com\/news\/wp-content\/uploads\/2026\/08\/DSC_0095-600x400.jpg 600w\" sizes=\"(max-width: 1240px) 100vw, 1240px\" alt=\"\">\r\n                            <\/a>\r\n                            \r\n                        <\/figure>\r\n                    <\/div>\r\n                    <div class = \"td-slide-item td-item12\">\r\n                        <figure class=\"td-slide-galery-figure td-slide-popup-gallery\">\r\n                            <a class=\"slide-gallery-image-link\" href=\"https:\/\/pontodasigrejas.com\/news\/wp-content\/uploads\/2026\/08\/DSC_0103.jpg\" title=\"DSC_0103\"  data-caption=\"\"  data-description=\"\">\r\n                                <img decoding=\"async\" src=\"https:\/\/pontodasigrejas.com\/news\/wp-content\/uploads\/2026\/08\/DSC_0103.jpg\" srcset=\"https:\/\/pontodasigrejas.com\/news\/wp-content\/uploads\/2026\/08\/DSC_0103.jpg 1240w, https:\/\/pontodasigrejas.com\/news\/wp-content\/uploads\/2026\/08\/DSC_0103-300x200.jpg 300w, https:\/\/pontodasigrejas.com\/news\/wp-content\/uploads\/2026\/08\/DSC_0103-1024x683.jpg 1024w, https:\/\/pontodasigrejas.com\/news\/wp-content\/uploads\/2026\/08\/DSC_0103-768x512.jpg 768w, https:\/\/pontodasigrejas.com\/news\/wp-content\/uploads\/2026\/08\/DSC_0103-150x100.jpg 150w, https:\/\/pontodasigrejas.com\/news\/wp-content\/uploads\/2026\/08\/DSC_0103-696x464.jpg 696w, https:\/\/pontodasigrejas.com\/news\/wp-content\/uploads\/2026\/08\/DSC_0103-1068x712.jpg 1068w, https:\/\/pontodasigrejas.com\/news\/wp-content\/uploads\/2026\/08\/DSC_0103-600x400.jpg 600w\" sizes=\"(max-width: 1240px) 100vw, 1240px\" alt=\"\">\r\n                            <\/a>\r\n                            \r\n                        <\/figure>\r\n                    <\/div>\r\n                    <div class = \"td-slide-item td-item13\">\r\n                        <figure class=\"td-slide-galery-figure td-slide-popup-gallery\">\r\n                            <a class=\"slide-gallery-image-link\" href=\"https:\/\/pontodasigrejas.com\/news\/wp-content\/uploads\/2026\/08\/DSC_0109.jpg\" title=\"DSC_0109\"  data-caption=\"\"  data-description=\"\">\r\n                                <img decoding=\"async\" src=\"https:\/\/pontodasigrejas.com\/news\/wp-content\/uploads\/2026\/08\/DSC_0109.jpg\" srcset=\"https:\/\/pontodasigrejas.com\/news\/wp-content\/uploads\/2026\/08\/DSC_0109.jpg 1240w, https:\/\/pontodasigrejas.com\/news\/wp-content\/uploads\/2026\/08\/DSC_0109-300x200.jpg 300w, https:\/\/pontodasigrejas.com\/news\/wp-content\/uploads\/2026\/08\/DSC_0109-1024x683.jpg 1024w, https:\/\/pontodasigrejas.com\/news\/wp-content\/uploads\/2026\/08\/DSC_0109-768x512.jpg 768w, https:\/\/pontodasigrejas.com\/news\/wp-content\/uploads\/2026\/08\/DSC_0109-150x100.jpg 150w, https:\/\/pontodasigrejas.com\/news\/wp-content\/uploads\/2026\/08\/DSC_0109-696x464.jpg 696w, https:\/\/pontodasigrejas.com\/news\/wp-content\/uploads\/2026\/08\/DSC_0109-1068x712.jpg 1068w, https:\/\/pontodasigrejas.com\/news\/wp-content\/uploads\/2026\/08\/DSC_0109-600x400.jpg 600w\" sizes=\"(max-width: 1240px) 100vw, 1240px\" alt=\"\">\r\n                            <\/a>\r\n                            \r\n                        <\/figure>\r\n                    <\/div>\r\n                    <div class = \"td-slide-item td-item14\">\r\n                        <figure class=\"td-slide-galery-figure td-slide-popup-gallery\">\r\n                            <a class=\"slide-gallery-image-link\" href=\"https:\/\/pontodasigrejas.com\/news\/wp-content\/uploads\/2026\/08\/DSC_0111.jpg\" title=\"DSC_0111\"  data-caption=\"\"  data-description=\"\">\r\n                                <img decoding=\"async\" src=\"https:\/\/pontodasigrejas.com\/news\/wp-content\/uploads\/2026\/08\/DSC_0111.jpg\" srcset=\"https:\/\/pontodasigrejas.com\/news\/wp-content\/uploads\/2026\/08\/DSC_0111.jpg 1240w, https:\/\/pontodasigrejas.com\/news\/wp-content\/uploads\/2026\/08\/DSC_0111-300x200.jpg 300w, https:\/\/pontodasigrejas.com\/news\/wp-content\/uploads\/2026\/08\/DSC_0111-1024x683.jpg 1024w, https:\/\/pontodasigrejas.com\/news\/wp-content\/uploads\/2026\/08\/DSC_0111-768x512.jpg 768w, https:\/\/pontodasigrejas.com\/news\/wp-content\/uploads\/2026\/08\/DSC_0111-150x100.jpg 150w, https:\/\/pontodasigrejas.com\/news\/wp-content\/uploads\/2026\/08\/DSC_0111-696x464.jpg 696w, https:\/\/pontodasigrejas.com\/news\/wp-content\/uploads\/2026\/08\/DSC_0111-1068x712.jpg 1068w, https:\/\/pontodasigrejas.com\/news\/wp-content\/uploads\/2026\/08\/DSC_0111-600x400.jpg 600w\" sizes=\"(max-width: 1240px) 100vw, 1240px\" alt=\"\">\r\n                            <\/a>\r\n                            \r\n                        <\/figure>\r\n                    <\/div>\r\n                    <div class = \"td-slide-item td-item15\">\r\n                        <figure class=\"td-slide-galery-figure td-slide-popup-gallery\">\r\n                            <a class=\"slide-gallery-image-link\" href=\"https:\/\/pontodasigrejas.com\/news\/wp-content\/uploads\/2026\/08\/DSC_0118.jpg\" title=\"DSC_0118\"  data-caption=\"\"  data-description=\"\">\r\n                                <img decoding=\"async\" src=\"https:\/\/pontodasigrejas.com\/news\/wp-content\/uploads\/2026\/08\/DSC_0118.jpg\" srcset=\"https:\/\/pontodasigrejas.com\/news\/wp-content\/uploads\/2026\/08\/DSC_0118.jpg 1240w, https:\/\/pontodasigrejas.com\/news\/wp-content\/uploads\/2026\/08\/DSC_0118-300x200.jpg 300w, https:\/\/pontodasigrejas.com\/news\/wp-content\/uploads\/2026\/08\/DSC_0118-1024x683.jpg 1024w, https:\/\/pontodasigrejas.com\/news\/wp-content\/uploads\/2026\/08\/DSC_0118-768x512.jpg 768w, https:\/\/pontodasigrejas.com\/news\/wp-content\/uploads\/2026\/08\/DSC_0118-150x100.jpg 150w, https:\/\/pontodasigrejas.com\/news\/wp-content\/uploads\/2026\/08\/DSC_0118-696x464.jpg 696w, https:\/\/pontodasigrejas.com\/news\/wp-content\/uploads\/2026\/08\/DSC_0118-1068x712.jpg 1068w, https:\/\/pontodasigrejas.com\/news\/wp-content\/uploads\/2026\/08\/DSC_0118-600x400.jpg 600w\" sizes=\"(max-width: 1240px) 100vw, 1240px\" alt=\"\">\r\n                            <\/a>\r\n                            \r\n                        <\/figure>\r\n                    <\/div>\r\n                    <div class = \"td-slide-item td-item16\">\r\n                        <figure class=\"td-slide-galery-figure td-slide-popup-gallery\">\r\n                            <a class=\"slide-gallery-image-link\" href=\"https:\/\/pontodasigrejas.com\/news\/wp-content\/uploads\/2026\/08\/DSC_0119.jpg\" title=\"DSC_0119\"  data-caption=\"\"  data-description=\"\">\r\n                                <img decoding=\"async\" src=\"https:\/\/pontodasigrejas.com\/news\/wp-content\/uploads\/2026\/08\/DSC_0119.jpg\" srcset=\"https:\/\/pontodasigrejas.com\/news\/wp-content\/uploads\/2026\/08\/DSC_0119.jpg 1240w, https:\/\/pontodasigrejas.com\/news\/wp-content\/uploads\/2026\/08\/DSC_0119-300x200.jpg 300w, https:\/\/pontodasigrejas.com\/news\/wp-content\/uploads\/2026\/08\/DSC_0119-1024x683.jpg 1024w, https:\/\/pontodasigrejas.com\/news\/wp-content\/uploads\/2026\/08\/DSC_0119-768x512.jpg 768w, https:\/\/pontodasigrejas.com\/news\/wp-content\/uploads\/2026\/08\/DSC_0119-150x100.jpg 150w, https:\/\/pontodasigrejas.com\/news\/wp-content\/uploads\/2026\/08\/DSC_0119-696x464.jpg 696w, https:\/\/pontodasigrejas.com\/news\/wp-content\/uploads\/2026\/08\/DSC_0119-1068x712.jpg 1068w, https:\/\/pontodasigrejas.com\/news\/wp-content\/uploads\/2026\/08\/DSC_0119-600x400.jpg 600w\" sizes=\"(max-width: 1240px) 100vw, 1240px\" alt=\"\">\r\n                            <\/a>\r\n                            \r\n                        <\/figure>\r\n                    <\/div>\r\n                    <div class = \"td-slide-item td-item17\">\r\n                        <figure class=\"td-slide-galery-figure td-slide-popup-gallery\">\r\n                            <a class=\"slide-gallery-image-link\" href=\"https:\/\/pontodasigrejas.com\/news\/wp-content\/uploads\/2026\/08\/DSC_0126.jpg\" title=\"DSC_0126\"  data-caption=\"\"  data-description=\"\">\r\n                                <img decoding=\"async\" src=\"https:\/\/pontodasigrejas.com\/news\/wp-content\/uploads\/2026\/08\/DSC_0126.jpg\" srcset=\"https:\/\/pontodasigrejas.com\/news\/wp-content\/uploads\/2026\/08\/DSC_0126.jpg 1240w, https:\/\/pontodasigrejas.com\/news\/wp-content\/uploads\/2026\/08\/DSC_0126-300x200.jpg 300w, https:\/\/pontodasigrejas.com\/news\/wp-content\/uploads\/2026\/08\/DSC_0126-1024x683.jpg 1024w, https:\/\/pontodasigrejas.com\/news\/wp-content\/uploads\/2026\/08\/DSC_0126-768x512.jpg 768w, https:\/\/pontodasigrejas.com\/news\/wp-content\/uploads\/2026\/08\/DSC_0126-150x100.jpg 150w, https:\/\/pontodasigrejas.com\/news\/wp-content\/uploads\/2026\/08\/DSC_0126-696x464.jpg 696w, https:\/\/pontodasigrejas.com\/news\/wp-content\/uploads\/2026\/08\/DSC_0126-1068x712.jpg 1068w, https:\/\/pontodasigrejas.com\/news\/wp-content\/uploads\/2026\/08\/DSC_0126-600x400.jpg 600w\" sizes=\"(max-width: 1240px) 100vw, 1240px\" alt=\"\">\r\n                            <\/a>\r\n                            \r\n                        <\/figure>\r\n                    <\/div>\r\n                    <div class = \"td-slide-item td-item18\">\r\n                        <figure class=\"td-slide-galery-figure td-slide-popup-gallery\">\r\n                            <a class=\"slide-gallery-image-link\" href=\"https:\/\/pontodasigrejas.com\/news\/wp-content\/uploads\/2026\/08\/DSC_0129.jpg\" title=\"DSC_0129\"  data-caption=\"\"  data-description=\"\">\r\n                                <img decoding=\"async\" src=\"https:\/\/pontodasigrejas.com\/news\/wp-content\/uploads\/2026\/08\/DSC_0129.jpg\" srcset=\"https:\/\/pontodasigrejas.com\/news\/wp-content\/uploads\/2026\/08\/DSC_0129.jpg 1240w, https:\/\/pontodasigrejas.com\/news\/wp-content\/uploads\/2026\/08\/DSC_0129-300x200.jpg 300w, https:\/\/pontodasigrejas.com\/news\/wp-content\/uploads\/2026\/08\/DSC_0129-1024x683.jpg 1024w, https:\/\/pontodasigrejas.com\/news\/wp-content\/uploads\/2026\/08\/DSC_0129-768x512.jpg 768w, https:\/\/pontodasigrejas.com\/news\/wp-content\/uploads\/2026\/08\/DSC_0129-150x100.jpg 150w, https:\/\/pontodasigrejas.com\/news\/wp-content\/uploads\/2026\/08\/DSC_0129-696x464.jpg 696w, https:\/\/pontodasigrejas.com\/news\/wp-content\/uploads\/2026\/08\/DSC_0129-1068x712.jpg 1068w, https:\/\/pontodasigrejas.com\/news\/wp-content\/uploads\/2026\/08\/DSC_0129-600x400.jpg 600w\" sizes=\"(max-width: 1240px) 100vw, 1240px\" alt=\"\">\r\n                            <\/a>\r\n                            \r\n                        <\/figure>\r\n                    <\/div>\r\n                    <div class = \"td-slide-item td-item19\">\r\n                        <figure class=\"td-slide-galery-figure td-slide-popup-gallery\">\r\n                            <a class=\"slide-gallery-image-link\" href=\"https:\/\/pontodasigrejas.com\/news\/wp-content\/uploads\/2026\/08\/DSC_0134-Aprimorado-NR.jpg\" title=\"DSC_0134-Aprimorado-NR\"  data-caption=\"\"  data-description=\"\">\r\n                                <img decoding=\"async\" src=\"https:\/\/pontodasigrejas.com\/news\/wp-content\/uploads\/2026\/08\/DSC_0134-Aprimorado-NR.jpg\" srcset=\"https:\/\/pontodasigrejas.com\/news\/wp-content\/uploads\/2026\/08\/DSC_0134-Aprimorado-NR.jpg 1240w, https:\/\/pontodasigrejas.com\/news\/wp-content\/uploads\/2026\/08\/DSC_0134-Aprimorado-NR-300x200.jpg 300w, https:\/\/pontodasigrejas.com\/news\/wp-content\/uploads\/2026\/08\/DSC_0134-Aprimorado-NR-1024x683.jpg 1024w, https:\/\/pontodasigrejas.com\/news\/wp-content\/uploads\/2026\/08\/DSC_0134-Aprimorado-NR-768x512.jpg 768w, https:\/\/pontodasigrejas.com\/news\/wp-content\/uploads\/2026\/08\/DSC_0134-Aprimorado-NR-150x100.jpg 150w, https:\/\/pontodasigrejas.com\/news\/wp-content\/uploads\/2026\/08\/DSC_0134-Aprimorado-NR-696x464.jpg 696w, https:\/\/pontodasigrejas.com\/news\/wp-content\/uploads\/2026\/08\/DSC_0134-Aprimorado-NR-1068x712.jpg 1068w, https:\/\/pontodasigrejas.com\/news\/wp-content\/uploads\/2026\/08\/DSC_0134-Aprimorado-NR-600x400.jpg 600w\" sizes=\"(max-width: 1240px) 100vw, 1240px\" alt=\"\">\r\n                            <\/a>\r\n                            \r\n                        <\/figure>\r\n                    <\/div>\r\n                    <div class = \"td-slide-item td-item20\">\r\n                        <figure class=\"td-slide-galery-figure td-slide-popup-gallery\">\r\n                            <a class=\"slide-gallery-image-link\" href=\"https:\/\/pontodasigrejas.com\/news\/wp-content\/uploads\/2026\/08\/DSC_0137.jpg\" title=\"DSC_0137\"  data-caption=\"\"  data-description=\"\">\r\n                                <img decoding=\"async\" src=\"https:\/\/pontodasigrejas.com\/news\/wp-content\/uploads\/2026\/08\/DSC_0137.jpg\" srcset=\"https:\/\/pontodasigrejas.com\/news\/wp-content\/uploads\/2026\/08\/DSC_0137.jpg 1240w, https:\/\/pontodasigrejas.com\/news\/wp-content\/uploads\/2026\/08\/DSC_0137-300x200.jpg 300w, https:\/\/pontodasigrejas.com\/news\/wp-content\/uploads\/2026\/08\/DSC_0137-1024x683.jpg 1024w, https:\/\/pontodasigrejas.com\/news\/wp-content\/uploads\/2026\/08\/DSC_0137-768x512.jpg 768w, https:\/\/pontodasigrejas.com\/news\/wp-content\/uploads\/2026\/08\/DSC_0137-150x100.jpg 150w, https:\/\/pontodasigrejas.com\/news\/wp-content\/uploads\/2026\/08\/DSC_0137-696x464.jpg 696w, https:\/\/pontodasigrejas.com\/news\/wp-content\/uploads\/2026\/08\/DSC_0137-1068x712.jpg 1068w, https:\/\/pontodasigrejas.com\/news\/wp-content\/uploads\/2026\/08\/DSC_0137-600x400.jpg 600w\" sizes=\"(max-width: 1240px) 100vw, 1240px\" alt=\"\">\r\n                            <\/a>\r\n                            \r\n                        <\/figure>\r\n                    <\/div>\r\n                    <div class = \"td-slide-item td-item21\">\r\n                        <figure class=\"td-slide-galery-figure td-slide-popup-gallery\">\r\n                            <a class=\"slide-gallery-image-link\" href=\"https:\/\/pontodasigrejas.com\/news\/wp-content\/uploads\/2026\/08\/DSC_0145.jpg\" title=\"DSC_0145\"  data-caption=\"A Mega Disconildo de Campo Grande sorteu um microfone sem fio na reuni\u00e3o do COPAZO. Foto: @pontodasigrejas\"  data-description=\"\">\r\n                                <img decoding=\"async\" src=\"https:\/\/pontodasigrejas.com\/news\/wp-content\/uploads\/2026\/08\/DSC_0145.jpg\" srcset=\"https:\/\/pontodasigrejas.com\/news\/wp-content\/uploads\/2026\/08\/DSC_0145.jpg 1147w, https:\/\/pontodasigrejas.com\/news\/wp-content\/uploads\/2026\/08\/DSC_0145-200x300.jpg 200w, https:\/\/pontodasigrejas.com\/news\/wp-content\/uploads\/2026\/08\/DSC_0145-683x1024.jpg 683w, https:\/\/pontodasigrejas.com\/news\/wp-content\/uploads\/2026\/08\/DSC_0145-768x1152.jpg 768w, https:\/\/pontodasigrejas.com\/news\/wp-content\/uploads\/2026\/08\/DSC_0145-1024x1536.jpg 1024w, https:\/\/pontodasigrejas.com\/news\/wp-content\/uploads\/2026\/08\/DSC_0145-150x225.jpg 150w, https:\/\/pontodasigrejas.com\/news\/wp-content\/uploads\/2026\/08\/DSC_0145-300x450.jpg 300w, https:\/\/pontodasigrejas.com\/news\/wp-content\/uploads\/2026\/08\/DSC_0145-696x1044.jpg 696w, https:\/\/pontodasigrejas.com\/news\/wp-content\/uploads\/2026\/08\/DSC_0145-1068x1602.jpg 1068w, https:\/\/pontodasigrejas.com\/news\/wp-content\/uploads\/2026\/08\/DSC_0145-600x900.jpg 600w\" sizes=\"(max-width: 1147px) 100vw, 1147px\" alt=\"\">\r\n                            <\/a>\r\n                            <figcaption class = \"td-slide-caption td-gallery-slide-content\"><div class = \"td-gallery-slide-copywrite\">A Mega Disconildo de Campo Grande sorteu um microfone sem fio na reuni\u00e3o do COPAZO. Foto: @pontodasigrejas<\/div><\/figcaption>\r\n                        <\/figure>\r\n                    <\/div>\r\n                    <div class = \"td-slide-item td-item22\">\r\n                        <figure class=\"td-slide-galery-figure td-slide-popup-gallery\">\r\n                            <a class=\"slide-gallery-image-link\" href=\"https:\/\/pontodasigrejas.com\/news\/wp-content\/uploads\/2026\/08\/DSC_0146.jpg\" title=\"DSC_0146\"  data-caption=\"\"  data-description=\"\">\r\n                                <img decoding=\"async\" src=\"https:\/\/pontodasigrejas.com\/news\/wp-content\/uploads\/2026\/08\/DSC_0146.jpg\" srcset=\"https:\/\/pontodasigrejas.com\/news\/wp-content\/uploads\/2026\/08\/DSC_0146.jpg 1240w, https:\/\/pontodasigrejas.com\/news\/wp-content\/uploads\/2026\/08\/DSC_0146-300x200.jpg 300w, https:\/\/pontodasigrejas.com\/news\/wp-content\/uploads\/2026\/08\/DSC_0146-1024x683.jpg 1024w, https:\/\/pontodasigrejas.com\/news\/wp-content\/uploads\/2026\/08\/DSC_0146-768x512.jpg 768w, https:\/\/pontodasigrejas.com\/news\/wp-content\/uploads\/2026\/08\/DSC_0146-150x100.jpg 150w, https:\/\/pontodasigrejas.com\/news\/wp-content\/uploads\/2026\/08\/DSC_0146-696x464.jpg 696w, https:\/\/pontodasigrejas.com\/news\/wp-content\/uploads\/2026\/08\/DSC_0146-1068x712.jpg 1068w, https:\/\/pontodasigrejas.com\/news\/wp-content\/uploads\/2026\/08\/DSC_0146-600x400.jpg 600w\" sizes=\"(max-width: 1240px) 100vw, 1240px\" alt=\"\">\r\n                            <\/a>\r\n                            \r\n                        <\/figure>\r\n                    <\/div>\r\n                    <div class = \"td-slide-item td-item23\">\r\n                        <figure class=\"td-slide-galery-figure td-slide-popup-gallery\">\r\n                            <a class=\"slide-gallery-image-link\" href=\"https:\/\/pontodasigrejas.com\/news\/wp-content\/uploads\/2026\/08\/DSC_0151.jpg\" title=\"DSC_0151\"  data-caption=\"\"  data-description=\"\">\r\n                                <img decoding=\"async\" src=\"https:\/\/pontodasigrejas.com\/news\/wp-content\/uploads\/2026\/08\/DSC_0151.jpg\" srcset=\"https:\/\/pontodasigrejas.com\/news\/wp-content\/uploads\/2026\/08\/DSC_0151.jpg 1147w, https:\/\/pontodasigrejas.com\/news\/wp-content\/uploads\/2026\/08\/DSC_0151-200x300.jpg 200w, https:\/\/pontodasigrejas.com\/news\/wp-content\/uploads\/2026\/08\/DSC_0151-683x1024.jpg 683w, https:\/\/pontodasigrejas.com\/news\/wp-content\/uploads\/2026\/08\/DSC_0151-768x1152.jpg 768w, https:\/\/pontodasigrejas.com\/news\/wp-content\/uploads\/2026\/08\/DSC_0151-1024x1536.jpg 1024w, https:\/\/pontodasigrejas.com\/news\/wp-content\/uploads\/2026\/08\/DSC_0151-150x225.jpg 150w, https:\/\/pontodasigrejas.com\/news\/wp-content\/uploads\/2026\/08\/DSC_0151-300x450.jpg 300w, https:\/\/pontodasigrejas.com\/news\/wp-content\/uploads\/2026\/08\/DSC_0151-696x1044.jpg 696w, https:\/\/pontodasigrejas.com\/news\/wp-content\/uploads\/2026\/08\/DSC_0151-1068x1602.jpg 1068w, https:\/\/pontodasigrejas.com\/news\/wp-content\/uploads\/2026\/08\/DSC_0151-600x900.jpg 600w\" sizes=\"(max-width: 1147px) 100vw, 1147px\" alt=\"\">\r\n                            <\/a>\r\n                            \r\n                        <\/figure>\r\n                    <\/div>\r\n                    <div class = \"td-slide-item td-item24\">\r\n                        <figure class=\"td-slide-galery-figure td-slide-popup-gallery\">\r\n                            <a class=\"slide-gallery-image-link\" href=\"https:\/\/pontodasigrejas.com\/news\/wp-content\/uploads\/2026\/08\/DSC_0152.jpg\" title=\"DSC_0152\"  data-caption=\"\"  data-description=\"\">\r\n                                <img decoding=\"async\" src=\"https:\/\/pontodasigrejas.com\/news\/wp-content\/uploads\/2026\/08\/DSC_0152.jpg\" srcset=\"https:\/\/pontodasigrejas.com\/news\/wp-content\/uploads\/2026\/08\/DSC_0152.jpg 1240w, https:\/\/pontodasigrejas.com\/news\/wp-content\/uploads\/2026\/08\/DSC_0152-300x200.jpg 300w, https:\/\/pontodasigrejas.com\/news\/wp-content\/uploads\/2026\/08\/DSC_0152-1024x683.jpg 1024w, https:\/\/pontodasigrejas.com\/news\/wp-content\/uploads\/2026\/08\/DSC_0152-768x512.jpg 768w, https:\/\/pontodasigrejas.com\/news\/wp-content\/uploads\/2026\/08\/DSC_0152-150x100.jpg 150w, https:\/\/pontodasigrejas.com\/news\/wp-content\/uploads\/2026\/08\/DSC_0152-696x464.jpg 696w, https:\/\/pontodasigrejas.com\/news\/wp-content\/uploads\/2026\/08\/DSC_0152-1068x712.jpg 1068w, https:\/\/pontodasigrejas.com\/news\/wp-content\/uploads\/2026\/08\/DSC_0152-600x400.jpg 600w\" sizes=\"(max-width: 1240px) 100vw, 1240px\" alt=\"\">\r\n                            <\/a>\r\n                            \r\n                        <\/figure>\r\n                    <\/div>\r\n                    <div class = \"td-slide-item td-item25\">\r\n                        <figure class=\"td-slide-galery-figure td-slide-popup-gallery\">\r\n                            <a class=\"slide-gallery-image-link\" href=\"https:\/\/pontodasigrejas.com\/news\/wp-content\/uploads\/2026\/08\/DSC_0155.jpg\" title=\"DSC_0155\"  data-caption=\"\"  data-description=\"\">\r\n                                <img decoding=\"async\" src=\"https:\/\/pontodasigrejas.com\/news\/wp-content\/uploads\/2026\/08\/DSC_0155.jpg\" srcset=\"https:\/\/pontodasigrejas.com\/news\/wp-content\/uploads\/2026\/08\/DSC_0155.jpg 1147w, https:\/\/pontodasigrejas.com\/news\/wp-content\/uploads\/2026\/08\/DSC_0155-200x300.jpg 200w, https:\/\/pontodasigrejas.com\/news\/wp-content\/uploads\/2026\/08\/DSC_0155-683x1024.jpg 683w, https:\/\/pontodasigrejas.com\/news\/wp-content\/uploads\/2026\/08\/DSC_0155-768x1152.jpg 768w, https:\/\/pontodasigrejas.com\/news\/wp-content\/uploads\/2026\/08\/DSC_0155-1024x1536.jpg 1024w, https:\/\/pontodasigrejas.com\/news\/wp-content\/uploads\/2026\/08\/DSC_0155-150x225.jpg 150w, https:\/\/pontodasigrejas.com\/news\/wp-content\/uploads\/2026\/08\/DSC_0155-300x450.jpg 300w, https:\/\/pontodasigrejas.com\/news\/wp-content\/uploads\/2026\/08\/DSC_0155-696x1044.jpg 696w, https:\/\/pontodasigrejas.com\/news\/wp-content\/uploads\/2026\/08\/DSC_0155-1068x1602.jpg 1068w, https:\/\/pontodasigrejas.com\/news\/wp-content\/uploads\/2026\/08\/DSC_0155-600x900.jpg 600w\" sizes=\"(max-width: 1147px) 100vw, 1147px\" alt=\"\">\r\n                            <\/a>\r\n                            \r\n                        <\/figure>\r\n                    <\/div>\r\n                    <div class = \"td-slide-item td-item26\">\r\n                        <figure class=\"td-slide-galery-figure td-slide-popup-gallery\">\r\n                            <a class=\"slide-gallery-image-link\" href=\"https:\/\/pontodasigrejas.com\/news\/wp-content\/uploads\/2026\/08\/DSC_0158.jpg\" title=\"DSC_0158\"  data-caption=\"\"  data-description=\"\">\r\n                                <img decoding=\"async\" src=\"https:\/\/pontodasigrejas.com\/news\/wp-content\/uploads\/2026\/08\/DSC_0158.jpg\" srcset=\"https:\/\/pontodasigrejas.com\/news\/wp-content\/uploads\/2026\/08\/DSC_0158.jpg 1147w, https:\/\/pontodasigrejas.com\/news\/wp-content\/uploads\/2026\/08\/DSC_0158-200x300.jpg 200w, https:\/\/pontodasigrejas.com\/news\/wp-content\/uploads\/2026\/08\/DSC_0158-683x1024.jpg 683w, https:\/\/pontodasigrejas.com\/news\/wp-content\/uploads\/2026\/08\/DSC_0158-768x1152.jpg 768w, https:\/\/pontodasigrejas.com\/news\/wp-content\/uploads\/2026\/08\/DSC_0158-1024x1536.jpg 1024w, https:\/\/pontodasigrejas.com\/news\/wp-content\/uploads\/2026\/08\/DSC_0158-150x225.jpg 150w, https:\/\/pontodasigrejas.com\/news\/wp-content\/uploads\/2026\/08\/DSC_0158-300x450.jpg 300w, https:\/\/pontodasigrejas.com\/news\/wp-content\/uploads\/2026\/08\/DSC_0158-696x1044.jpg 696w, https:\/\/pontodasigrejas.com\/news\/wp-content\/uploads\/2026\/08\/DSC_0158-1068x1602.jpg 1068w, https:\/\/pontodasigrejas.com\/news\/wp-content\/uploads\/2026\/08\/DSC_0158-600x900.jpg 600w\" sizes=\"(max-width: 1147px) 100vw, 1147px\" alt=\"\">\r\n                            <\/a>\r\n                            \r\n                        <\/figure>\r\n                    <\/div>\r\n                    <div class = \"td-slide-item td-item27\">\r\n                        <figure class=\"td-slide-galery-figure td-slide-popup-gallery\">\r\n                            <a class=\"slide-gallery-image-link\" href=\"https:\/\/pontodasigrejas.com\/news\/wp-content\/uploads\/2026\/08\/DSC_0162.jpg\" title=\"DSC_0162\"  data-caption=\"\"  data-description=\"\">\r\n                                <img decoding=\"async\" src=\"https:\/\/pontodasigrejas.com\/news\/wp-content\/uploads\/2026\/08\/DSC_0162.jpg\" srcset=\"https:\/\/pontodasigrejas.com\/news\/wp-content\/uploads\/2026\/08\/DSC_0162.jpg 1240w, https:\/\/pontodasigrejas.com\/news\/wp-content\/uploads\/2026\/08\/DSC_0162-300x200.jpg 300w, https:\/\/pontodasigrejas.com\/news\/wp-content\/uploads\/2026\/08\/DSC_0162-1024x683.jpg 1024w, https:\/\/pontodasigrejas.com\/news\/wp-content\/uploads\/2026\/08\/DSC_0162-768x512.jpg 768w, https:\/\/pontodasigrejas.com\/news\/wp-content\/uploads\/2026\/08\/DSC_0162-150x100.jpg 150w, https:\/\/pontodasigrejas.com\/news\/wp-content\/uploads\/2026\/08\/DSC_0162-696x464.jpg 696w, https:\/\/pontodasigrejas.com\/news\/wp-content\/uploads\/2026\/08\/DSC_0162-1068x712.jpg 1068w, https:\/\/pontodasigrejas.com\/news\/wp-content\/uploads\/2026\/08\/DSC_0162-600x400.jpg 600w\" sizes=\"(max-width: 1240px) 100vw, 1240px\" alt=\"\">\r\n                            <\/a>\r\n                            \r\n                        <\/figure>\r\n                    <\/div>\r\n                    <div class = \"td-slide-item td-item28\">\r\n                        <figure class=\"td-slide-galery-figure td-slide-popup-gallery\">\r\n                            <a class=\"slide-gallery-image-link\" href=\"https:\/\/pontodasigrejas.com\/news\/wp-content\/uploads\/2026\/08\/DSC_0166.jpg\" title=\"DSC_0166\"  data-caption=\"\"  data-description=\"\">\r\n                                <img decoding=\"async\" src=\"https:\/\/pontodasigrejas.com\/news\/wp-content\/uploads\/2026\/08\/DSC_0166.jpg\" srcset=\"https:\/\/pontodasigrejas.com\/news\/wp-content\/uploads\/2026\/08\/DSC_0166.jpg 1240w, https:\/\/pontodasigrejas.com\/news\/wp-content\/uploads\/2026\/08\/DSC_0166-300x200.jpg 300w, https:\/\/pontodasigrejas.com\/news\/wp-content\/uploads\/2026\/08\/DSC_0166-1024x683.jpg 1024w, https:\/\/pontodasigrejas.com\/news\/wp-content\/uploads\/2026\/08\/DSC_0166-768x512.jpg 768w, https:\/\/pontodasigrejas.com\/news\/wp-content\/uploads\/2026\/08\/DSC_0166-150x100.jpg 150w, https:\/\/pontodasigrejas.com\/news\/wp-content\/uploads\/2026\/08\/DSC_0166-696x464.jpg 696w, https:\/\/pontodasigrejas.com\/news\/wp-content\/uploads\/2026\/08\/DSC_0166-1068x712.jpg 1068w, https:\/\/pontodasigrejas.com\/news\/wp-content\/uploads\/2026\/08\/DSC_0166-600x400.jpg 600w\" sizes=\"(max-width: 1240px) 100vw, 1240px\" alt=\"\">\r\n                            <\/a>\r\n                            \r\n                        <\/figure>\r\n                    <\/div>\r\n                    <div class = \"td-slide-item td-item29\">\r\n                        <figure class=\"td-slide-galery-figure td-slide-popup-gallery\">\r\n                            <a class=\"slide-gallery-image-link\" href=\"https:\/\/pontodasigrejas.com\/news\/wp-content\/uploads\/2026\/08\/DSC_0170.jpg\" title=\"DSC_0170\"  data-caption=\"\"  data-description=\"\">\r\n                                <img decoding=\"async\" src=\"https:\/\/pontodasigrejas.com\/news\/wp-content\/uploads\/2026\/08\/DSC_0170.jpg\" srcset=\"https:\/\/pontodasigrejas.com\/news\/wp-content\/uploads\/2026\/08\/DSC_0170.jpg 1240w, https:\/\/pontodasigrejas.com\/news\/wp-content\/uploads\/2026\/08\/DSC_0170-300x200.jpg 300w, https:\/\/pontodasigrejas.com\/news\/wp-content\/uploads\/2026\/08\/DSC_0170-1024x683.jpg 1024w, https:\/\/pontodasigrejas.com\/news\/wp-content\/uploads\/2026\/08\/DSC_0170-768x512.jpg 768w, https:\/\/pontodasigrejas.com\/news\/wp-content\/uploads\/2026\/08\/DSC_0170-150x100.jpg 150w, https:\/\/pontodasigrejas.com\/news\/wp-content\/uploads\/2026\/08\/DSC_0170-696x464.jpg 696w, https:\/\/pontodasigrejas.com\/news\/wp-content\/uploads\/2026\/08\/DSC_0170-1068x712.jpg 1068w, https:\/\/pontodasigrejas.com\/news\/wp-content\/uploads\/2026\/08\/DSC_0170-600x400.jpg 600w\" sizes=\"(max-width: 1240px) 100vw, 1240px\" alt=\"\">\r\n                            <\/a>\r\n                            \r\n                        <\/figure>\r\n                    <\/div>\r\n                    <div class = \"td-slide-item td-item30\">\r\n                        <figure class=\"td-slide-galery-figure td-slide-popup-gallery\">\r\n                            <a class=\"slide-gallery-image-link\" href=\"https:\/\/pontodasigrejas.com\/news\/wp-content\/uploads\/2026\/08\/DSC_0188-Aprimorado-NR.jpg\" title=\"DSC_0188-Aprimorado-NR\"  data-caption=\"\"  data-description=\"\">\r\n                                <img decoding=\"async\" src=\"https:\/\/pontodasigrejas.com\/news\/wp-content\/uploads\/2026\/08\/DSC_0188-Aprimorado-NR.jpg\" srcset=\"https:\/\/pontodasigrejas.com\/news\/wp-content\/uploads\/2026\/08\/DSC_0188-Aprimorado-NR.jpg 1240w, https:\/\/pontodasigrejas.com\/news\/wp-content\/uploads\/2026\/08\/DSC_0188-Aprimorado-NR-300x200.jpg 300w, https:\/\/pontodasigrejas.com\/news\/wp-content\/uploads\/2026\/08\/DSC_0188-Aprimorado-NR-1024x683.jpg 1024w, https:\/\/pontodasigrejas.com\/news\/wp-content\/uploads\/2026\/08\/DSC_0188-Aprimorado-NR-768x512.jpg 768w, https:\/\/pontodasigrejas.com\/news\/wp-content\/uploads\/2026\/08\/DSC_0188-Aprimorado-NR-150x100.jpg 150w, https:\/\/pontodasigrejas.com\/news\/wp-content\/uploads\/2026\/08\/DSC_0188-Aprimorado-NR-696x464.jpg 696w, https:\/\/pontodasigrejas.com\/news\/wp-content\/uploads\/2026\/08\/DSC_0188-Aprimorado-NR-1068x712.jpg 1068w, https:\/\/pontodasigrejas.com\/news\/wp-content\/uploads\/2026\/08\/DSC_0188-Aprimorado-NR-600x400.jpg 600w\" sizes=\"(max-width: 1240px) 100vw, 1240px\" alt=\"\">\r\n                            <\/a>\r\n                            \r\n                        <\/figure>\r\n                    <\/div>\r\n                    <div class = \"td-slide-item td-item31\">\r\n                        <figure class=\"td-slide-galery-figure td-slide-popup-gallery\">\r\n                            <a class=\"slide-gallery-image-link\" href=\"https:\/\/pontodasigrejas.com\/news\/wp-content\/uploads\/2026\/08\/DSC_0192.jpg\" title=\"DSC_0192\"  data-caption=\"\"  data-description=\"\">\r\n                                <img decoding=\"async\" src=\"https:\/\/pontodasigrejas.com\/news\/wp-content\/uploads\/2026\/08\/DSC_0192.jpg\" srcset=\"https:\/\/pontodasigrejas.com\/news\/wp-content\/uploads\/2026\/08\/DSC_0192.jpg 1240w, https:\/\/pontodasigrejas.com\/news\/wp-content\/uploads\/2026\/08\/DSC_0192-300x200.jpg 300w, https:\/\/pontodasigrejas.com\/news\/wp-content\/uploads\/2026\/08\/DSC_0192-1024x683.jpg 1024w, https:\/\/pontodasigrejas.com\/news\/wp-content\/uploads\/2026\/08\/DSC_0192-768x512.jpg 768w, https:\/\/pontodasigrejas.com\/news\/wp-content\/uploads\/2026\/08\/DSC_0192-150x100.jpg 150w, https:\/\/pontodasigrejas.com\/news\/wp-content\/uploads\/2026\/08\/DSC_0192-696x464.jpg 696w, https:\/\/pontodasigrejas.com\/news\/wp-content\/uploads\/2026\/08\/DSC_0192-1068x712.jpg 1068w, https:\/\/pontodasigrejas.com\/news\/wp-content\/uploads\/2026\/08\/DSC_0192-600x400.jpg 600w\" sizes=\"(max-width: 1240px) 100vw, 1240px\" alt=\"\">\r\n                            <\/a>\r\n                            \r\n                        <\/figure>\r\n                    <\/div>\r\n                    <div class = \"td-slide-item td-item32\">\r\n                        <figure class=\"td-slide-galery-figure td-slide-popup-gallery\">\r\n                            <a class=\"slide-gallery-image-link\" href=\"https:\/\/pontodasigrejas.com\/news\/wp-content\/uploads\/2026\/08\/DSC_0195.jpg\" title=\"DSC_0195\"  data-caption=\"\"  data-description=\"\">\r\n                                <img decoding=\"async\" src=\"https:\/\/pontodasigrejas.com\/news\/wp-content\/uploads\/2026\/08\/DSC_0195.jpg\" srcset=\"https:\/\/pontodasigrejas.com\/news\/wp-content\/uploads\/2026\/08\/DSC_0195.jpg 1240w, https:\/\/pontodasigrejas.com\/news\/wp-content\/uploads\/2026\/08\/DSC_0195-300x200.jpg 300w, https:\/\/pontodasigrejas.com\/news\/wp-content\/uploads\/2026\/08\/DSC_0195-1024x683.jpg 1024w, https:\/\/pontodasigrejas.com\/news\/wp-content\/uploads\/2026\/08\/DSC_0195-768x512.jpg 768w, https:\/\/pontodasigrejas.com\/news\/wp-content\/uploads\/2026\/08\/DSC_0195-150x100.jpg 150w, https:\/\/pontodasigrejas.com\/news\/wp-content\/uploads\/2026\/08\/DSC_0195-696x464.jpg 696w, https:\/\/pontodasigrejas.com\/news\/wp-content\/uploads\/2026\/08\/DSC_0195-1068x712.jpg 1068w, https:\/\/pontodasigrejas.com\/news\/wp-content\/uploads\/2026\/08\/DSC_0195-600x400.jpg 600w\" sizes=\"(max-width: 1240px) 100vw, 1240px\" alt=\"\">\r\n                            <\/a>\r\n                            \r\n                        <\/figure>\r\n                    <\/div>\r\n                    <div class = \"td-slide-item td-item33\">\r\n                        <figure class=\"td-slide-galery-figure td-slide-popup-gallery\">\r\n                            <a class=\"slide-gallery-image-link\" href=\"https:\/\/pontodasigrejas.com\/news\/wp-content\/uploads\/2026\/08\/DSC_0196.jpg\" title=\"DSC_0196\"  data-caption=\"\"  data-description=\"\">\r\n                                <img decoding=\"async\" src=\"https:\/\/pontodasigrejas.com\/news\/wp-content\/uploads\/2026\/08\/DSC_0196.jpg\" srcset=\"https:\/\/pontodasigrejas.com\/news\/wp-content\/uploads\/2026\/08\/DSC_0196.jpg 1240w, https:\/\/pontodasigrejas.com\/news\/wp-content\/uploads\/2026\/08\/DSC_0196-300x200.jpg 300w, https:\/\/pontodasigrejas.com\/news\/wp-content\/uploads\/2026\/08\/DSC_0196-1024x683.jpg 1024w, https:\/\/pontodasigrejas.com\/news\/wp-content\/uploads\/2026\/08\/DSC_0196-768x512.jpg 768w, https:\/\/pontodasigrejas.com\/news\/wp-content\/uploads\/2026\/08\/DSC_0196-150x100.jpg 150w, https:\/\/pontodasigrejas.com\/news\/wp-content\/uploads\/2026\/08\/DSC_0196-696x464.jpg 696w, https:\/\/pontodasigrejas.com\/news\/wp-content\/uploads\/2026\/08\/DSC_0196-1068x712.jpg 1068w, https:\/\/pontodasigrejas.com\/news\/wp-content\/uploads\/2026\/08\/DSC_0196-600x400.jpg 600w\" sizes=\"(max-width: 1240px) 100vw, 1240px\" alt=\"\">\r\n                            <\/a>\r\n                            \r\n                        <\/figure>\r\n                    <\/div>\r\n                    <div class = \"td-slide-item td-item34\">\r\n                        <figure class=\"td-slide-galery-figure td-slide-popup-gallery\">\r\n                            <a class=\"slide-gallery-image-link\" href=\"https:\/\/pontodasigrejas.com\/news\/wp-content\/uploads\/2026\/08\/DSC_0200.jpg\" title=\"DSC_0200\"  data-caption=\"\"  data-description=\"\">\r\n                                <img decoding=\"async\" src=\"https:\/\/pontodasigrejas.com\/news\/wp-content\/uploads\/2026\/08\/DSC_0200.jpg\" srcset=\"https:\/\/pontodasigrejas.com\/news\/wp-content\/uploads\/2026\/08\/DSC_0200.jpg 1240w, https:\/\/pontodasigrejas.com\/news\/wp-content\/uploads\/2026\/08\/DSC_0200-300x200.jpg 300w, https:\/\/pontodasigrejas.com\/news\/wp-content\/uploads\/2026\/08\/DSC_0200-1024x683.jpg 1024w, https:\/\/pontodasigrejas.com\/news\/wp-content\/uploads\/2026\/08\/DSC_0200-768x512.jpg 768w, https:\/\/pontodasigrejas.com\/news\/wp-content\/uploads\/2026\/08\/DSC_0200-150x100.jpg 150w, https:\/\/pontodasigrejas.com\/news\/wp-content\/uploads\/2026\/08\/DSC_0200-696x464.jpg 696w, https:\/\/pontodasigrejas.com\/news\/wp-content\/uploads\/2026\/08\/DSC_0200-1068x712.jpg 1068w, https:\/\/pontodasigrejas.com\/news\/wp-content\/uploads\/2026\/08\/DSC_0200-600x400.jpg 600w\" sizes=\"(max-width: 1240px) 100vw, 1240px\" alt=\"\">\r\n                            <\/a>\r\n                            \r\n                        <\/figure>\r\n                    <\/div>\r\n                    <div class = \"td-slide-item td-item35\">\r\n                        <figure class=\"td-slide-galery-figure td-slide-popup-gallery\">\r\n                            <a class=\"slide-gallery-image-link\" href=\"https:\/\/pontodasigrejas.com\/news\/wp-content\/uploads\/2026\/08\/DSC_0201.jpg\" title=\"DSC_0201\"  data-caption=\"\"  data-description=\"\">\r\n                                <img decoding=\"async\" src=\"https:\/\/pontodasigrejas.com\/news\/wp-content\/uploads\/2026\/08\/DSC_0201.jpg\" srcset=\"https:\/\/pontodasigrejas.com\/news\/wp-content\/uploads\/2026\/08\/DSC_0201.jpg 1240w, https:\/\/pontodasigrejas.com\/news\/wp-content\/uploads\/2026\/08\/DSC_0201-300x200.jpg 300w, https:\/\/pontodasigrejas.com\/news\/wp-content\/uploads\/2026\/08\/DSC_0201-1024x683.jpg 1024w, https:\/\/pontodasigrejas.com\/news\/wp-content\/uploads\/2026\/08\/DSC_0201-768x512.jpg 768w, https:\/\/pontodasigrejas.com\/news\/wp-content\/uploads\/2026\/08\/DSC_0201-150x100.jpg 150w, https:\/\/pontodasigrejas.com\/news\/wp-content\/uploads\/2026\/08\/DSC_0201-696x464.jpg 696w, https:\/\/pontodasigrejas.com\/news\/wp-content\/uploads\/2026\/08\/DSC_0201-1068x712.jpg 1068w, https:\/\/pontodasigrejas.com\/news\/wp-content\/uploads\/2026\/08\/DSC_0201-600x400.jpg 600w\" sizes=\"(max-width: 1240px) 100vw, 1240px\" alt=\"\">\r\n                            <\/a>\r\n                            \r\n                        <\/figure>\r\n                    <\/div>\r\n                    <div class = \"td-slide-item td-item36\">\r\n                        <figure class=\"td-slide-galery-figure td-slide-popup-gallery\">\r\n                            <a class=\"slide-gallery-image-link\" href=\"https:\/\/pontodasigrejas.com\/news\/wp-content\/uploads\/2026\/08\/DSC_0210-Aprimorado-NR.jpg\" title=\"DSC_0210-Aprimorado-NR\"  data-caption=\"\"  data-description=\"\">\r\n                                <img decoding=\"async\" src=\"https:\/\/pontodasigrejas.com\/news\/wp-content\/uploads\/2026\/08\/DSC_0210-Aprimorado-NR.jpg\" srcset=\"https:\/\/pontodasigrejas.com\/news\/wp-content\/uploads\/2026\/08\/DSC_0210-Aprimorado-NR.jpg 1240w, https:\/\/pontodasigrejas.com\/news\/wp-content\/uploads\/2026\/08\/DSC_0210-Aprimorado-NR-300x200.jpg 300w, https:\/\/pontodasigrejas.com\/news\/wp-content\/uploads\/2026\/08\/DSC_0210-Aprimorado-NR-1024x683.jpg 1024w, https:\/\/pontodasigrejas.com\/news\/wp-content\/uploads\/2026\/08\/DSC_0210-Aprimorado-NR-768x512.jpg 768w, https:\/\/pontodasigrejas.com\/news\/wp-content\/uploads\/2026\/08\/DSC_0210-Aprimorado-NR-150x100.jpg 150w, https:\/\/pontodasigrejas.com\/news\/wp-content\/uploads\/2026\/08\/DSC_0210-Aprimorado-NR-696x464.jpg 696w, https:\/\/pontodasigrejas.com\/news\/wp-content\/uploads\/2026\/08\/DSC_0210-Aprimorado-NR-1068x712.jpg 1068w, https:\/\/pontodasigrejas.com\/news\/wp-content\/uploads\/2026\/08\/DSC_0210-Aprimorado-NR-600x400.jpg 600w\" sizes=\"(max-width: 1240px) 100vw, 1240px\" alt=\"\">\r\n                            <\/a>\r\n                            \r\n                        <\/figure>\r\n                    <\/div>\r\n                    <div class = \"td-slide-item td-item37\">\r\n                        <figure class=\"td-slide-galery-figure td-slide-popup-gallery\">\r\n                            <a class=\"slide-gallery-image-link\" href=\"https:\/\/pontodasigrejas.com\/news\/wp-content\/uploads\/2026\/08\/DSC_0220.jpg\" title=\"DSC_0220\"  data-caption=\"\"  data-description=\"\">\r\n                                <img decoding=\"async\" src=\"https:\/\/pontodasigrejas.com\/news\/wp-content\/uploads\/2026\/08\/DSC_0220.jpg\" srcset=\"https:\/\/pontodasigrejas.com\/news\/wp-content\/uploads\/2026\/08\/DSC_0220.jpg 1240w, https:\/\/pontodasigrejas.com\/news\/wp-content\/uploads\/2026\/08\/DSC_0220-300x200.jpg 300w, https:\/\/pontodasigrejas.com\/news\/wp-content\/uploads\/2026\/08\/DSC_0220-1024x683.jpg 1024w, https:\/\/pontodasigrejas.com\/news\/wp-content\/uploads\/2026\/08\/DSC_0220-768x512.jpg 768w, https:\/\/pontodasigrejas.com\/news\/wp-content\/uploads\/2026\/08\/DSC_0220-150x100.jpg 150w, https:\/\/pontodasigrejas.com\/news\/wp-content\/uploads\/2026\/08\/DSC_0220-696x464.jpg 696w, https:\/\/pontodasigrejas.com\/news\/wp-content\/uploads\/2026\/08\/DSC_0220-1068x712.jpg 1068w, https:\/\/pontodasigrejas.com\/news\/wp-content\/uploads\/2026\/08\/DSC_0220-600x400.jpg 600w\" sizes=\"(max-width: 1240px) 100vw, 1240px\" alt=\"\">\r\n                            <\/a>\r\n                            \r\n                        <\/figure>\r\n                    <\/div>\r\n                    <div class = \"td-slide-item td-item38\">\r\n                        <figure class=\"td-slide-galery-figure td-slide-popup-gallery\">\r\n                            <a class=\"slide-gallery-image-link\" href=\"https:\/\/pontodasigrejas.com\/news\/wp-content\/uploads\/2026\/08\/DSC_0237.jpg\" title=\"DSC_0237\"  data-caption=\"\"  data-description=\"\">\r\n                                <img decoding=\"async\" src=\"https:\/\/pontodasigrejas.com\/news\/wp-content\/uploads\/2026\/08\/DSC_0237.jpg\" srcset=\"https:\/\/pontodasigrejas.com\/news\/wp-content\/uploads\/2026\/08\/DSC_0237.jpg 1147w, https:\/\/pontodasigrejas.com\/news\/wp-content\/uploads\/2026\/08\/DSC_0237-200x300.jpg 200w, https:\/\/pontodasigrejas.com\/news\/wp-content\/uploads\/2026\/08\/DSC_0237-683x1024.jpg 683w, https:\/\/pontodasigrejas.com\/news\/wp-content\/uploads\/2026\/08\/DSC_0237-768x1152.jpg 768w, https:\/\/pontodasigrejas.com\/news\/wp-content\/uploads\/2026\/08\/DSC_0237-1024x1536.jpg 1024w, https:\/\/pontodasigrejas.com\/news\/wp-content\/uploads\/2026\/08\/DSC_0237-150x225.jpg 150w, https:\/\/pontodasigrejas.com\/news\/wp-content\/uploads\/2026\/08\/DSC_0237-300x450.jpg 300w, https:\/\/pontodasigrejas.com\/news\/wp-content\/uploads\/2026\/08\/DSC_0237-696x1044.jpg 696w, https:\/\/pontodasigrejas.com\/news\/wp-content\/uploads\/2026\/08\/DSC_0237-1068x1602.jpg 1068w, https:\/\/pontodasigrejas.com\/news\/wp-content\/uploads\/2026\/08\/DSC_0237-600x900.jpg 600w\" sizes=\"(max-width: 1147px) 100vw, 1147px\" alt=\"\">\r\n                            <\/a>\r\n                            \r\n                        <\/figure>\r\n                    <\/div>\r\n                    <div class = \"td-slide-item td-item39\">\r\n                        <figure class=\"td-slide-galery-figure td-slide-popup-gallery\">\r\n                            <a class=\"slide-gallery-image-link\" href=\"https:\/\/pontodasigrejas.com\/news\/wp-content\/uploads\/2026\/08\/DSC_0238-Aprimorado-NR.jpg\" title=\"DSC_0238-Aprimorado-NR\"  data-caption=\"\"  data-description=\"\">\r\n                                <img decoding=\"async\" src=\"https:\/\/pontodasigrejas.com\/news\/wp-content\/uploads\/2026\/08\/DSC_0238-Aprimorado-NR.jpg\" srcset=\"https:\/\/pontodasigrejas.com\/news\/wp-content\/uploads\/2026\/08\/DSC_0238-Aprimorado-NR.jpg 1240w, https:\/\/pontodasigrejas.com\/news\/wp-content\/uploads\/2026\/08\/DSC_0238-Aprimorado-NR-300x200.jpg 300w, https:\/\/pontodasigrejas.com\/news\/wp-content\/uploads\/2026\/08\/DSC_0238-Aprimorado-NR-1024x683.jpg 1024w, https:\/\/pontodasigrejas.com\/news\/wp-content\/uploads\/2026\/08\/DSC_0238-Aprimorado-NR-768x512.jpg 768w, https:\/\/pontodasigrejas.com\/news\/wp-content\/uploads\/2026\/08\/DSC_0238-Aprimorado-NR-150x100.jpg 150w, https:\/\/pontodasigrejas.com\/news\/wp-content\/uploads\/2026\/08\/DSC_0238-Aprimorado-NR-696x464.jpg 696w, https:\/\/pontodasigrejas.com\/news\/wp-content\/uploads\/2026\/08\/DSC_0238-Aprimorado-NR-1068x712.jpg 1068w, https:\/\/pontodasigrejas.com\/news\/wp-content\/uploads\/2026\/08\/DSC_0238-Aprimorado-NR-600x400.jpg 600w\" sizes=\"(max-width: 1240px) 100vw, 1240px\" alt=\"\">\r\n                            <\/a>\r\n                            \r\n                        <\/figure>\r\n                    <\/div>\r\n                    <div class = \"td-slide-item td-item40\">\r\n                        <figure class=\"td-slide-galery-figure td-slide-popup-gallery\">\r\n                            <a class=\"slide-gallery-image-link\" href=\"https:\/\/pontodasigrejas.com\/news\/wp-content\/uploads\/2026\/08\/DSC_0245-Aprimorado-NR.jpg\" title=\"DSC_0245-Aprimorado-NR\"  data-caption=\"Pastor Davi Silveira foi o preletor da noite.\"  data-description=\"\">\r\n                                <img decoding=\"async\" src=\"https:\/\/pontodasigrejas.com\/news\/wp-content\/uploads\/2026\/08\/DSC_0245-Aprimorado-NR.jpg\" srcset=\"https:\/\/pontodasigrejas.com\/news\/wp-content\/uploads\/2026\/08\/DSC_0245-Aprimorado-NR.jpg 1240w, https:\/\/pontodasigrejas.com\/news\/wp-content\/uploads\/2026\/08\/DSC_0245-Aprimorado-NR-300x200.jpg 300w, https:\/\/pontodasigrejas.com\/news\/wp-content\/uploads\/2026\/08\/DSC_0245-Aprimorado-NR-1024x683.jpg 1024w, https:\/\/pontodasigrejas.com\/news\/wp-content\/uploads\/2026\/08\/DSC_0245-Aprimorado-NR-768x512.jpg 768w, https:\/\/pontodasigrejas.com\/news\/wp-content\/uploads\/2026\/08\/DSC_0245-Aprimorado-NR-150x100.jpg 150w, https:\/\/pontodasigrejas.com\/news\/wp-content\/uploads\/2026\/08\/DSC_0245-Aprimorado-NR-696x464.jpg 696w, https:\/\/pontodasigrejas.com\/news\/wp-content\/uploads\/2026\/08\/DSC_0245-Aprimorado-NR-1068x712.jpg 1068w, https:\/\/pontodasigrejas.com\/news\/wp-content\/uploads\/2026\/08\/DSC_0245-Aprimorado-NR-600x400.jpg 600w\" sizes=\"(max-width: 1240px) 100vw, 1240px\" alt=\"\">\r\n                            <\/a>\r\n                            <figcaption class = \"td-slide-caption td-gallery-slide-content\"><div class = \"td-gallery-slide-copywrite\">Pastor Davi Silveira foi o preletor da noite.<\/div><\/figcaption>\r\n                        <\/figure>\r\n                    <\/div>\r\n                    <div class = \"td-slide-item td-item41\">\r\n                        <figure class=\"td-slide-galery-figure td-slide-popup-gallery\">\r\n                            <a class=\"slide-gallery-image-link\" href=\"https:\/\/pontodasigrejas.com\/news\/wp-content\/uploads\/2026\/08\/DSC_0251-Aprimorado-NR.jpg\" title=\"DSC_0251-Aprimorado-NR\"  data-caption=\"\"  data-description=\"\">\r\n                                <img decoding=\"async\" src=\"https:\/\/pontodasigrejas.com\/news\/wp-content\/uploads\/2026\/08\/DSC_0251-Aprimorado-NR.jpg\" srcset=\"https:\/\/pontodasigrejas.com\/news\/wp-content\/uploads\/2026\/08\/DSC_0251-Aprimorado-NR.jpg 1240w, https:\/\/pontodasigrejas.com\/news\/wp-content\/uploads\/2026\/08\/DSC_0251-Aprimorado-NR-300x200.jpg 300w, https:\/\/pontodasigrejas.com\/news\/wp-content\/uploads\/2026\/08\/DSC_0251-Aprimorado-NR-1024x683.jpg 1024w, https:\/\/pontodasigrejas.com\/news\/wp-content\/uploads\/2026\/08\/DSC_0251-Aprimorado-NR-768x512.jpg 768w, https:\/\/pontodasigrejas.com\/news\/wp-content\/uploads\/2026\/08\/DSC_0251-Aprimorado-NR-150x100.jpg 150w, https:\/\/pontodasigrejas.com\/news\/wp-content\/uploads\/2026\/08\/DSC_0251-Aprimorado-NR-696x464.jpg 696w, https:\/\/pontodasigrejas.com\/news\/wp-content\/uploads\/2026\/08\/DSC_0251-Aprimorado-NR-1068x712.jpg 1068w, https:\/\/pontodasigrejas.com\/news\/wp-content\/uploads\/2026\/08\/DSC_0251-Aprimorado-NR-600x400.jpg 600w\" sizes=\"(max-width: 1240px) 100vw, 1240px\" alt=\"\">\r\n                            <\/a>\r\n                            \r\n                        <\/figure>\r\n                    <\/div>\r\n                    <div class = \"td-slide-item td-item42\">\r\n                        <figure class=\"td-slide-galery-figure td-slide-popup-gallery\">\r\n                            <a class=\"slide-gallery-image-link\" href=\"https:\/\/pontodasigrejas.com\/news\/wp-content\/uploads\/2026\/08\/DSC_0253.jpg\" title=\"DSC_0253\"  data-caption=\"\"  data-description=\"\">\r\n                                <img decoding=\"async\" src=\"https:\/\/pontodasigrejas.com\/news\/wp-content\/uploads\/2026\/08\/DSC_0253.jpg\" srcset=\"https:\/\/pontodasigrejas.com\/news\/wp-content\/uploads\/2026\/08\/DSC_0253.jpg 1240w, https:\/\/pontodasigrejas.com\/news\/wp-content\/uploads\/2026\/08\/DSC_0253-300x200.jpg 300w, https:\/\/pontodasigrejas.com\/news\/wp-content\/uploads\/2026\/08\/DSC_0253-1024x683.jpg 1024w, https:\/\/pontodasigrejas.com\/news\/wp-content\/uploads\/2026\/08\/DSC_0253-768x512.jpg 768w, https:\/\/pontodasigrejas.com\/news\/wp-content\/uploads\/2026\/08\/DSC_0253-150x100.jpg 150w, https:\/\/pontodasigrejas.com\/news\/wp-content\/uploads\/2026\/08\/DSC_0253-696x464.jpg 696w, https:\/\/pontodasigrejas.com\/news\/wp-content\/uploads\/2026\/08\/DSC_0253-1068x712.jpg 1068w, https:\/\/pontodasigrejas.com\/news\/wp-content\/uploads\/2026\/08\/DSC_0253-600x400.jpg 600w\" sizes=\"(max-width: 1240px) 100vw, 1240px\" alt=\"\">\r\n                            <\/a>\r\n                            \r\n                        <\/figure>\r\n                    <\/div>\r\n                    <div class = \"td-slide-item td-item43\">\r\n                        <figure class=\"td-slide-galery-figure td-slide-popup-gallery\">\r\n                            <a class=\"slide-gallery-image-link\" href=\"https:\/\/pontodasigrejas.com\/news\/wp-content\/uploads\/2026\/08\/DSC_0261-Aprimorado-NR.jpg\" title=\"DSC_0261-Aprimorado-NR\"  data-caption=\"\"  data-description=\"\">\r\n                                <img decoding=\"async\" src=\"https:\/\/pontodasigrejas.com\/news\/wp-content\/uploads\/2026\/08\/DSC_0261-Aprimorado-NR.jpg\" srcset=\"https:\/\/pontodasigrejas.com\/news\/wp-content\/uploads\/2026\/08\/DSC_0261-Aprimorado-NR.jpg 1240w, https:\/\/pontodasigrejas.com\/news\/wp-content\/uploads\/2026\/08\/DSC_0261-Aprimorado-NR-300x200.jpg 300w, https:\/\/pontodasigrejas.com\/news\/wp-content\/uploads\/2026\/08\/DSC_0261-Aprimorado-NR-1024x683.jpg 1024w, https:\/\/pontodasigrejas.com\/news\/wp-content\/uploads\/2026\/08\/DSC_0261-Aprimorado-NR-768x512.jpg 768w, https:\/\/pontodasigrejas.com\/news\/wp-content\/uploads\/2026\/08\/DSC_0261-Aprimorado-NR-150x100.jpg 150w, https:\/\/pontodasigrejas.com\/news\/wp-content\/uploads\/2026\/08\/DSC_0261-Aprimorado-NR-696x464.jpg 696w, https:\/\/pontodasigrejas.com\/news\/wp-content\/uploads\/2026\/08\/DSC_0261-Aprimorado-NR-1068x712.jpg 1068w, https:\/\/pontodasigrejas.com\/news\/wp-content\/uploads\/2026\/08\/DSC_0261-Aprimorado-NR-600x400.jpg 600w\" sizes=\"(max-width: 1240px) 100vw, 1240px\" alt=\"\">\r\n                            <\/a>\r\n                            \r\n                        <\/figure>\r\n                    <\/div>\r\n                    <div class = \"td-slide-item td-item44\">\r\n                        <figure class=\"td-slide-galery-figure td-slide-popup-gallery\">\r\n                            <a class=\"slide-gallery-image-link\" href=\"https:\/\/pontodasigrejas.com\/news\/wp-content\/uploads\/2026\/08\/DSC_0264.jpg\" title=\"DSC_0264\"  data-caption=\"\"  data-description=\"\">\r\n                                <img decoding=\"async\" src=\"https:\/\/pontodasigrejas.com\/news\/wp-content\/uploads\/2026\/08\/DSC_0264.jpg\" srcset=\"https:\/\/pontodasigrejas.com\/news\/wp-content\/uploads\/2026\/08\/DSC_0264.jpg 1240w, https:\/\/pontodasigrejas.com\/news\/wp-content\/uploads\/2026\/08\/DSC_0264-300x200.jpg 300w, https:\/\/pontodasigrejas.com\/news\/wp-content\/uploads\/2026\/08\/DSC_0264-1024x683.jpg 1024w, https:\/\/pontodasigrejas.com\/news\/wp-content\/uploads\/2026\/08\/DSC_0264-768x512.jpg 768w, https:\/\/pontodasigrejas.com\/news\/wp-content\/uploads\/2026\/08\/DSC_0264-150x100.jpg 150w, https:\/\/pontodasigrejas.com\/news\/wp-content\/uploads\/2026\/08\/DSC_0264-696x464.jpg 696w, https:\/\/pontodasigrejas.com\/news\/wp-content\/uploads\/2026\/08\/DSC_0264-1068x712.jpg 1068w, https:\/\/pontodasigrejas.com\/news\/wp-content\/uploads\/2026\/08\/DSC_0264-600x400.jpg 600w\" sizes=\"(max-width: 1240px) 100vw, 1240px\" alt=\"\">\r\n                            <\/a>\r\n                            \r\n                        <\/figure>\r\n                    <\/div>\r\n                    <div class = \"td-slide-item td-item45\">\r\n                        <figure class=\"td-slide-galery-figure td-slide-popup-gallery\">\r\n                            <a class=\"slide-gallery-image-link\" href=\"https:\/\/pontodasigrejas.com\/news\/wp-content\/uploads\/2026\/08\/DSC_0266.jpg\" title=\"DSC_0266\"  data-caption=\"\"  data-description=\"\">\r\n                                <img decoding=\"async\" src=\"https:\/\/pontodasigrejas.com\/news\/wp-content\/uploads\/2026\/08\/DSC_0266.jpg\" srcset=\"https:\/\/pontodasigrejas.com\/news\/wp-content\/uploads\/2026\/08\/DSC_0266.jpg 1240w, https:\/\/pontodasigrejas.com\/news\/wp-content\/uploads\/2026\/08\/DSC_0266-300x200.jpg 300w, https:\/\/pontodasigrejas.com\/news\/wp-content\/uploads\/2026\/08\/DSC_0266-1024x683.jpg 1024w, https:\/\/pontodasigrejas.com\/news\/wp-content\/uploads\/2026\/08\/DSC_0266-768x512.jpg 768w, https:\/\/pontodasigrejas.com\/news\/wp-content\/uploads\/2026\/08\/DSC_0266-150x100.jpg 150w, https:\/\/pontodasigrejas.com\/news\/wp-content\/uploads\/2026\/08\/DSC_0266-696x464.jpg 696w, https:\/\/pontodasigrejas.com\/news\/wp-content\/uploads\/2026\/08\/DSC_0266-1068x712.jpg 1068w, https:\/\/pontodasigrejas.com\/news\/wp-content\/uploads\/2026\/08\/DSC_0266-600x400.jpg 600w\" sizes=\"(max-width: 1240px) 100vw, 1240px\" alt=\"\">\r\n                            <\/a>\r\n                            \r\n                        <\/figure>\r\n                    <\/div>\r\n                    <div class = \"td-slide-item td-item46\">\r\n                        <figure class=\"td-slide-galery-figure td-slide-popup-gallery\">\r\n                            <a class=\"slide-gallery-image-link\" href=\"https:\/\/pontodasigrejas.com\/news\/wp-content\/uploads\/2026\/08\/DSC_0270.jpg\" title=\"DSC_0270\"  data-caption=\"\"  data-description=\"\">\r\n                                <img decoding=\"async\" src=\"https:\/\/pontodasigrejas.com\/news\/wp-content\/uploads\/2026\/08\/DSC_0270.jpg\" srcset=\"https:\/\/pontodasigrejas.com\/news\/wp-content\/uploads\/2026\/08\/DSC_0270.jpg 1240w, https:\/\/pontodasigrejas.com\/news\/wp-content\/uploads\/2026\/08\/DSC_0270-300x200.jpg 300w, https:\/\/pontodasigrejas.com\/news\/wp-content\/uploads\/2026\/08\/DSC_0270-1024x683.jpg 1024w, https:\/\/pontodasigrejas.com\/news\/wp-content\/uploads\/2026\/08\/DSC_0270-768x512.jpg 768w, https:\/\/pontodasigrejas.com\/news\/wp-content\/uploads\/2026\/08\/DSC_0270-150x100.jpg 150w, https:\/\/pontodasigrejas.com\/news\/wp-content\/uploads\/2026\/08\/DSC_0270-696x464.jpg 696w, https:\/\/pontodasigrejas.com\/news\/wp-content\/uploads\/2026\/08\/DSC_0270-1068x712.jpg 1068w, https:\/\/pontodasigrejas.com\/news\/wp-content\/uploads\/2026\/08\/DSC_0270-600x400.jpg 600w\" sizes=\"(max-width: 1240px) 100vw, 1240px\" alt=\"\">\r\n                            <\/a>\r\n                            \r\n                        <\/figure>\r\n                    <\/div>\r\n                    <div class = \"td-slide-item td-item47\">\r\n                        <figure class=\"td-slide-galery-figure td-slide-popup-gallery\">\r\n                            <a class=\"slide-gallery-image-link\" href=\"https:\/\/pontodasigrejas.com\/news\/wp-content\/uploads\/2026\/08\/DSC_0272.jpg\" title=\"DSC_0272\"  data-caption=\"\"  data-description=\"\">\r\n                                <img decoding=\"async\" src=\"https:\/\/pontodasigrejas.com\/news\/wp-content\/uploads\/2026\/08\/DSC_0272.jpg\" srcset=\"https:\/\/pontodasigrejas.com\/news\/wp-content\/uploads\/2026\/08\/DSC_0272.jpg 1240w, https:\/\/pontodasigrejas.com\/news\/wp-content\/uploads\/2026\/08\/DSC_0272-300x200.jpg 300w, https:\/\/pontodasigrejas.com\/news\/wp-content\/uploads\/2026\/08\/DSC_0272-1024x683.jpg 1024w, https:\/\/pontodasigrejas.com\/news\/wp-content\/uploads\/2026\/08\/DSC_0272-768x512.jpg 768w, https:\/\/pontodasigrejas.com\/news\/wp-content\/uploads\/2026\/08\/DSC_0272-150x100.jpg 150w, https:\/\/pontodasigrejas.com\/news\/wp-content\/uploads\/2026\/08\/DSC_0272-696x464.jpg 696w, https:\/\/pontodasigrejas.com\/news\/wp-content\/uploads\/2026\/08\/DSC_0272-1068x712.jpg 1068w, https:\/\/pontodasigrejas.com\/news\/wp-content\/uploads\/2026\/08\/DSC_0272-600x400.jpg 600w\" sizes=\"(max-width: 1240px) 100vw, 1240px\" alt=\"\">\r\n                            <\/a>\r\n                            \r\n                        <\/figure>\r\n                    <\/div>\r\n                    <div class = \"td-slide-item td-item48\">\r\n                        <figure class=\"td-slide-galery-figure td-slide-popup-gallery\">\r\n                            <a class=\"slide-gallery-image-link\" href=\"https:\/\/pontodasigrejas.com\/news\/wp-content\/uploads\/2026\/08\/DSC_0275.jpg\" title=\"DSC_0275\"  data-caption=\"\"  data-description=\"\">\r\n                                <img decoding=\"async\" src=\"https:\/\/pontodasigrejas.com\/news\/wp-content\/uploads\/2026\/08\/DSC_0275.jpg\" srcset=\"https:\/\/pontodasigrejas.com\/news\/wp-content\/uploads\/2026\/08\/DSC_0275.jpg 1240w, https:\/\/pontodasigrejas.com\/news\/wp-content\/uploads\/2026\/08\/DSC_0275-300x200.jpg 300w, https:\/\/pontodasigrejas.com\/news\/wp-content\/uploads\/2026\/08\/DSC_0275-1024x683.jpg 1024w, https:\/\/pontodasigrejas.com\/news\/wp-content\/uploads\/2026\/08\/DSC_0275-768x512.jpg 768w, https:\/\/pontodasigrejas.com\/news\/wp-content\/uploads\/2026\/08\/DSC_0275-150x100.jpg 150w, https:\/\/pontodasigrejas.com\/news\/wp-content\/uploads\/2026\/08\/DSC_0275-696x464.jpg 696w, https:\/\/pontodasigrejas.com\/news\/wp-content\/uploads\/2026\/08\/DSC_0275-1068x712.jpg 1068w, https:\/\/pontodasigrejas.com\/news\/wp-content\/uploads\/2026\/08\/DSC_0275-600x400.jpg 600w\" sizes=\"(max-width: 1240px) 100vw, 1240px\" alt=\"\">\r\n                            <\/a>\r\n                            \r\n                        <\/figure>\r\n                    <\/div>\r\n                    <div class = \"td-slide-item td-item49\">\r\n                        <figure class=\"td-slide-galery-figure td-slide-popup-gallery\">\r\n                            <a class=\"slide-gallery-image-link\" href=\"https:\/\/pontodasigrejas.com\/news\/wp-content\/uploads\/2026\/08\/DSC_0276.jpg\" title=\"DSC_0276\"  data-caption=\"\"  data-description=\"\">\r\n                                <img decoding=\"async\" src=\"https:\/\/pontodasigrejas.com\/news\/wp-content\/uploads\/2026\/08\/DSC_0276.jpg\" srcset=\"https:\/\/pontodasigrejas.com\/news\/wp-content\/uploads\/2026\/08\/DSC_0276.jpg 1240w, https:\/\/pontodasigrejas.com\/news\/wp-content\/uploads\/2026\/08\/DSC_0276-300x200.jpg 300w, https:\/\/pontodasigrejas.com\/news\/wp-content\/uploads\/2026\/08\/DSC_0276-1024x683.jpg 1024w, https:\/\/pontodasigrejas.com\/news\/wp-content\/uploads\/2026\/08\/DSC_0276-768x512.jpg 768w, https:\/\/pontodasigrejas.com\/news\/wp-content\/uploads\/2026\/08\/DSC_0276-150x100.jpg 150w, https:\/\/pontodasigrejas.com\/news\/wp-content\/uploads\/2026\/08\/DSC_0276-696x464.jpg 696w, https:\/\/pontodasigrejas.com\/news\/wp-content\/uploads\/2026\/08\/DSC_0276-1068x712.jpg 1068w, https:\/\/pontodasigrejas.com\/news\/wp-content\/uploads\/2026\/08\/DSC_0276-600x400.jpg 600w\" sizes=\"(max-width: 1240px) 100vw, 1240px\" alt=\"\">\r\n                            <\/a>\r\n                            \r\n                        <\/figure>\r\n                    <\/div>\r\n                    <div class = \"td-slide-item td-item50\">\r\n                        <figure class=\"td-slide-galery-figure td-slide-popup-gallery\">\r\n                            <a class=\"slide-gallery-image-link\" href=\"https:\/\/pontodasigrejas.com\/news\/wp-content\/uploads\/2026\/08\/DSC_0281.jpg\" title=\"DSC_0281\"  data-caption=\"\"  data-description=\"\">\r\n                                <img decoding=\"async\" src=\"https:\/\/pontodasigrejas.com\/news\/wp-content\/uploads\/2026\/08\/DSC_0281.jpg\" srcset=\"https:\/\/pontodasigrejas.com\/news\/wp-content\/uploads\/2026\/08\/DSC_0281.jpg 1240w, https:\/\/pontodasigrejas.com\/news\/wp-content\/uploads\/2026\/08\/DSC_0281-300x200.jpg 300w, https:\/\/pontodasigrejas.com\/news\/wp-content\/uploads\/2026\/08\/DSC_0281-1024x683.jpg 1024w, https:\/\/pontodasigrejas.com\/news\/wp-content\/uploads\/2026\/08\/DSC_0281-768x512.jpg 768w, https:\/\/pontodasigrejas.com\/news\/wp-content\/uploads\/2026\/08\/DSC_0281-150x100.jpg 150w, https:\/\/pontodasigrejas.com\/news\/wp-content\/uploads\/2026\/08\/DSC_0281-696x464.jpg 696w, https:\/\/pontodasigrejas.com\/news\/wp-content\/uploads\/2026\/08\/DSC_0281-1068x712.jpg 1068w, https:\/\/pontodasigrejas.com\/news\/wp-content\/uploads\/2026\/08\/DSC_0281-600x400.jpg 600w\" sizes=\"(max-width: 1240px) 100vw, 1240px\" alt=\"\">\r\n                            <\/a>\r\n                            \r\n                        <\/figure>\r\n                    <\/div>\r\n                    <div class = \"td-slide-item td-item51\">\r\n                        <figure class=\"td-slide-galery-figure td-slide-popup-gallery\">\r\n                            <a class=\"slide-gallery-image-link\" href=\"https:\/\/pontodasigrejas.com\/news\/wp-content\/uploads\/2026\/08\/DSC_0285.jpg\" title=\"DSC_0285\"  data-caption=\"\"  data-description=\"\">\r\n                                <img decoding=\"async\" src=\"https:\/\/pontodasigrejas.com\/news\/wp-content\/uploads\/2026\/08\/DSC_0285.jpg\" srcset=\"https:\/\/pontodasigrejas.com\/news\/wp-content\/uploads\/2026\/08\/DSC_0285.jpg 1240w, https:\/\/pontodasigrejas.com\/news\/wp-content\/uploads\/2026\/08\/DSC_0285-300x200.jpg 300w, https:\/\/pontodasigrejas.com\/news\/wp-content\/uploads\/2026\/08\/DSC_0285-1024x683.jpg 1024w, https:\/\/pontodasigrejas.com\/news\/wp-content\/uploads\/2026\/08\/DSC_0285-768x512.jpg 768w, https:\/\/pontodasigrejas.com\/news\/wp-content\/uploads\/2026\/08\/DSC_0285-150x100.jpg 150w, https:\/\/pontodasigrejas.com\/news\/wp-content\/uploads\/2026\/08\/DSC_0285-696x464.jpg 696w, https:\/\/pontodasigrejas.com\/news\/wp-content\/uploads\/2026\/08\/DSC_0285-1068x712.jpg 1068w, https:\/\/pontodasigrejas.com\/news\/wp-content\/uploads\/2026\/08\/DSC_0285-600x400.jpg 600w\" sizes=\"(max-width: 1240px) 100vw, 1240px\" alt=\"\">\r\n                            <\/a>\r\n                            \r\n                        <\/figure>\r\n                    <\/div>\r\n                    <div class = \"td-slide-item td-item52\">\r\n                        <figure class=\"td-slide-galery-figure td-slide-popup-gallery\">\r\n                            <a class=\"slide-gallery-image-link\" href=\"https:\/\/pontodasigrejas.com\/news\/wp-content\/uploads\/2026\/08\/DSC_0289.jpg\" title=\"DSC_0289\"  data-caption=\"\"  data-description=\"\">\r\n                                <img decoding=\"async\" src=\"https:\/\/pontodasigrejas.com\/news\/wp-content\/uploads\/2026\/08\/DSC_0289.jpg\" srcset=\"https:\/\/pontodasigrejas.com\/news\/wp-content\/uploads\/2026\/08\/DSC_0289.jpg 1240w, https:\/\/pontodasigrejas.com\/news\/wp-content\/uploads\/2026\/08\/DSC_0289-300x200.jpg 300w, https:\/\/pontodasigrejas.com\/news\/wp-content\/uploads\/2026\/08\/DSC_0289-1024x683.jpg 1024w, https:\/\/pontodasigrejas.com\/news\/wp-content\/uploads\/2026\/08\/DSC_0289-768x512.jpg 768w, https:\/\/pontodasigrejas.com\/news\/wp-content\/uploads\/2026\/08\/DSC_0289-150x100.jpg 150w, https:\/\/pontodasigrejas.com\/news\/wp-content\/uploads\/2026\/08\/DSC_0289-696x464.jpg 696w, https:\/\/pontodasigrejas.com\/news\/wp-content\/uploads\/2026\/08\/DSC_0289-1068x712.jpg 1068w, https:\/\/pontodasigrejas.com\/news\/wp-content\/uploads\/2026\/08\/DSC_0289-600x400.jpg 600w\" sizes=\"(max-width: 1240px) 100vw, 1240px\" alt=\"\">\r\n                            <\/a>\r\n                            \r\n                        <\/figure>\r\n                    <\/div>\r\n                    <div class = \"td-slide-item td-item53\">\r\n                        <figure class=\"td-slide-galery-figure td-slide-popup-gallery\">\r\n                            <a class=\"slide-gallery-image-link\" href=\"https:\/\/pontodasigrejas.com\/news\/wp-content\/uploads\/2026\/08\/DSC_0292.jpg\" title=\"DSC_0292\"  data-caption=\"\"  data-description=\"\">\r\n                                <img decoding=\"async\" src=\"https:\/\/pontodasigrejas.com\/news\/wp-content\/uploads\/2026\/08\/DSC_0292.jpg\" srcset=\"https:\/\/pontodasigrejas.com\/news\/wp-content\/uploads\/2026\/08\/DSC_0292.jpg 1240w, https:\/\/pontodasigrejas.com\/news\/wp-content\/uploads\/2026\/08\/DSC_0292-300x200.jpg 300w, https:\/\/pontodasigrejas.com\/news\/wp-content\/uploads\/2026\/08\/DSC_0292-1024x683.jpg 1024w, https:\/\/pontodasigrejas.com\/news\/wp-content\/uploads\/2026\/08\/DSC_0292-768x512.jpg 768w, https:\/\/pontodasigrejas.com\/news\/wp-content\/uploads\/2026\/08\/DSC_0292-150x100.jpg 150w, https:\/\/pontodasigrejas.com\/news\/wp-content\/uploads\/2026\/08\/DSC_0292-696x464.jpg 696w, https:\/\/pontodasigrejas.com\/news\/wp-content\/uploads\/2026\/08\/DSC_0292-1068x712.jpg 1068w, https:\/\/pontodasigrejas.com\/news\/wp-content\/uploads\/2026\/08\/DSC_0292-600x400.jpg 600w\" sizes=\"(max-width: 1240px) 100vw, 1240px\" alt=\"\">\r\n                            <\/a>\r\n                            \r\n                        <\/figure>\r\n                    <\/div>\r\n                    <div class = \"td-slide-item td-item54\">\r\n                        <figure class=\"td-slide-galery-figure td-slide-popup-gallery\">\r\n                            <a class=\"slide-gallery-image-link\" href=\"https:\/\/pontodasigrejas.com\/news\/wp-content\/uploads\/2026\/08\/DSC_0294.jpg\" title=\"DSC_0294\"  data-caption=\"\"  data-description=\"\">\r\n                                <img decoding=\"async\" src=\"https:\/\/pontodasigrejas.com\/news\/wp-content\/uploads\/2026\/08\/DSC_0294.jpg\" srcset=\"https:\/\/pontodasigrejas.com\/news\/wp-content\/uploads\/2026\/08\/DSC_0294.jpg 1240w, https:\/\/pontodasigrejas.com\/news\/wp-content\/uploads\/2026\/08\/DSC_0294-240x300.jpg 240w, https:\/\/pontodasigrejas.com\/news\/wp-content\/uploads\/2026\/08\/DSC_0294-819x1024.jpg 819w, https:\/\/pontodasigrejas.com\/news\/wp-content\/uploads\/2026\/08\/DSC_0294-768x960.jpg 768w, https:\/\/pontodasigrejas.com\/news\/wp-content\/uploads\/2026\/08\/DSC_0294-1229x1536.jpg 1229w, https:\/\/pontodasigrejas.com\/news\/wp-content\/uploads\/2026\/08\/DSC_0294-150x188.jpg 150w, https:\/\/pontodasigrejas.com\/news\/wp-content\/uploads\/2026\/08\/DSC_0294-300x375.jpg 300w, https:\/\/pontodasigrejas.com\/news\/wp-content\/uploads\/2026\/08\/DSC_0294-696x870.jpg 696w, https:\/\/pontodasigrejas.com\/news\/wp-content\/uploads\/2026\/08\/DSC_0294-1068x1335.jpg 1068w, https:\/\/pontodasigrejas.com\/news\/wp-content\/uploads\/2026\/08\/DSC_0294-600x750.jpg 600w\" sizes=\"(max-width: 1240px) 100vw, 1240px\" alt=\"\">\r\n                            <\/a>\r\n                            \r\n                        <\/figure>\r\n                    <\/div>\r\n                    <div class = \"td-slide-item td-item55\">\r\n                        <figure class=\"td-slide-galery-figure td-slide-popup-gallery\">\r\n                            <a class=\"slide-gallery-image-link\" href=\"https:\/\/pontodasigrejas.com\/news\/wp-content\/uploads\/2026\/08\/DSC_0296.jpg\" title=\"DSC_0296\"  data-caption=\"\"  data-description=\"\">\r\n                                <img decoding=\"async\" src=\"https:\/\/pontodasigrejas.com\/news\/wp-content\/uploads\/2026\/08\/DSC_0296.jpg\" srcset=\"https:\/\/pontodasigrejas.com\/news\/wp-content\/uploads\/2026\/08\/DSC_0296.jpg 1240w, https:\/\/pontodasigrejas.com\/news\/wp-content\/uploads\/2026\/08\/DSC_0296-300x200.jpg 300w, https:\/\/pontodasigrejas.com\/news\/wp-content\/uploads\/2026\/08\/DSC_0296-1024x683.jpg 1024w, https:\/\/pontodasigrejas.com\/news\/wp-content\/uploads\/2026\/08\/DSC_0296-768x512.jpg 768w, https:\/\/pontodasigrejas.com\/news\/wp-content\/uploads\/2026\/08\/DSC_0296-150x100.jpg 150w, https:\/\/pontodasigrejas.com\/news\/wp-content\/uploads\/2026\/08\/DSC_0296-696x464.jpg 696w, https:\/\/pontodasigrejas.com\/news\/wp-content\/uploads\/2026\/08\/DSC_0296-1068x712.jpg 1068w, https:\/\/pontodasigrejas.com\/news\/wp-content\/uploads\/2026\/08\/DSC_0296-600x400.jpg 600w\" sizes=\"(max-width: 1240px) 100vw, 1240px\" alt=\"\">\r\n                            <\/a>\r\n                            \r\n                        <\/figure>\r\n                    <\/div>\r\n                    <div class = \"td-slide-item td-item56\">\r\n                        <figure class=\"td-slide-galery-figure td-slide-popup-gallery\">\r\n                            <a class=\"slide-gallery-image-link\" href=\"https:\/\/pontodasigrejas.com\/news\/wp-content\/uploads\/2026\/08\/DSC_0297.jpg\" title=\"DSC_0297\"  data-caption=\"\"  data-description=\"\">\r\n                                <img decoding=\"async\" src=\"https:\/\/pontodasigrejas.com\/news\/wp-content\/uploads\/2026\/08\/DSC_0297.jpg\" srcset=\"https:\/\/pontodasigrejas.com\/news\/wp-content\/uploads\/2026\/08\/DSC_0297.jpg 1240w, https:\/\/pontodasigrejas.com\/news\/wp-content\/uploads\/2026\/08\/DSC_0297-300x200.jpg 300w, https:\/\/pontodasigrejas.com\/news\/wp-content\/uploads\/2026\/08\/DSC_0297-1024x683.jpg 1024w, https:\/\/pontodasigrejas.com\/news\/wp-content\/uploads\/2026\/08\/DSC_0297-768x512.jpg 768w, https:\/\/pontodasigrejas.com\/news\/wp-content\/uploads\/2026\/08\/DSC_0297-150x100.jpg 150w, https:\/\/pontodasigrejas.com\/news\/wp-content\/uploads\/2026\/08\/DSC_0297-696x464.jpg 696w, https:\/\/pontodasigrejas.com\/news\/wp-content\/uploads\/2026\/08\/DSC_0297-1068x712.jpg 1068w, https:\/\/pontodasigrejas.com\/news\/wp-content\/uploads\/2026\/08\/DSC_0297-600x400.jpg 600w\" sizes=\"(max-width: 1240px) 100vw, 1240px\" alt=\"\">\r\n                            <\/a>\r\n                            \r\n                        <\/figure>\r\n                    <\/div>\r\n                    <div class = \"td-slide-item td-item57\">\r\n                        <figure class=\"td-slide-galery-figure td-slide-popup-gallery\">\r\n                            <a class=\"slide-gallery-image-link\" href=\"https:\/\/pontodasigrejas.com\/news\/wp-content\/uploads\/2026\/08\/DSC_0300-Aprimorado-NR.jpg\" title=\"DSC_0300-Aprimorado-NR\"  data-caption=\"Encontro promovido pelo Conselho de Pastores da Zona Oeste aconteceu na Igreja Evang\u00e9lica Maranata de Campo Grande e reuniu lideran\u00e7as de diferentes organiza\u00e7\u00f5es crist\u00e3s. Foto: @pontodasigrejas\"  data-description=\"\">\r\n                                <img decoding=\"async\" src=\"https:\/\/pontodasigrejas.com\/news\/wp-content\/uploads\/2026\/08\/DSC_0300-Aprimorado-NR.jpg\" srcset=\"https:\/\/pontodasigrejas.com\/news\/wp-content\/uploads\/2026\/08\/DSC_0300-Aprimorado-NR.jpg 1240w, https:\/\/pontodasigrejas.com\/news\/wp-content\/uploads\/2026\/08\/DSC_0300-Aprimorado-NR-300x200.jpg 300w, https:\/\/pontodasigrejas.com\/news\/wp-content\/uploads\/2026\/08\/DSC_0300-Aprimorado-NR-1024x683.jpg 1024w, https:\/\/pontodasigrejas.com\/news\/wp-content\/uploads\/2026\/08\/DSC_0300-Aprimorado-NR-768x512.jpg 768w, https:\/\/pontodasigrejas.com\/news\/wp-content\/uploads\/2026\/08\/DSC_0300-Aprimorado-NR-150x100.jpg 150w, https:\/\/pontodasigrejas.com\/news\/wp-content\/uploads\/2026\/08\/DSC_0300-Aprimorado-NR-696x464.jpg 696w, https:\/\/pontodasigrejas.com\/news\/wp-content\/uploads\/2026\/08\/DSC_0300-Aprimorado-NR-1068x712.jpg 1068w, https:\/\/pontodasigrejas.com\/news\/wp-content\/uploads\/2026\/08\/DSC_0300-Aprimorado-NR-600x400.jpg 600w\" sizes=\"(max-width: 1240px) 100vw, 1240px\" alt=\"\">\r\n                            <\/a>\r\n                            <figcaption class = \"td-slide-caption td-gallery-slide-content\"><div class = \"td-gallery-slide-copywrite\">Encontro promovido pelo Conselho de Pastores da Zona Oeste aconteceu na Igreja Evang\u00e9lica Maranata de Campo Grande e reuniu lideran\u00e7as de diferentes organiza\u00e7\u00f5es crist\u00e3s. Foto: @pontodasigrejas<\/div><\/figcaption>\r\n                        <\/figure>\r\n                    <\/div>\r\n                    <div class = \"td-slide-item td-item58\">\r\n                        <figure class=\"td-slide-galery-figure td-slide-popup-gallery\">\r\n                            <a class=\"slide-gallery-image-link\" href=\"https:\/\/pontodasigrejas.com\/news\/wp-content\/uploads\/2026\/08\/DSC_0303-Aprimorado-NR.jpg\" title=\"DSC_0303-Aprimorado-NR\"  data-caption=\"\"  data-description=\"\">\r\n                                <img decoding=\"async\" src=\"https:\/\/pontodasigrejas.com\/news\/wp-content\/uploads\/2026\/08\/DSC_0303-Aprimorado-NR.jpg\" srcset=\"https:\/\/pontodasigrejas.com\/news\/wp-content\/uploads\/2026\/08\/DSC_0303-Aprimorado-NR.jpg 1147w, https:\/\/pontodasigrejas.com\/news\/wp-content\/uploads\/2026\/08\/DSC_0303-Aprimorado-NR-200x300.jpg 200w, https:\/\/pontodasigrejas.com\/news\/wp-content\/uploads\/2026\/08\/DSC_0303-Aprimorado-NR-683x1024.jpg 683w, https:\/\/pontodasigrejas.com\/news\/wp-content\/uploads\/2026\/08\/DSC_0303-Aprimorado-NR-768x1152.jpg 768w, https:\/\/pontodasigrejas.com\/news\/wp-content\/uploads\/2026\/08\/DSC_0303-Aprimorado-NR-1024x1536.jpg 1024w, https:\/\/pontodasigrejas.com\/news\/wp-content\/uploads\/2026\/08\/DSC_0303-Aprimorado-NR-150x225.jpg 150w, https:\/\/pontodasigrejas.com\/news\/wp-content\/uploads\/2026\/08\/DSC_0303-Aprimorado-NR-300x450.jpg 300w, https:\/\/pontodasigrejas.com\/news\/wp-content\/uploads\/2026\/08\/DSC_0303-Aprimorado-NR-696x1044.jpg 696w, https:\/\/pontodasigrejas.com\/news\/wp-content\/uploads\/2026\/08\/DSC_0303-Aprimorado-NR-1068x1602.jpg 1068w, https:\/\/pontodasigrejas.com\/news\/wp-content\/uploads\/2026\/08\/DSC_0303-Aprimorado-NR-600x900.jpg 600w\" sizes=\"(max-width: 1147px) 100vw, 1147px\" alt=\"\">\r\n                            <\/a>\r\n                            \r\n                        <\/figure>\r\n                    <\/div>\r\n                    <div class = \"td-slide-item td-item59\">\r\n                        <figure class=\"td-slide-galery-figure td-slide-popup-gallery\">\r\n                            <a class=\"slide-gallery-image-link\" href=\"https:\/\/pontodasigrejas.com\/news\/wp-content\/uploads\/2026\/08\/DSC_0305-Aprimorado-NR.jpg\" title=\"DSC_0305-Aprimorado-NR\"  data-caption=\"\"  data-description=\"\">\r\n                                <img decoding=\"async\" src=\"https:\/\/pontodasigrejas.com\/news\/wp-content\/uploads\/2026\/08\/DSC_0305-Aprimorado-NR.jpg\" srcset=\"https:\/\/pontodasigrejas.com\/news\/wp-content\/uploads\/2026\/08\/DSC_0305-Aprimorado-NR.jpg 1240w, https:\/\/pontodasigrejas.com\/news\/wp-content\/uploads\/2026\/08\/DSC_0305-Aprimorado-NR-300x200.jpg 300w, https:\/\/pontodasigrejas.com\/news\/wp-content\/uploads\/2026\/08\/DSC_0305-Aprimorado-NR-1024x683.jpg 1024w, https:\/\/pontodasigrejas.com\/news\/wp-content\/uploads\/2026\/08\/DSC_0305-Aprimorado-NR-768x512.jpg 768w, https:\/\/pontodasigrejas.com\/news\/wp-content\/uploads\/2026\/08\/DSC_0305-Aprimorado-NR-150x100.jpg 150w, https:\/\/pontodasigrejas.com\/news\/wp-content\/uploads\/2026\/08\/DSC_0305-Aprimorado-NR-696x464.jpg 696w, https:\/\/pontodasigrejas.com\/news\/wp-content\/uploads\/2026\/08\/DSC_0305-Aprimorado-NR-1068x712.jpg 1068w, https:\/\/pontodasigrejas.com\/news\/wp-content\/uploads\/2026\/08\/DSC_0305-Aprimorado-NR-600x400.jpg 600w\" sizes=\"(max-width: 1240px) 100vw, 1240px\" alt=\"\">\r\n                            <\/a>\r\n                            \r\n                        <\/figure>\r\n                    <\/div>\r\n                    <div class = \"td-slide-item td-item60\">\r\n                        <figure class=\"td-slide-galery-figure td-slide-popup-gallery\">\r\n                            <a class=\"slide-gallery-image-link\" href=\"https:\/\/pontodasigrejas.com\/news\/wp-content\/uploads\/2026\/08\/DSC_0308-Aprimorado-NR.jpg\" title=\"DSC_0308-Aprimorado-NR\"  data-caption=\"\"  data-description=\"\">\r\n                                <img decoding=\"async\" src=\"https:\/\/pontodasigrejas.com\/news\/wp-content\/uploads\/2026\/08\/DSC_0308-Aprimorado-NR.jpg\" srcset=\"https:\/\/pontodasigrejas.com\/news\/wp-content\/uploads\/2026\/08\/DSC_0308-Aprimorado-NR.jpg 1240w, https:\/\/pontodasigrejas.com\/news\/wp-content\/uploads\/2026\/08\/DSC_0308-Aprimorado-NR-300x200.jpg 300w, https:\/\/pontodasigrejas.com\/news\/wp-content\/uploads\/2026\/08\/DSC_0308-Aprimorado-NR-1024x683.jpg 1024w, https:\/\/pontodasigrejas.com\/news\/wp-content\/uploads\/2026\/08\/DSC_0308-Aprimorado-NR-768x512.jpg 768w, https:\/\/pontodasigrejas.com\/news\/wp-content\/uploads\/2026\/08\/DSC_0308-Aprimorado-NR-150x100.jpg 150w, https:\/\/pontodasigrejas.com\/news\/wp-content\/uploads\/2026\/08\/DSC_0308-Aprimorado-NR-696x464.jpg 696w, https:\/\/pontodasigrejas.com\/news\/wp-content\/uploads\/2026\/08\/DSC_0308-Aprimorado-NR-1068x712.jpg 1068w, https:\/\/pontodasigrejas.com\/news\/wp-content\/uploads\/2026\/08\/DSC_0308-Aprimorado-NR-600x400.jpg 600w\" sizes=\"(max-width: 1240px) 100vw, 1240px\" alt=\"\">\r\n                            <\/a>\r\n                            \r\n                        <\/figure>\r\n                    <\/div>\r\n                    <div class = \"td-slide-item td-item61\">\r\n                        <figure class=\"td-slide-galery-figure td-slide-popup-gallery\">\r\n                            <a class=\"slide-gallery-image-link\" href=\"https:\/\/pontodasigrejas.com\/news\/wp-content\/uploads\/2026\/08\/DSC_0311.jpg\" title=\"DSC_0311\"  data-caption=\"\"  data-description=\"\">\r\n                                <img decoding=\"async\" src=\"https:\/\/pontodasigrejas.com\/news\/wp-content\/uploads\/2026\/08\/DSC_0311.jpg\" srcset=\"https:\/\/pontodasigrejas.com\/news\/wp-content\/uploads\/2026\/08\/DSC_0311.jpg 1240w, https:\/\/pontodasigrejas.com\/news\/wp-content\/uploads\/2026\/08\/DSC_0311-300x200.jpg 300w, https:\/\/pontodasigrejas.com\/news\/wp-content\/uploads\/2026\/08\/DSC_0311-1024x683.jpg 1024w, https:\/\/pontodasigrejas.com\/news\/wp-content\/uploads\/2026\/08\/DSC_0311-768x512.jpg 768w, https:\/\/pontodasigrejas.com\/news\/wp-content\/uploads\/2026\/08\/DSC_0311-150x100.jpg 150w, https:\/\/pontodasigrejas.com\/news\/wp-content\/uploads\/2026\/08\/DSC_0311-696x464.jpg 696w, https:\/\/pontodasigrejas.com\/news\/wp-content\/uploads\/2026\/08\/DSC_0311-1068x712.jpg 1068w, https:\/\/pontodasigrejas.com\/news\/wp-content\/uploads\/2026\/08\/DSC_0311-600x400.jpg 600w\" sizes=\"(max-width: 1240px) 100vw, 1240px\" alt=\"\">\r\n                            <\/a>\r\n                            \r\n                        <\/figure>\r\n                    <\/div>\r\n                    <div class = \"td-slide-item td-item62\">\r\n                        <figure class=\"td-slide-galery-figure td-slide-popup-gallery\">\r\n                            <a class=\"slide-gallery-image-link\" href=\"https:\/\/pontodasigrejas.com\/news\/wp-content\/uploads\/2026\/08\/DSC_0314.jpg\" title=\"DSC_0314\"  data-caption=\"\"  data-description=\"\">\r\n                                <img decoding=\"async\" src=\"https:\/\/pontodasigrejas.com\/news\/wp-content\/uploads\/2026\/08\/DSC_0314.jpg\" srcset=\"https:\/\/pontodasigrejas.com\/news\/wp-content\/uploads\/2026\/08\/DSC_0314.jpg 1147w, https:\/\/pontodasigrejas.com\/news\/wp-content\/uploads\/2026\/08\/DSC_0314-200x300.jpg 200w, https:\/\/pontodasigrejas.com\/news\/wp-content\/uploads\/2026\/08\/DSC_0314-683x1024.jpg 683w, https:\/\/pontodasigrejas.com\/news\/wp-content\/uploads\/2026\/08\/DSC_0314-768x1152.jpg 768w, https:\/\/pontodasigrejas.com\/news\/wp-content\/uploads\/2026\/08\/DSC_0314-1024x1536.jpg 1024w, https:\/\/pontodasigrejas.com\/news\/wp-content\/uploads\/2026\/08\/DSC_0314-150x225.jpg 150w, https:\/\/pontodasigrejas.com\/news\/wp-content\/uploads\/2026\/08\/DSC_0314-300x450.jpg 300w, https:\/\/pontodasigrejas.com\/news\/wp-content\/uploads\/2026\/08\/DSC_0314-696x1044.jpg 696w, https:\/\/pontodasigrejas.com\/news\/wp-content\/uploads\/2026\/08\/DSC_0314-1068x1602.jpg 1068w, https:\/\/pontodasigrejas.com\/news\/wp-content\/uploads\/2026\/08\/DSC_0314-600x900.jpg 600w\" sizes=\"(max-width: 1147px) 100vw, 1147px\" alt=\"\">\r\n                            <\/a>\r\n                            \r\n                        <\/figure>\r\n                    <\/div>\r\n                    <div class = \"td-slide-item td-item63\">\r\n                        <figure class=\"td-slide-galery-figure td-slide-popup-gallery\">\r\n                            <a class=\"slide-gallery-image-link\" href=\"https:\/\/pontodasigrejas.com\/news\/wp-content\/uploads\/2026\/08\/DSC_0320.jpg\" title=\"DSC_0320\"  data-caption=\"\"  data-description=\"\">\r\n                                <img decoding=\"async\" src=\"https:\/\/pontodasigrejas.com\/news\/wp-content\/uploads\/2026\/08\/DSC_0320.jpg\" srcset=\"https:\/\/pontodasigrejas.com\/news\/wp-content\/uploads\/2026\/08\/DSC_0320.jpg 1240w, https:\/\/pontodasigrejas.com\/news\/wp-content\/uploads\/2026\/08\/DSC_0320-300x200.jpg 300w, https:\/\/pontodasigrejas.com\/news\/wp-content\/uploads\/2026\/08\/DSC_0320-1024x683.jpg 1024w, https:\/\/pontodasigrejas.com\/news\/wp-content\/uploads\/2026\/08\/DSC_0320-768x512.jpg 768w, https:\/\/pontodasigrejas.com\/news\/wp-content\/uploads\/2026\/08\/DSC_0320-150x100.jpg 150w, https:\/\/pontodasigrejas.com\/news\/wp-content\/uploads\/2026\/08\/DSC_0320-696x464.jpg 696w, https:\/\/pontodasigrejas.com\/news\/wp-content\/uploads\/2026\/08\/DSC_0320-1068x712.jpg 1068w, https:\/\/pontodasigrejas.com\/news\/wp-content\/uploads\/2026\/08\/DSC_0320-600x400.jpg 600w\" sizes=\"(max-width: 1240px) 100vw, 1240px\" alt=\"\">\r\n                            <\/a>\r\n                            \r\n                        <\/figure>\r\n                    <\/div>\r\n                    <div class = \"td-slide-item td-item64\">\r\n                        <figure class=\"td-slide-galery-figure td-slide-popup-gallery\">\r\n                            <a class=\"slide-gallery-image-link\" href=\"https:\/\/pontodasigrejas.com\/news\/wp-content\/uploads\/2026\/08\/DSC_0323.jpg\" title=\"DSC_0323\"  data-caption=\"\"  data-description=\"\">\r\n                                <img decoding=\"async\" src=\"https:\/\/pontodasigrejas.com\/news\/wp-content\/uploads\/2026\/08\/DSC_0323.jpg\" srcset=\"https:\/\/pontodasigrejas.com\/news\/wp-content\/uploads\/2026\/08\/DSC_0323.jpg 1240w, https:\/\/pontodasigrejas.com\/news\/wp-content\/uploads\/2026\/08\/DSC_0323-300x200.jpg 300w, https:\/\/pontodasigrejas.com\/news\/wp-content\/uploads\/2026\/08\/DSC_0323-1024x683.jpg 1024w, https:\/\/pontodasigrejas.com\/news\/wp-content\/uploads\/2026\/08\/DSC_0323-768x512.jpg 768w, https:\/\/pontodasigrejas.com\/news\/wp-content\/uploads\/2026\/08\/DSC_0323-150x100.jpg 150w, https:\/\/pontodasigrejas.com\/news\/wp-content\/uploads\/2026\/08\/DSC_0323-696x464.jpg 696w, https:\/\/pontodasigrejas.com\/news\/wp-content\/uploads\/2026\/08\/DSC_0323-1068x712.jpg 1068w, https:\/\/pontodasigrejas.com\/news\/wp-content\/uploads\/2026\/08\/DSC_0323-600x400.jpg 600w\" sizes=\"(max-width: 1240px) 100vw, 1240px\" alt=\"\">\r\n                            <\/a>\r\n                            \r\n                        <\/figure>\r\n                    <\/div>\r\n                    <div class = \"td-slide-item td-item65\">\r\n                        <figure class=\"td-slide-galery-figure td-slide-popup-gallery\">\r\n                            <a class=\"slide-gallery-image-link\" href=\"https:\/\/pontodasigrejas.com\/news\/wp-content\/uploads\/2026\/08\/DSC_0328.jpg\" title=\"DSC_0328\"  data-caption=\"Da esquerda para a direita: Pastor Paulo Perrotti, presidente do CRIM; Bispo Wilson Teixeira, da Alian\u00e7a de Pastores e Obreiros; e Pastor Marcos Tadeu, presidente do COPAZO.\"  data-description=\"\">\r\n                                <img decoding=\"async\" src=\"https:\/\/pontodasigrejas.com\/news\/wp-content\/uploads\/2026\/08\/DSC_0328.jpg\" srcset=\"https:\/\/pontodasigrejas.com\/news\/wp-content\/uploads\/2026\/08\/DSC_0328.jpg 1240w, https:\/\/pontodasigrejas.com\/news\/wp-content\/uploads\/2026\/08\/DSC_0328-300x200.jpg 300w, https:\/\/pontodasigrejas.com\/news\/wp-content\/uploads\/2026\/08\/DSC_0328-1024x683.jpg 1024w, https:\/\/pontodasigrejas.com\/news\/wp-content\/uploads\/2026\/08\/DSC_0328-768x512.jpg 768w, https:\/\/pontodasigrejas.com\/news\/wp-content\/uploads\/2026\/08\/DSC_0328-150x100.jpg 150w, https:\/\/pontodasigrejas.com\/news\/wp-content\/uploads\/2026\/08\/DSC_0328-696x464.jpg 696w, https:\/\/pontodasigrejas.com\/news\/wp-content\/uploads\/2026\/08\/DSC_0328-1068x712.jpg 1068w, https:\/\/pontodasigrejas.com\/news\/wp-content\/uploads\/2026\/08\/DSC_0328-600x400.jpg 600w\" sizes=\"(max-width: 1240px) 100vw, 1240px\" alt=\"\">\r\n                            <\/a>\r\n                            <figcaption class = \"td-slide-caption td-gallery-slide-content\"><div class = \"td-gallery-slide-copywrite\">Da esquerda para a direita: Pastor Paulo Perrotti, presidente do CRIM; Bispo Wilson Teixeira, da Alian\u00e7a de Pastores e Obreiros; e Pastor Marcos Tadeu, presidente do COPAZO.<\/div><\/figcaption>\r\n                        <\/figure>\r\n                    <\/div>\r\n                    <div class = \"td-slide-item td-item66\">\r\n                        <figure class=\"td-slide-galery-figure td-slide-popup-gallery\">\r\n                            <a class=\"slide-gallery-image-link\" href=\"https:\/\/pontodasigrejas.com\/news\/wp-content\/uploads\/2026\/08\/DSC_0002-Aprimorado-NR.jpg\" title=\"DSC_0002-Aprimorado-NR\"  data-caption=\"\"  data-description=\"\">\r\n                                <img decoding=\"async\" src=\"https:\/\/pontodasigrejas.com\/news\/wp-content\/uploads\/2026\/08\/DSC_0002-Aprimorado-NR.jpg\" srcset=\"https:\/\/pontodasigrejas.com\/news\/wp-content\/uploads\/2026\/08\/DSC_0002-Aprimorado-NR.jpg 1240w, https:\/\/pontodasigrejas.com\/news\/wp-content\/uploads\/2026\/08\/DSC_0002-Aprimorado-NR-300x200.jpg 300w, https:\/\/pontodasigrejas.com\/news\/wp-content\/uploads\/2026\/08\/DSC_0002-Aprimorado-NR-1024x683.jpg 1024w, https:\/\/pontodasigrejas.com\/news\/wp-content\/uploads\/2026\/08\/DSC_0002-Aprimorado-NR-768x512.jpg 768w, https:\/\/pontodasigrejas.com\/news\/wp-content\/uploads\/2026\/08\/DSC_0002-Aprimorado-NR-150x100.jpg 150w, https:\/\/pontodasigrejas.com\/news\/wp-content\/uploads\/2026\/08\/DSC_0002-Aprimorado-NR-696x464.jpg 696w, https:\/\/pontodasigrejas.com\/news\/wp-content\/uploads\/2026\/08\/DSC_0002-Aprimorado-NR-1068x712.jpg 1068w, https:\/\/pontodasigrejas.com\/news\/wp-content\/uploads\/2026\/08\/DSC_0002-Aprimorado-NR-600x400.jpg 600w\" sizes=\"(max-width: 1240px) 100vw, 1240px\" alt=\"\">\r\n                            <\/a>\r\n                            \r\n                        <\/figure>\r\n                    <\/div>\r\n                            <\/div>\r\n                        <\/div>\r\n\r\n                        <div class = \"td-doubleSlider-2\">\r\n                            <div class = \"td-slider\">\r\n                                \r\n                    <div class = \"td-button td-item1\">\r\n                        <div class = \"td-border\"><\/div>\r\n                    <\/div>\r\n                    <div class = \"td-button td-item2\">\r\n                        <div class = \"td-border\"><\/div>\r\n                    <\/div>\r\n                    <div class = \"td-button td-item3\">\r\n                        <div class = \"td-border\"><\/div>\r\n                    <\/div>\r\n                    <div class = \"td-button td-item4\">\r\n                        <div class = \"td-border\"><\/div>\r\n                    <\/div>\r\n                    <div class = \"td-button td-item5\">\r\n                        <div class = \"td-border\"><\/div>\r\n                    <\/div>\r\n                    <div class = \"td-button td-item6\">\r\n                        <div class = \"td-border\"><\/div>\r\n                    <\/div>\r\n                    <div class = \"td-button td-item7\">\r\n                        <div class = \"td-border\"><\/div>\r\n                    <\/div>\r\n                    <div class = \"td-button td-item8\">\r\n                        <div class = \"td-border\"><\/div>\r\n                    <\/div>\r\n                    <div class = \"td-button td-item9\">\r\n                        <div class = \"td-border\"><\/div>\r\n                    <\/div>\r\n                    <div class = \"td-button td-item10\">\r\n                        <div class = \"td-border\"><\/div>\r\n                    <\/div>\r\n                    <div class = \"td-button td-item11\">\r\n                        <div class = \"td-border\"><\/div>\r\n                    <\/div>\r\n                    <div class = \"td-button td-item12\">\r\n                        <div class = \"td-border\"><\/div>\r\n                    <\/div>\r\n                    <div class = \"td-button td-item13\">\r\n                        <div class = \"td-border\"><\/div>\r\n                    <\/div>\r\n                    <div class = \"td-button td-item14\">\r\n                        <div class = \"td-border\"><\/div>\r\n                    <\/div>\r\n                    <div class = \"td-button td-item15\">\r\n                        <div class = \"td-border\"><\/div>\r\n                    <\/div>\r\n                    <div class = \"td-button td-item16\">\r\n                        <div class = \"td-border\"><\/div>\r\n                    <\/div>\r\n                    <div class = \"td-button td-item17\">\r\n                        <div class = \"td-border\"><\/div>\r\n                    <\/div>\r\n                    <div class = \"td-button td-item18\">\r\n                        <div class = \"td-border\"><\/div>\r\n                    <\/div>\r\n                    <div class = \"td-button td-item19\">\r\n                        <div class = \"td-border\"><\/div>\r\n                    <\/div>\r\n                    <div class = \"td-button td-item20\">\r\n                        <div class = \"td-border\"><\/div>\r\n                    <\/div>\r\n                    <div class = \"td-button td-item21\">\r\n                        <div class = \"td-border\"><\/div>\r\n                    <\/div>\r\n                    <div class = \"td-button td-item22\">\r\n                        <div class = \"td-border\"><\/div>\r\n                    <\/div>\r\n                    <div class = \"td-button td-item23\">\r\n                        <div class = \"td-border\"><\/div>\r\n                    <\/div>\r\n                    <div class = \"td-button td-item24\">\r\n                        <div class = \"td-border\"><\/div>\r\n                    <\/div>\r\n                    <div class = \"td-button td-item25\">\r\n                        <div class = \"td-border\"><\/div>\r\n                    <\/div>\r\n                    <div class = \"td-button td-item26\">\r\n                        <div class = \"td-border\"><\/div>\r\n                    <\/div>\r\n                    <div class = \"td-button td-item27\">\r\n                        <div class = \"td-border\"><\/div>\r\n                    <\/div>\r\n                    <div class = \"td-button td-item28\">\r\n                        <div class = \"td-border\"><\/div>\r\n                    <\/div>\r\n                    <div class = \"td-button td-item29\">\r\n                        <div class = \"td-border\"><\/div>\r\n                    <\/div>\r\n                    <div class = \"td-button td-item30\">\r\n                        <div class = \"td-border\"><\/div>\r\n                    <\/div>\r\n                    <div class = \"td-button td-item31\">\r\n                        <div class = \"td-border\"><\/div>\r\n                    <\/div>\r\n                    <div class = \"td-button td-item32\">\r\n                        <div class = \"td-border\"><\/div>\r\n                    <\/div>\r\n                    <div class = \"td-button td-item33\">\r\n                        <div class = \"td-border\"><\/div>\r\n                    <\/div>\r\n                    <div class = \"td-button td-item34\">\r\n                        <div class = \"td-border\"><\/div>\r\n                    <\/div>\r\n                    <div class = \"td-button td-item35\">\r\n                        <div class = \"td-border\"><\/div>\r\n                    <\/div>\r\n                    <div class = \"td-button td-item36\">\r\n                        <div class = \"td-border\"><\/div>\r\n                    <\/div>\r\n                    <div class = \"td-button td-item37\">\r\n                        <div class = \"td-border\"><\/div>\r\n                    <\/div>\r\n                    <div class = \"td-button td-item38\">\r\n                        <div class = \"td-border\"><\/div>\r\n                    <\/div>\r\n                    <div class = \"td-button td-item39\">\r\n                        <div class = \"td-border\"><\/div>\r\n                    <\/div>\r\n                    <div class = \"td-button td-item40\">\r\n                        <div class = \"td-border\"><\/div>\r\n                    <\/div>\r\n                    <div class = \"td-button td-item41\">\r\n                        <div class = \"td-border\"><\/div>\r\n                    <\/div>\r\n                    <div class = \"td-button td-item42\">\r\n                        <div class = \"td-border\"><\/div>\r\n                    <\/div>\r\n                    <div class = \"td-button td-item43\">\r\n                        <div class = \"td-border\"><\/div>\r\n                    <\/div>\r\n                    <div class = \"td-button td-item44\">\r\n                        <div class = \"td-border\"><\/div>\r\n                    <\/div>\r\n                    <div class = \"td-button td-item45\">\r\n                        <div class = \"td-border\"><\/div>\r\n                    <\/div>\r\n                    <div class = \"td-button td-item46\">\r\n                        <div class = \"td-border\"><\/div>\r\n                    <\/div>\r\n                    <div class = \"td-button td-item47\">\r\n                        <div class = \"td-border\"><\/div>\r\n                    <\/div>\r\n                    <div class = \"td-button td-item48\">\r\n                        <div class = \"td-border\"><\/div>\r\n                    <\/div>\r\n                    <div class = \"td-button td-item49\">\r\n                        <div class = \"td-border\"><\/div>\r\n                    <\/div>\r\n                    <div class = \"td-button td-item50\">\r\n                        <div class = \"td-border\"><\/div>\r\n                    <\/div>\r\n                    <div class = \"td-button td-item51\">\r\n                        <div class = \"td-border\"><\/div>\r\n                    <\/div>\r\n                    <div class = \"td-button td-item52\">\r\n                        <div class = \"td-border\"><\/div>\r\n                    <\/div>\r\n                    <div class = \"td-button td-item53\">\r\n                        <div class = \"td-border\"><\/div>\r\n                    <\/div>\r\n                    <div class = \"td-button td-item54\">\r\n                        <div class = \"td-border\"><\/div>\r\n                    <\/div>\r\n                    <div class = \"td-button td-item55\">\r\n                        <div class = \"td-border\"><\/div>\r\n                    <\/div>\r\n                    <div class = \"td-button td-item56\">\r\n                        <div class = \"td-border\"><\/div>\r\n                    <\/div>\r\n                    <div class = \"td-button td-item57\">\r\n                        <div class = \"td-border\"><\/div>\r\n                    <\/div>\r\n                    <div class = \"td-button td-item58\">\r\n                        <div class = \"td-border\"><\/div>\r\n                    <\/div>\r\n                    <div class = \"td-button td-item59\">\r\n                        <div class = \"td-border\"><\/div>\r\n                    <\/div>\r\n                    <div class = \"td-button td-item60\">\r\n                        <div class = \"td-border\"><\/div>\r\n                    <\/div>\r\n                    <div class = \"td-button td-item61\">\r\n                        <div class = \"td-border\"><\/div>\r\n                    <\/div>\r\n                    <div class = \"td-button td-item62\">\r\n                        <div class = \"td-border\"><\/div>\r\n                    <\/div>\r\n                    <div class = \"td-button td-item63\">\r\n                        <div class = \"td-border\"><\/div>\r\n                    <\/div>\r\n                    <div class = \"td-button td-item64\">\r\n                        <div class = \"td-border\"><\/div>\r\n                    <\/div>\r\n                    <div class = \"td-button td-item65\">\r\n                        <div class = \"td-border\"><\/div>\r\n                    <\/div>\r\n                    <div class = \"td-button td-item66\">\r\n                        <div class = \"td-border\"><\/div>\r\n                    <\/div>\r\n                            <\/div>\r\n                        <\/div>\r\n\r\n                    <\/div>\r\n\r\n                <\/div>\r\n                \n<p>&nbsp;<\/p>\n","protected":false},"excerpt":{"rendered":"<p>O Conselho de Pastores da Zona Oeste (COPAZO) realizou, na noite desta segunda-feira (17), mais uma reuni\u00e3o de pastores e l\u00edderes, reunindo representantes de diferentes igrejas e organiza\u00e7\u00f5es crist\u00e3s em um momento de comunh\u00e3o, ora\u00e7\u00e3o, aprendizado e fortalecimento ministerial. O encontro aconteceu na Igreja Evang\u00e9lica Maranata de Campo Grande, que recebeu a programa\u00e7\u00e3o do COPAZO [&hellip;]<\/p>\n","protected":false},"author":1,"featured_media":13429,"comment_status":"closed","ping_status":"closed","sticky":false,"template":"","format":"standard","meta":{"advgb_blocks_editor_width":"","advgb_blocks_columns_visual_guide":"","_monsterinsights_skip_tracking":false,"_monsterinsights_sitenote_active":false,"_monsterinsights_sitenote_note":"","_monsterinsights_sitenote_category":0,"footnotes":""},"categories":[40,272],"tags":[],"class_list":["post-13372","post","type-post","status-publish","format-standard","has-post-thumbnail","category-brasil","category-copazo"],"yoast_head":"<!-- This site is optimized with the Yoast SEO plugin v27.2 - https:\/\/yoast.com\/product\/yoast-seo-wordpress\/ -->\n<title>COPAZO re\u00fane pastores e l\u00edderes em noite de comunh\u00e3o e fortalecimento ministerial em Campo Grande - Ponto das Igrejas<\/title>\n<meta name=\"description\" content=\"Encontro promovido pelo Conselho de Pastores da Zona Oeste aconteceu na Igreja Evang\u00e9lica Maranata de Campo Grande e reuniu lideran\u00e7as de diferentes organiza\u00e7\u00f5es crist\u00e3s\" \/>\n<meta name=\"robots\" content=\"index, follow, max-snippet:-1, max-image-preview:large, max-video-preview:-1\" \/>\n<link rel=\"canonical\" href=\"https:\/\/pontodasigrejas.com\/news\/brasil\/copazo-reune-pastores-e-lideres-em-noite-de-comunhao-e-fortalecimento-ministerial-em-campo-grande\/\" \/>\n<meta property=\"og:locale\" content=\"pt_BR\" \/>\n<meta property=\"og:type\" content=\"article\" \/>\n<meta property=\"og:title\" content=\"COPAZO re\u00fane pastores e l\u00edderes em noite de comunh\u00e3o e fortalecimento ministerial em Campo Grande - Ponto das Igrejas\" \/>\n<meta property=\"og:description\" content=\"Encontro promovido pelo Conselho de Pastores da Zona Oeste aconteceu na Igreja Evang\u00e9lica Maranata de Campo Grande e reuniu lideran\u00e7as de diferentes organiza\u00e7\u00f5es crist\u00e3s\" \/>\n<meta property=\"og:url\" content=\"https:\/\/pontodasigrejas.com\/news\/brasil\/copazo-reune-pastores-e-lideres-em-noite-de-comunhao-e-fortalecimento-ministerial-em-campo-grande\/\" \/>\n<meta property=\"og:site_name\" content=\"Ponto das Igrejas\" \/>\n<meta property=\"article:publisher\" content=\"https:\/\/www.facebook.com\/pontodasigrejas\" \/>\n<meta property=\"article:author\" content=\"https:\/\/www.facebook.com\/pontodasigrejas\" \/>\n<meta property=\"article:published_time\" content=\"2026-08-18T18:55:14+00:00\" \/>\n<meta property=\"og:image\" content=\"https:\/\/pontodasigrejas.com\/news\/wp-content\/uploads\/2026\/08\/DSC_0300-Aprimorado-NR.jpg\" \/>\n\t<meta property=\"og:image:width\" content=\"1240\" \/>\n\t<meta property=\"og:image:height\" content=\"827\" \/>\n\t<meta property=\"og:image:type\" content=\"image\/jpeg\" \/>\n<meta name=\"author\" content=\"Johnny Prado\" \/>\n<meta name=\"twitter:card\" content=\"summary_large_image\" \/>\n<meta name=\"twitter:creator\" content=\"@pontodasigrejas\" \/>\n<meta name=\"twitter:site\" content=\"@pontodasigrejas\" \/>\n<meta name=\"twitter:label1\" content=\"Escrito por\" \/>\n\t<meta name=\"twitter:data1\" content=\"Johnny Prado\" \/>\n\t<meta name=\"twitter:label2\" content=\"Est. tempo de leitura\" \/>\n\t<meta name=\"twitter:data2\" content=\"7 minutos\" \/>\n<script type=\"application\/ld+json\" class=\"yoast-schema-graph\">{\"@context\":\"https:\/\/schema.org\",\"@graph\":[{\"@type\":\"Article\",\"@id\":\"https:\/\/pontodasigrejas.com\/news\/brasil\/copazo-reune-pastores-e-lideres-em-noite-de-comunhao-e-fortalecimento-ministerial-em-campo-grande\/#article\",\"isPartOf\":{\"@id\":\"https:\/\/pontodasigrejas.com\/news\/brasil\/copazo-reune-pastores-e-lideres-em-noite-de-comunhao-e-fortalecimento-ministerial-em-campo-grande\/\"},\"author\":{\"name\":\"Johnny Prado\",\"@id\":\"https:\/\/pontodasigrejas.com\/news\/#\/schema\/person\/224eaefaacae40e58259139b721deb39\"},\"headline\":\"COPAZO re\u00fane pastores e l\u00edderes em noite de comunh\u00e3o e fortalecimento ministerial em Campo Grande\",\"datePublished\":\"2026-08-18T18:55:14+00:00\",\"mainEntityOfPage\":{\"@id\":\"https:\/\/pontodasigrejas.com\/news\/brasil\/copazo-reune-pastores-e-lideres-em-noite-de-comunhao-e-fortalecimento-ministerial-em-campo-grande\/\"},\"wordCount\":1106,\"image\":{\"@id\":\"https:\/\/pontodasigrejas.com\/news\/brasil\/copazo-reune-pastores-e-lideres-em-noite-de-comunhao-e-fortalecimento-ministerial-em-campo-grande\/#primaryimage\"},\"thumbnailUrl\":\"https:\/\/pontodasigrejas.com\/news\/wp-content\/uploads\/2026\/08\/DSC_0300-Aprimorado-NR.jpg\",\"articleSection\":[\"Brasil\",\"COPAZO\"],\"inLanguage\":\"pt-BR\"},{\"@type\":\"WebPage\",\"@id\":\"https:\/\/pontodasigrejas.com\/news\/brasil\/copazo-reune-pastores-e-lideres-em-noite-de-comunhao-e-fortalecimento-ministerial-em-campo-grande\/\",\"url\":\"https:\/\/pontodasigrejas.com\/news\/brasil\/copazo-reune-pastores-e-lideres-em-noite-de-comunhao-e-fortalecimento-ministerial-em-campo-grande\/\",\"name\":\"COPAZO re\u00fane pastores e l\u00edderes em noite de comunh\u00e3o e fortalecimento ministerial em Campo Grande - Ponto das Igrejas\",\"isPartOf\":{\"@id\":\"https:\/\/pontodasigrejas.com\/news\/#website\"},\"primaryImageOfPage\":{\"@id\":\"https:\/\/pontodasigrejas.com\/news\/brasil\/copazo-reune-pastores-e-lideres-em-noite-de-comunhao-e-fortalecimento-ministerial-em-campo-grande\/#primaryimage\"},\"image\":{\"@id\":\"https:\/\/pontodasigrejas.com\/news\/brasil\/copazo-reune-pastores-e-lideres-em-noite-de-comunhao-e-fortalecimento-ministerial-em-campo-grande\/#primaryimage\"},\"thumbnailUrl\":\"https:\/\/pontodasigrejas.com\/news\/wp-content\/uploads\/2026\/08\/DSC_0300-Aprimorado-NR.jpg\",\"datePublished\":\"2026-08-18T18:55:14+00:00\",\"author\":{\"@id\":\"https:\/\/pontodasigrejas.com\/news\/#\/schema\/person\/224eaefaacae40e58259139b721deb39\"},\"description\":\"Encontro promovido pelo Conselho de Pastores da Zona Oeste aconteceu na Igreja Evang\u00e9lica Maranata de Campo Grande e reuniu lideran\u00e7as de diferentes organiza\u00e7\u00f5es crist\u00e3s\",\"breadcrumb\":{\"@id\":\"https:\/\/pontodasigrejas.com\/news\/brasil\/copazo-reune-pastores-e-lideres-em-noite-de-comunhao-e-fortalecimento-ministerial-em-campo-grande\/#breadcrumb\"},\"inLanguage\":\"pt-BR\",\"potentialAction\":[{\"@type\":\"ReadAction\",\"target\":[\"https:\/\/pontodasigrejas.com\/news\/brasil\/copazo-reune-pastores-e-lideres-em-noite-de-comunhao-e-fortalecimento-ministerial-em-campo-grande\/\"]}]},{\"@type\":\"ImageObject\",\"inLanguage\":\"pt-BR\",\"@id\":\"https:\/\/pontodasigrejas.com\/news\/brasil\/copazo-reune-pastores-e-lideres-em-noite-de-comunhao-e-fortalecimento-ministerial-em-campo-grande\/#primaryimage\",\"url\":\"https:\/\/pontodasigrejas.com\/news\/wp-content\/uploads\/2026\/08\/DSC_0300-Aprimorado-NR.jpg\",\"contentUrl\":\"https:\/\/pontodasigrejas.com\/news\/wp-content\/uploads\/2026\/08\/DSC_0300-Aprimorado-NR.jpg\",\"width\":1240,\"height\":827,\"caption\":\"Encontro promovido pelo Conselho de Pastores da Zona Oeste aconteceu na Igreja Evang\u00e9lica Maranata de Campo Grande e reuniu lideran\u00e7as de diferentes organiza\u00e7\u00f5es crist\u00e3s. Foto: @pontodasigrejas\"},{\"@type\":\"BreadcrumbList\",\"@id\":\"https:\/\/pontodasigrejas.com\/news\/brasil\/copazo-reune-pastores-e-lideres-em-noite-de-comunhao-e-fortalecimento-ministerial-em-campo-grande\/#breadcrumb\",\"itemListElement\":[{\"@type\":\"ListItem\",\"position\":1,\"name\":\"Home\",\"item\":\"https:\/\/pontodasigrejas.com\/news\/\"},{\"@type\":\"ListItem\",\"position\":2,\"name\":\"COPAZO re\u00fane pastores e l\u00edderes em noite de comunh\u00e3o e fortalecimento ministerial em Campo Grande\"}]},{\"@type\":\"WebSite\",\"@id\":\"https:\/\/pontodasigrejas.com\/news\/#website\",\"url\":\"https:\/\/pontodasigrejas.com\/news\/\",\"name\":\"Ponto das Igrejas\",\"description\":\"Seu portal de not\u00edcias gospel\",\"potentialAction\":[{\"@type\":\"SearchAction\",\"target\":{\"@type\":\"EntryPoint\",\"urlTemplate\":\"https:\/\/pontodasigrejas.com\/news\/?s={search_term_string}\"},\"query-input\":{\"@type\":\"PropertyValueSpecification\",\"valueRequired\":true,\"valueName\":\"search_term_string\"}}],\"inLanguage\":\"pt-BR\"},{\"@type\":\"Person\",\"@id\":\"https:\/\/pontodasigrejas.com\/news\/#\/schema\/person\/224eaefaacae40e58259139b721deb39\",\"name\":\"Johnny Prado\",\"image\":{\"@type\":\"ImageObject\",\"inLanguage\":\"pt-BR\",\"@id\":\"https:\/\/secure.gravatar.com\/avatar\/929f5bdc8b85fc0c753c9dc19c22deafd0da06e3d450dd8067c0c092d4f0e4e8?s=96&d=mm&r=g\",\"url\":\"https:\/\/secure.gravatar.com\/avatar\/929f5bdc8b85fc0c753c9dc19c22deafd0da06e3d450dd8067c0c092d4f0e4e8?s=96&d=mm&r=g\",\"contentUrl\":\"https:\/\/secure.gravatar.com\/avatar\/929f5bdc8b85fc0c753c9dc19c22deafd0da06e3d450dd8067c0c092d4f0e4e8?s=96&d=mm&r=g\",\"caption\":\"Johnny Prado\"},\"description\":\"Editor-chefe e fundador do Ponto das Igrejas. Jornalista Empresarial, Fot\u00f3grafo de eventos e especializado em Marketing Digital.\",\"sameAs\":[\"https:\/\/pontodasigrejas.com.br\/news\",\"https:\/\/www.facebook.com\/pontodasigrejas\",\"https:\/\/www.instagram.com\/pontodasigrejas\",\"https:\/\/x.com\/pontodasigrejas\"],\"url\":\"https:\/\/pontodasigrejas.com\/news\/author\/pontodasigrejas\/\"}]}<\/script>\n<!-- \/ Yoast SEO plugin. -->","yoast_head_json":{"title":"COPAZO re\u00fane pastores e l\u00edderes em noite de comunh\u00e3o e fortalecimento ministerial em Campo Grande - Ponto das Igrejas","description":"Encontro promovido pelo Conselho de Pastores da Zona Oeste aconteceu na Igreja Evang\u00e9lica Maranata de Campo Grande e reuniu lideran\u00e7as de diferentes organiza\u00e7\u00f5es crist\u00e3s","robots":{"index":"index","follow":"follow","max-snippet":"max-snippet:-1","max-image-preview":"max-image-preview:large","max-video-preview":"max-video-preview:-1"},"canonical":"https:\/\/pontodasigrejas.com\/news\/brasil\/copazo-reune-pastores-e-lideres-em-noite-de-comunhao-e-fortalecimento-ministerial-em-campo-grande\/","og_locale":"pt_BR","og_type":"article","og_title":"COPAZO re\u00fane pastores e l\u00edderes em noite de comunh\u00e3o e fortalecimento ministerial em Campo Grande - Ponto das Igrejas","og_description":"Encontro promovido pelo Conselho de Pastores da Zona Oeste aconteceu na Igreja Evang\u00e9lica Maranata de Campo Grande e reuniu lideran\u00e7as de diferentes organiza\u00e7\u00f5es crist\u00e3s","og_url":"https:\/\/pontodasigrejas.com\/news\/brasil\/copazo-reune-pastores-e-lideres-em-noite-de-comunhao-e-fortalecimento-ministerial-em-campo-grande\/","og_site_name":"Ponto das Igrejas","article_publisher":"https:\/\/www.facebook.com\/pontodasigrejas","article_author":"https:\/\/www.facebook.com\/pontodasigrejas","article_published_time":"2026-08-18T18:55:14+00:00","og_image":[{"width":1240,"height":827,"url":"https:\/\/pontodasigrejas.com\/news\/wp-content\/uploads\/2026\/08\/DSC_0300-Aprimorado-NR.jpg","type":"image\/jpeg"}],"author":"Johnny Prado","twitter_card":"summary_large_image","twitter_creator":"@pontodasigrejas","twitter_site":"@pontodasigrejas","twitter_misc":{"Escrito por":"Johnny Prado","Est. tempo de leitura":"7 minutos"},"schema":{"@context":"https:\/\/schema.org","@graph":[{"@type":"Article","@id":"https:\/\/pontodasigrejas.com\/news\/brasil\/copazo-reune-pastores-e-lideres-em-noite-de-comunhao-e-fortalecimento-ministerial-em-campo-grande\/#article","isPartOf":{"@id":"https:\/\/pontodasigrejas.com\/news\/brasil\/copazo-reune-pastores-e-lideres-em-noite-de-comunhao-e-fortalecimento-ministerial-em-campo-grande\/"},"author":{"name":"Johnny Prado","@id":"https:\/\/pontodasigrejas.com\/news\/#\/schema\/person\/224eaefaacae40e58259139b721deb39"},"headline":"COPAZO re\u00fane pastores e l\u00edderes em noite de comunh\u00e3o e fortalecimento ministerial em Campo Grande","datePublished":"2026-08-18T18:55:14+00:00","mainEntityOfPage":{"@id":"https:\/\/pontodasigrejas.com\/news\/brasil\/copazo-reune-pastores-e-lideres-em-noite-de-comunhao-e-fortalecimento-ministerial-em-campo-grande\/"},"wordCount":1106,"image":{"@id":"https:\/\/pontodasigrejas.com\/news\/brasil\/copazo-reune-pastores-e-lideres-em-noite-de-comunhao-e-fortalecimento-ministerial-em-campo-grande\/#primaryimage"},"thumbnailUrl":"https:\/\/pontodasigrejas.com\/news\/wp-content\/uploads\/2026\/08\/DSC_0300-Aprimorado-NR.jpg","articleSection":["Brasil","COPAZO"],"inLanguage":"pt-BR"},{"@type":"WebPage","@id":"https:\/\/pontodasigrejas.com\/news\/brasil\/copazo-reune-pastores-e-lideres-em-noite-de-comunhao-e-fortalecimento-ministerial-em-campo-grande\/","url":"https:\/\/pontodasigrejas.com\/news\/brasil\/copazo-reune-pastores-e-lideres-em-noite-de-comunhao-e-fortalecimento-ministerial-em-campo-grande\/","name":"COPAZO re\u00fane pastores e l\u00edderes em noite de comunh\u00e3o e fortalecimento ministerial em Campo Grande - Ponto das Igrejas","isPartOf":{"@id":"https:\/\/pontodasigrejas.com\/news\/#website"},"primaryImageOfPage":{"@id":"https:\/\/pontodasigrejas.com\/news\/brasil\/copazo-reune-pastores-e-lideres-em-noite-de-comunhao-e-fortalecimento-ministerial-em-campo-grande\/#primaryimage"},"image":{"@id":"https:\/\/pontodasigrejas.com\/news\/brasil\/copazo-reune-pastores-e-lideres-em-noite-de-comunhao-e-fortalecimento-ministerial-em-campo-grande\/#primaryimage"},"thumbnailUrl":"https:\/\/pontodasigrejas.com\/news\/wp-content\/uploads\/2026\/08\/DSC_0300-Aprimorado-NR.jpg","datePublished":"2026-08-18T18:55:14+00:00","author":{"@id":"https:\/\/pontodasigrejas.com\/news\/#\/schema\/person\/224eaefaacae40e58259139b721deb39"},"description":"Encontro promovido pelo Conselho de Pastores da Zona Oeste aconteceu na Igreja Evang\u00e9lica Maranata de Campo Grande e reuniu lideran\u00e7as de diferentes organiza\u00e7\u00f5es crist\u00e3s","breadcrumb":{"@id":"https:\/\/pontodasigrejas.com\/news\/brasil\/copazo-reune-pastores-e-lideres-em-noite-de-comunhao-e-fortalecimento-ministerial-em-campo-grande\/#breadcrumb"},"inLanguage":"pt-BR","potentialAction":[{"@type":"ReadAction","target":["https:\/\/pontodasigrejas.com\/news\/brasil\/copazo-reune-pastores-e-lideres-em-noite-de-comunhao-e-fortalecimento-ministerial-em-campo-grande\/"]}]},{"@type":"ImageObject","inLanguage":"pt-BR","@id":"https:\/\/pontodasigrejas.com\/news\/brasil\/copazo-reune-pastores-e-lideres-em-noite-de-comunhao-e-fortalecimento-ministerial-em-campo-grande\/#primaryimage","url":"https:\/\/pontodasigrejas.com\/news\/wp-content\/uploads\/2026\/08\/DSC_0300-Aprimorado-NR.jpg","contentUrl":"https:\/\/pontodasigrejas.com\/news\/wp-content\/uploads\/2026\/08\/DSC_0300-Aprimorado-NR.jpg","width":1240,"height":827,"caption":"Encontro promovido pelo Conselho de Pastores da Zona Oeste aconteceu na Igreja Evang\u00e9lica Maranata de Campo Grande e reuniu lideran\u00e7as de diferentes organiza\u00e7\u00f5es crist\u00e3s. Foto: @pontodasigrejas"},{"@type":"BreadcrumbList","@id":"https:\/\/pontodasigrejas.com\/news\/brasil\/copazo-reune-pastores-e-lideres-em-noite-de-comunhao-e-fortalecimento-ministerial-em-campo-grande\/#breadcrumb","itemListElement":[{"@type":"ListItem","position":1,"name":"Home","item":"https:\/\/pontodasigrejas.com\/news\/"},{"@type":"ListItem","position":2,"name":"COPAZO re\u00fane pastores e l\u00edderes em noite de comunh\u00e3o e fortalecimento ministerial em Campo Grande"}]},{"@type":"WebSite","@id":"https:\/\/pontodasigrejas.com\/news\/#website","url":"https:\/\/pontodasigrejas.com\/news\/","name":"Ponto das Igrejas","description":"Seu portal de not\u00edcias gospel","potentialAction":[{"@type":"SearchAction","target":{"@type":"EntryPoint","urlTemplate":"https:\/\/pontodasigrejas.com\/news\/?s={search_term_string}"},"query-input":{"@type":"PropertyValueSpecification","valueRequired":true,"valueName":"search_term_string"}}],"inLanguage":"pt-BR"},{"@type":"Person","@id":"https:\/\/pontodasigrejas.com\/news\/#\/schema\/person\/224eaefaacae40e58259139b721deb39","name":"Johnny Prado","image":{"@type":"ImageObject","inLanguage":"pt-BR","@id":"https:\/\/secure.gravatar.com\/avatar\/929f5bdc8b85fc0c753c9dc19c22deafd0da06e3d450dd8067c0c092d4f0e4e8?s=96&d=mm&r=g","url":"https:\/\/secure.gravatar.com\/avatar\/929f5bdc8b85fc0c753c9dc19c22deafd0da06e3d450dd8067c0c092d4f0e4e8?s=96&d=mm&r=g","contentUrl":"https:\/\/secure.gravatar.com\/avatar\/929f5bdc8b85fc0c753c9dc19c22deafd0da06e3d450dd8067c0c092d4f0e4e8?s=96&d=mm&r=g","caption":"Johnny Prado"},"description":"Editor-chefe e fundador do Ponto das Igrejas. Jornalista Empresarial, Fot\u00f3grafo de eventos e especializado em Marketing Digital.","sameAs":["https:\/\/pontodasigrejas.com.br\/news","https:\/\/www.facebook.com\/pontodasigrejas","https:\/\/www.instagram.com\/pontodasigrejas","https:\/\/x.com\/pontodasigrejas"],"url":"https:\/\/pontodasigrejas.com\/news\/author\/pontodasigrejas\/"}]}},"author_meta":{"display_name":"Johnny Prado","author_link":"https:\/\/pontodasigrejas.com\/news\/author\/pontodasigrejas\/"},"featured_img":"https:\/\/pontodasigrejas.com\/news\/wp-content\/uploads\/2026\/08\/DSC_0300-Aprimorado-NR-300x200.jpg","coauthors":[],"tax_additional":{"categories":{"linked":["<a href=\"https:\/\/pontodasigrejas.com\/news\/brasil\/\" class=\"advgb-post-tax-term\">Brasil<\/a>","<a href=\"https:\/\/pontodasigrejas.com\/news\/reuniao-de-lideres\/copazo\/\" class=\"advgb-post-tax-term\">COPAZO<\/a>"],"unlinked":["<span class=\"advgb-post-tax-term\">Brasil<\/span>","<span class=\"advgb-post-tax-term\">COPAZO<\/span>"]}},"comment_count":"0","relative_dates":{"created":"Posted 3 semanas ago","modified":"Updated 3 semanas ago"},"absolute_dates":{"created":"Posted on agosto 18, 2026","modified":"Updated on agosto 18, 2026"},"absolute_dates_time":{"created":"Posted on agosto 18, 2026 3:55 pm","modified":"Updated on agosto 18, 2026 3:55 pm"},"featured_img_caption":"Encontro promovido pelo Conselho de Pastores da Zona Oeste aconteceu na Igreja Evang\u00e9lica Maranata de Campo Grande e reuniu lideran\u00e7as de diferentes organiza\u00e7\u00f5es crist\u00e3s. Foto: @pontodasigrejas","series_order":"","_links":{"self":[{"href":"https:\/\/pontodasigrejas.com\/news\/wp-json\/wp\/v2\/posts\/13372","targetHints":{"allow":["GET"]}}],"collection":[{"href":"https:\/\/pontodasigrejas.com\/news\/wp-json\/wp\/v2\/posts"}],"about":[{"href":"https:\/\/pontodasigrejas.com\/news\/wp-json\/wp\/v2\/types\/post"}],"author":[{"embeddable":true,"href":"https:\/\/pontodasigrejas.com\/news\/wp-json\/wp\/v2\/users\/1"}],"replies":[{"embeddable":true,"href":"https:\/\/pontodasigrejas.com\/news\/wp-json\/wp\/v2\/comments?post=13372"}],"version-history":[{"count":1,"href":"https:\/\/pontodasigrejas.com\/news\/wp-json\/wp\/v2\/posts\/13372\/revisions"}],"predecessor-version":[{"id":13440,"href":"https:\/\/pontodasigrejas.com\/news\/wp-json\/wp\/v2\/posts\/13372\/revisions\/13440"}],"wp:featuredmedia":[{"embeddable":true,"href":"https:\/\/pontodasigrejas.com\/news\/wp-json\/wp\/v2\/media\/13429"}],"wp:attachment":[{"href":"https:\/\/pontodasigrejas.com\/news\/wp-json\/wp\/v2\/media?parent=13372"}],"wp:term":[{"taxonomy":"category","embeddable":true,"href":"https:\/\/pontodasigrejas.com\/news\/wp-json\/wp\/v2\/categories?post=13372"},{"taxonomy":"post_tag","embeddable":true,"href":"https:\/\/pontodasigrejas.com\/news\/wp-json\/wp\/v2\/tags?post=13372"}],"curies":[{"name":"wp","href":"https:\/\/api.w.org\/{rel}","templated":true}]}}