{"id":13441,"date":"2026-08-28T11:03:44","date_gmt":"2026-08-28T14:03:44","guid":{"rendered":"https:\/\/pontodasigrejas.com\/news\/?p=13441"},"modified":"2026-08-28T11:19:28","modified_gmt":"2026-08-28T14:19:28","slug":"xix-expo-tecnologica-da-escola-tecnica-sandra-silva-celebra-25-anos-de-educacao-inovacao-e-transformacao-de-vidas","status":"publish","type":"post","link":"https:\/\/pontodasigrejas.com\/news\/blog\/xix-expo-tecnologica-da-escola-tecnica-sandra-silva-celebra-25-anos-de-educacao-inovacao-e-transformacao-de-vidas\/","title":{"rendered":"XIX Expo Tecnol\u00f3gica da Escola T\u00e9cnica Sandra Silva celebra 25 anos de educa\u00e7\u00e3o, inova\u00e7\u00e3o e transforma\u00e7\u00e3o de vidas"},"content":{"rendered":"<p><em>Evento acontece neste s\u00e1bado (29), no Olaria Atl\u00e9tico Clube, reunindo mais de mil alunos expositores, projetos tecnol\u00f3gicos, m\u00fasica gospel e uma programa\u00e7\u00e3o especial com Andreia Fontes e o Minist\u00e9rio Sarando a Terra Ferida.<\/em><\/p>\n<p>O conhecimento pode abrir portas. A tecnologia pode criar caminhos. E quando educa\u00e7\u00e3o e prop\u00f3sito caminham juntos, hist\u00f3rias de transforma\u00e7\u00e3o come\u00e7am a ser constru\u00eddas.<\/p>\n<figure id=\"attachment_13450\" aria-describedby=\"caption-attachment-13450\" style=\"width: 335px\" class=\"wp-caption alignright\"><a href=\"https:\/\/pontodasigrejas.com\/news\/wp-content\/uploads\/2026\/08\/ev253a.jpg\"><img loading=\"lazy\" decoding=\"async\" class=\"wp-image-13450 \" src=\"https:\/\/pontodasigrejas.com\/news\/wp-content\/uploads\/2026\/08\/ev253a.jpg\" alt=\"\" width=\"335\" height=\"335\" srcset=\"https:\/\/pontodasigrejas.com\/news\/wp-content\/uploads\/2026\/08\/ev253a.jpg 1080w, https:\/\/pontodasigrejas.com\/news\/wp-content\/uploads\/2026\/08\/ev253a-300x300.jpg 300w, https:\/\/pontodasigrejas.com\/news\/wp-content\/uploads\/2026\/08\/ev253a-1024x1024.jpg 1024w, https:\/\/pontodasigrejas.com\/news\/wp-content\/uploads\/2026\/08\/ev253a-150x150.jpg 150w, https:\/\/pontodasigrejas.com\/news\/wp-content\/uploads\/2026\/08\/ev253a-768x768.jpg 768w, https:\/\/pontodasigrejas.com\/news\/wp-content\/uploads\/2026\/08\/ev253a-696x696.jpg 696w, https:\/\/pontodasigrejas.com\/news\/wp-content\/uploads\/2026\/08\/ev253a-1068x1068.jpg 1068w, https:\/\/pontodasigrejas.com\/news\/wp-content\/uploads\/2026\/08\/ev253a-600x600.jpg 600w, https:\/\/pontodasigrejas.com\/news\/wp-content\/uploads\/2026\/08\/ev253a-100x100.jpg 100w\" sizes=\"auto, (max-width: 335px) 100vw, 335px\" \/><\/a><figcaption id=\"caption-attachment-13450\" class=\"wp-caption-text\">alunos da Escola t\u00e9cnica sandra Silva na XVIII Expo Tecnol\u00f3gica realizada em 2025.<\/figcaption><\/figure>\n<p>\u00c9 com essa perspectiva que a Escola T\u00e9cnica Sandra Silva realiza, neste s\u00e1bado, 29 de agosto, a XIX Expo Tecnol\u00f3gica, um evento que chega \u00e0 sua 19\u00aa edi\u00e7\u00e3o reunindo educa\u00e7\u00e3o, inova\u00e7\u00e3o, ci\u00eancia, cultura e talentos.<\/p>\n<p>Com o tema \u201cRio de Janeiro, capital da inova\u00e7\u00e3o t\u00e9cnica e talento global\u201d, a Expo pretende apresentar ao p\u00fablico o resultado do trabalho desenvolvido por seus alunos e professores, em uma programa\u00e7\u00e3o que contar\u00e1 com mais de mil estudantes expositores.<\/p>\n<p>A iniciativa tamb\u00e9m marca um momento especial na hist\u00f3ria da institui\u00e7\u00e3o, que celebra 25 anos formando profissionais que realmente sabem fazer.<\/p>\n<h2>Quando o conhecimento ganha vida<\/h2>\n<p>Ao entrar em uma sala de aula, o estudante encontra conhecimento. Em uma feira como a Expo Tecnol\u00f3gica, esse conhecimento ganha forma, movimento e prop\u00f3sito.<\/p>\n<p>Projetos desenvolvidos pelos alunos nas \u00e1reas de rob\u00f3tica, inform\u00e1tica, sa\u00fade e engenharia estar\u00e3o entre os destaques da programa\u00e7\u00e3o.<\/p>\n<p>Mais do que apresentar trabalhos, os estudantes ter\u00e3o a oportunidade de mostrar suas capacidades, compartilhar suas ideias e experimentar uma realidade pr\u00f3xima daquela que encontrar\u00e3o no mercado profissional.<\/p>\n<p>\u00c9 tamb\u00e9m uma maneira de reconhecer o esfor\u00e7o de quem ensina e de quem aprende.<\/p>\n<p>Por tr\u00e1s de cada projeto existe uma hist\u00f3ria: horas de estudo, desafios, descobertas, erros, acertos e, principalmente, a oportunidade de acreditar que aquilo que come\u00e7a como uma ideia pode se transformar em algo concreto.<\/p>\n<h2>Uma celebra\u00e7\u00e3o que tamb\u00e9m ter\u00e1 m\u00fasica e f\u00e9<\/h2>\n<figure id=\"attachment_13445\" aria-describedby=\"caption-attachment-13445\" style=\"width: 295px\" class=\"wp-caption alignright\"><a href=\"https:\/\/pontodasigrejas.com\/news\/wp-content\/uploads\/2026\/08\/cantora-andreia-fontes.jpeg\"><img loading=\"lazy\" decoding=\"async\" class=\" wp-image-13445\" src=\"https:\/\/pontodasigrejas.com\/news\/wp-content\/uploads\/2026\/08\/cantora-andreia-fontes.jpeg\" alt=\"\" width=\"295\" height=\"295\" srcset=\"https:\/\/pontodasigrejas.com\/news\/wp-content\/uploads\/2026\/08\/cantora-andreia-fontes.jpeg 400w, https:\/\/pontodasigrejas.com\/news\/wp-content\/uploads\/2026\/08\/cantora-andreia-fontes-300x300.jpeg 300w, https:\/\/pontodasigrejas.com\/news\/wp-content\/uploads\/2026\/08\/cantora-andreia-fontes-150x150.jpeg 150w, https:\/\/pontodasigrejas.com\/news\/wp-content\/uploads\/2026\/08\/cantora-andreia-fontes-100x100.jpeg 100w\" sizes=\"auto, (max-width: 295px) 100vw, 295px\" \/><\/a><figcaption id=\"caption-attachment-13445\" class=\"wp-caption-text\">A cantora gospel Andreia Fontes estar\u00e1 na Expo Tecnol\u00f3gica amanh\u00e3 (s\u00e1bado &#8211; 28)<\/figcaption><\/figure>\n<p>A XIX Expo Tecnol\u00f3gica n\u00e3o ficar\u00e1 restrita aos laborat\u00f3rios e projetos cient\u00edficos.<\/p>\n<p>A programa\u00e7\u00e3o contar\u00e1 com a participa\u00e7\u00e3o de importantes nomes da m\u00fasica gospel.<\/p>\n<p>A cantora Andreia Fontes estar\u00e1 presente no evento acompanhada de sua banda, levando sua m\u00fasica e sua mensagem ao p\u00fablico.<\/p>\n<p>Tamb\u00e9m est\u00e1 confirmada a participa\u00e7\u00e3o do Minist\u00e9rio Sarando a Terra Ferida, acrescentando \u00e0 programa\u00e7\u00e3o um momento de louvor e celebra\u00e7\u00e3o.<\/p>\n<figure id=\"attachment_13444\" aria-describedby=\"caption-attachment-13444\" style=\"width: 352px\" class=\"wp-caption alignright\"><a href=\"https:\/\/pontodasigrejas.com\/news\/wp-content\/uploads\/2026\/08\/nathanael-costa-v2.jpeg\"><img loading=\"lazy\" decoding=\"async\" class=\" wp-image-13444\" src=\"https:\/\/pontodasigrejas.com\/news\/wp-content\/uploads\/2026\/08\/nathanael-costa-v2.jpeg\" alt=\"\" width=\"352\" height=\"251\" srcset=\"https:\/\/pontodasigrejas.com\/news\/wp-content\/uploads\/2026\/08\/nathanael-costa-v2.jpeg 526w, https:\/\/pontodasigrejas.com\/news\/wp-content\/uploads\/2026\/08\/nathanael-costa-v2-300x214.jpeg 300w, https:\/\/pontodasigrejas.com\/news\/wp-content\/uploads\/2026\/08\/nathanael-costa-v2-150x107.jpeg 150w, https:\/\/pontodasigrejas.com\/news\/wp-content\/uploads\/2026\/08\/nathanael-costa-v2-100x70.jpeg 100w\" sizes=\"auto, (max-width: 352px) 100vw, 352px\" \/><\/a><figcaption id=\"caption-attachment-13444\" class=\"wp-caption-text\">Cantor gospel Nathanael Costa &#8211; PentecWorship, cantor e compositor<\/figcaption><\/figure>\n<p>O evento contar\u00e1 ainda com a presen\u00e7a do cantor gospel Nathanael Costa, que tamb\u00e9m far\u00e1 parte da programa\u00e7\u00e3o musical da Expo, contribuindo para um ambiente de f\u00e9, inspira\u00e7\u00e3o e comunh\u00e3o.<\/p>\n<p>A presen\u00e7a dos artistas refor\u00e7a uma caracter\u00edstica importante da Expo: a compreens\u00e3o de que a forma\u00e7\u00e3o de um ser humano n\u00e3o se limita ao conhecimento t\u00e9cnico. Ci\u00eancia, educa\u00e7\u00e3o, cultura, m\u00fasica e f\u00e9 tamb\u00e9m podem caminhar juntas na constru\u00e7\u00e3o de experi\u00eancias que contribuem para a forma\u00e7\u00e3o integral de crian\u00e7as, jovens e fam\u00edlias.<\/p>\n<figure id=\"attachment_13446\" aria-describedby=\"caption-attachment-13446\" style=\"width: 1261px\" class=\"wp-caption alignnone\"><a href=\"https:\/\/pontodasigrejas.com\/news\/wp-content\/uploads\/2026\/08\/ministerio-sarando-a-terra-ferrida-21.jpeg\"><img loading=\"lazy\" decoding=\"async\" class=\"size-full wp-image-13446\" src=\"https:\/\/pontodasigrejas.com\/news\/wp-content\/uploads\/2026\/08\/ministerio-sarando-a-terra-ferrida-21.jpeg\" alt=\"\" width=\"1261\" height=\"889\" srcset=\"https:\/\/pontodasigrejas.com\/news\/wp-content\/uploads\/2026\/08\/ministerio-sarando-a-terra-ferrida-21.jpeg 1261w, https:\/\/pontodasigrejas.com\/news\/wp-content\/uploads\/2026\/08\/ministerio-sarando-a-terra-ferrida-21-300x211.jpeg 300w, https:\/\/pontodasigrejas.com\/news\/wp-content\/uploads\/2026\/08\/ministerio-sarando-a-terra-ferrida-21-1024x722.jpeg 1024w, https:\/\/pontodasigrejas.com\/news\/wp-content\/uploads\/2026\/08\/ministerio-sarando-a-terra-ferrida-21-768x541.jpeg 768w, https:\/\/pontodasigrejas.com\/news\/wp-content\/uploads\/2026\/08\/ministerio-sarando-a-terra-ferrida-21-150x106.jpeg 150w, https:\/\/pontodasigrejas.com\/news\/wp-content\/uploads\/2026\/08\/ministerio-sarando-a-terra-ferrida-21-696x491.jpeg 696w, https:\/\/pontodasigrejas.com\/news\/wp-content\/uploads\/2026\/08\/ministerio-sarando-a-terra-ferrida-21-1068x753.jpeg 1068w, https:\/\/pontodasigrejas.com\/news\/wp-content\/uploads\/2026\/08\/ministerio-sarando-a-terra-ferrida-21-100x70.jpeg 100w, https:\/\/pontodasigrejas.com\/news\/wp-content\/uploads\/2026\/08\/ministerio-sarando-a-terra-ferrida-21-600x423.jpeg 600w\" sizes=\"auto, (max-width: 1261px) 100vw, 1261px\" \/><\/a><figcaption id=\"caption-attachment-13446\" class=\"wp-caption-text\">Minist\u00e9rio Sarando a Terra Ferida sempre presente nas edi\u00e7\u00f5es anteriores, tamb\u00e9m est\u00e1 confirmado para amanh\u00e3 (29 agosto).<\/figcaption><\/figure>\n<h2>Ponto das Igrejas far\u00e1 podcast diretamente da Expo<\/h2>\n<p>Entre os ve\u00edculos e projetos de comunica\u00e7\u00e3o confirmados para o evento est\u00e1 o Ponto das Igrejas, que estar\u00e1 presente realizando uma edi\u00e7\u00e3o especial de seu podcast diretamente da XIX Expo Tecnol\u00f3gica.<\/p>\n<figure id=\"attachment_13447\" aria-describedby=\"caption-attachment-13447\" style=\"width: 299px\" class=\"wp-caption alignright\"><a href=\"https:\/\/pontodasigrejas.com\/news\/wp-content\/uploads\/2026\/08\/pontodasigrejas-confirmado-expo.jpeg\"><img loading=\"lazy\" decoding=\"async\" class=\" wp-image-13447\" src=\"https:\/\/pontodasigrejas.com\/news\/wp-content\/uploads\/2026\/08\/pontodasigrejas-confirmado-expo.jpeg\" alt=\"\" width=\"299\" height=\"398\" srcset=\"https:\/\/pontodasigrejas.com\/news\/wp-content\/uploads\/2026\/08\/pontodasigrejas-confirmado-expo.jpeg 1080w, https:\/\/pontodasigrejas.com\/news\/wp-content\/uploads\/2026\/08\/pontodasigrejas-confirmado-expo-225x300.jpeg 225w, https:\/\/pontodasigrejas.com\/news\/wp-content\/uploads\/2026\/08\/pontodasigrejas-confirmado-expo-768x1024.jpeg 768w, https:\/\/pontodasigrejas.com\/news\/wp-content\/uploads\/2026\/08\/pontodasigrejas-confirmado-expo-150x200.jpeg 150w, https:\/\/pontodasigrejas.com\/news\/wp-content\/uploads\/2026\/08\/pontodasigrejas-confirmado-expo-300x400.jpeg 300w, https:\/\/pontodasigrejas.com\/news\/wp-content\/uploads\/2026\/08\/pontodasigrejas-confirmado-expo-696x928.jpeg 696w, https:\/\/pontodasigrejas.com\/news\/wp-content\/uploads\/2026\/08\/pontodasigrejas-confirmado-expo-1068x1424.jpeg 1068w, https:\/\/pontodasigrejas.com\/news\/wp-content\/uploads\/2026\/08\/pontodasigrejas-confirmado-expo-600x800.jpeg 600w\" sizes=\"auto, (max-width: 299px) 100vw, 299px\" \/><\/a><figcaption id=\"caption-attachment-13447\" class=\"wp-caption-text\">ponto das igrejas est\u00e1 confirmado para a Expo Tecnol\u00f3gica Sandra Silva<\/figcaption><\/figure>\n<p>A equipe far\u00e1 entrevistas com convidados e participantes, registrando hist\u00f3rias e momentos importantes desta edi\u00e7\u00e3o.<\/p>\n<p>Entre as conversas previstas est\u00e1 uma entrevista com Andreia Fontes, al\u00e9m da possibilidade de ouvir integrantes do Minist\u00e9rio Sarando a Terra Ferida e a pr\u00f3pria Sandra Silva, idealizadora da escola.<\/p>\n<p>O podcast pretende ir al\u00e9m da tradicional cobertura de eventos.<\/p>\n<p>A proposta \u00e9 ouvir pessoas.<\/p>\n<p>Conhecer trajet\u00f3rias.<\/p>\n<p>Registrar experi\u00eancias.<\/p>\n<p>E mostrar que, por tr\u00e1s de uma grande feira, existem vidas, sonhos e hist\u00f3rias que muitas vezes n\u00e3o aparecem nos n\u00fameros.<\/p>\n<p>Para o Ponto das Igrejas, estar presente na Expo representa tamb\u00e9m uma oportunidade de aproximar comunica\u00e7\u00e3o, educa\u00e7\u00e3o, cultura e f\u00e9, levando ao p\u00fablico n\u00e3o apenas aquilo que acontece no palco, mas tamb\u00e9m aquilo que acontece nos bastidores e no cora\u00e7\u00e3o de quem participa.<\/p>\n<h2>25 anos formando muito mais do que profissionais<\/h2>\n<p>Ao celebrar seus 25 anos, a Escola T\u00e9cnica Sandra Silva olha para uma trajet\u00f3ria constru\u00edda atrav\u00e9s da educa\u00e7\u00e3o profissional e da forma\u00e7\u00e3o de pessoas.<\/p>\n<figure id=\"attachment_13449\" aria-describedby=\"caption-attachment-13449\" style=\"width: 321px\" class=\"wp-caption alignleft\"><a href=\"https:\/\/pontodasigrejas.com\/news\/wp-content\/uploads\/2026\/08\/ev253d.jpg\"><img loading=\"lazy\" decoding=\"async\" class=\" wp-image-13449\" src=\"https:\/\/pontodasigrejas.com\/news\/wp-content\/uploads\/2026\/08\/ev253d.jpg\" alt=\"\" width=\"321\" height=\"321\" srcset=\"https:\/\/pontodasigrejas.com\/news\/wp-content\/uploads\/2026\/08\/ev253d.jpg 1080w, https:\/\/pontodasigrejas.com\/news\/wp-content\/uploads\/2026\/08\/ev253d-300x300.jpg 300w, https:\/\/pontodasigrejas.com\/news\/wp-content\/uploads\/2026\/08\/ev253d-1024x1024.jpg 1024w, https:\/\/pontodasigrejas.com\/news\/wp-content\/uploads\/2026\/08\/ev253d-150x150.jpg 150w, https:\/\/pontodasigrejas.com\/news\/wp-content\/uploads\/2026\/08\/ev253d-768x768.jpg 768w, https:\/\/pontodasigrejas.com\/news\/wp-content\/uploads\/2026\/08\/ev253d-696x696.jpg 696w, https:\/\/pontodasigrejas.com\/news\/wp-content\/uploads\/2026\/08\/ev253d-1068x1068.jpg 1068w, https:\/\/pontodasigrejas.com\/news\/wp-content\/uploads\/2026\/08\/ev253d-600x600.jpg 600w, https:\/\/pontodasigrejas.com\/news\/wp-content\/uploads\/2026\/08\/ev253d-100x100.jpg 100w\" sizes=\"auto, (max-width: 321px) 100vw, 321px\" \/><\/a><figcaption id=\"caption-attachment-13449\" class=\"wp-caption-text\">Sandra Silva na XVIII Expo Tecnol\u00f3gica realizada em 2025.<\/figcaption><\/figure>\n<p>S\u00e3o duas d\u00e9cadas e meia acompanhando mudan\u00e7as tecnol\u00f3gicas, transforma\u00e7\u00f5es no mercado de trabalho e diferentes gera\u00e7\u00f5es de estudantes.<\/p>\n<p>A XIX Expo Tecnol\u00f3gica surge, nesse contexto, como uma esp\u00e9cie de retrato dessa caminhada.<\/p>\n<p>De um lado, a experi\u00eancia de uma institui\u00e7\u00e3o que construiu sua hist\u00f3ria ao longo de 25 anos.<\/p>\n<p>Do outro, jovens e estudantes apresentando ideias, projetos e conhecimentos que apontam para o futuro.<\/p>\n<p>E talvez esteja justamente a\u00ed uma das maiores riquezas de uma feira como essa: o encontro entre aquilo que foi constru\u00eddo e aquilo que ainda est\u00e1 por vir.<\/p>\n<h2>Um s\u00e1bado para aprender, celebrar e se inspirar<\/h2>\n<p>A expectativa \u00e9 que a XIX Expo Tecnol\u00f3gica re\u00fana estudantes, professores, familiares, profissionais, convidados e visitantes em um ambiente de conhecimento e celebra\u00e7\u00e3o.<\/p>\n<p>Para al\u00e9m dos n\u00fameros, dos equipamentos e dos projetos, o evento representa uma oportunidade de lembrar que toda transforma\u00e7\u00e3o come\u00e7a, muitas vezes, com uma simples oportunidade de aprender.<\/p>\n<p>E quando essa oportunidade encontra dedica\u00e7\u00e3o, talento, perseveran\u00e7a e prop\u00f3sito, ela pode mudar uma hist\u00f3ria.<\/p>\n<p>Neste s\u00e1bado, o Olaria Atl\u00e9tico Clube ser\u00e1 o ponto de encontro dessa hist\u00f3ria.<\/p>\n<p>Tecnologia para transformar. Educa\u00e7\u00e3o para preparar. F\u00e9 para inspirar.<\/p>\n<p>E o Ponto das Igrejas estar\u00e1 l\u00e1 para contar essa hist\u00f3ria.<\/p>\n<h2>SERVI\u00c7O<\/h2>\n<p><strong>XIX Expo Tecnol\u00f3gica \u2014 Escola T\u00e9cnica Sandra Silva<\/strong><\/p>\n<p>Tema: Rio de Janeiro, capital da inova\u00e7\u00e3o t\u00e9cnica e talento global<br \/>\nData: 29 de agosto de 2026 \u2014 s\u00e1bado<br \/>\nHor\u00e1rio: 10h \u00e0s 17h<br \/>\nLocal: Olaria Atl\u00e9tico Clube<br \/>\nEndere\u00e7o: Rua Bariri, 251, Box 1 \u2014 Olaria \u2014 Rio de Janeiro\/RJ<\/p>\n<p><strong>Destaques da programa\u00e7\u00e3o:<\/strong><\/p>\n<p>Mais de 1.000 alunos expositores;<br \/>\nProjetos cient\u00edficos e tecnol\u00f3gicos;<br \/>\nRob\u00f3tica, inform\u00e1tica, sa\u00fade e engenharia;<br \/>\nAndreia Fontes e sua banda;<br \/>\nMinist\u00e9rio Sarando a Terra Ferida;<br \/>\nPodcast especial do Ponto das Igrejas diretamente do evento.<\/p>\n<p>Escola T\u00e9cnica Sandra Silva \u2014 25 anos formando profissionais que realmente sabem fazer.<\/p>\n","protected":false},"excerpt":{"rendered":"<p>Evento acontece neste s\u00e1bado (29), no Olaria Atl\u00e9tico Clube, reunindo mais de mil alunos expositores, projetos tecnol\u00f3gicos, m\u00fasica gospel e uma programa\u00e7\u00e3o especial com Andreia Fontes e o Minist\u00e9rio Sarando a Terra Ferida. O conhecimento pode abrir portas. A tecnologia pode criar caminhos. E quando educa\u00e7\u00e3o e prop\u00f3sito caminham juntos, hist\u00f3rias de transforma\u00e7\u00e3o come\u00e7am a [&hellip;]<\/p>\n","protected":false},"author":1,"featured_media":13443,"comment_status":"closed","ping_status":"closed","sticky":false,"template":"","format":"standard","meta":{"advgb_blocks_editor_width":"","advgb_blocks_columns_visual_guide":"","_monsterinsights_skip_tracking":false,"_monsterinsights_sitenote_active":false,"_monsterinsights_sitenote_note":"","_monsterinsights_sitenote_category":0,"footnotes":""},"categories":[1,175,282],"tags":[283,446,447],"class_list":["post-13441","post","type-post","status-publish","format-standard","has-post-thumbnail","category-blog","category-destaque","category-empreendedorismo","tag-escola-tecnica","tag-expo-tecnologica-sandra-silva","tag-sandra-silva"],"yoast_head":"<!-- This site is optimized with the Yoast SEO plugin v27.2 - https:\/\/yoast.com\/product\/yoast-seo-wordpress\/ -->\n<title>XIX Expo Tecnol\u00f3gica da Escola T\u00e9cnica Sandra Silva celebra 25 anos de educa\u00e7\u00e3o, inova\u00e7\u00e3o e transforma\u00e7\u00e3o de vidas - Ponto das Igrejas<\/title>\n<meta name=\"description\" content=\"Evento acontece neste s\u00e1bado (29), no Olaria Atl\u00e9tico Clube, reunindo mais de mil alunos expositores, projetos tecnol\u00f3gicos, m\u00fasica gospel e uma programa\u00e7\u00e3o especial com Andreia Fontes, Nathanael Costa e o Minist\u00e9rio Sarando a Terra Ferida.\" \/>\n<meta name=\"robots\" content=\"index, follow, max-snippet:-1, max-image-preview:large, max-video-preview:-1\" \/>\n<link rel=\"canonical\" href=\"https:\/\/pontodasigrejas.com\/news\/blog\/xix-expo-tecnologica-da-escola-tecnica-sandra-silva-celebra-25-anos-de-educacao-inovacao-e-transformacao-de-vidas\/\" \/>\n<meta property=\"og:locale\" content=\"pt_BR\" \/>\n<meta property=\"og:type\" content=\"article\" \/>\n<meta property=\"og:title\" content=\"XIX Expo Tecnol\u00f3gica da Escola T\u00e9cnica Sandra Silva celebra 25 anos de educa\u00e7\u00e3o, inova\u00e7\u00e3o e transforma\u00e7\u00e3o de vidas - Ponto das Igrejas\" \/>\n<meta property=\"og:description\" content=\"Evento acontece neste s\u00e1bado (29), no Olaria Atl\u00e9tico Clube, reunindo mais de mil alunos expositores, projetos tecnol\u00f3gicos, m\u00fasica gospel e uma programa\u00e7\u00e3o especial com Andreia Fontes, Nathanael Costa e o Minist\u00e9rio Sarando a Terra Ferida.\" \/>\n<meta property=\"og:url\" content=\"https:\/\/pontodasigrejas.com\/news\/blog\/xix-expo-tecnologica-da-escola-tecnica-sandra-silva-celebra-25-anos-de-educacao-inovacao-e-transformacao-de-vidas\/\" \/>\n<meta property=\"og:site_name\" content=\"Ponto das Igrejas\" \/>\n<meta property=\"article:publisher\" content=\"https:\/\/www.facebook.com\/pontodasigrejas\" \/>\n<meta property=\"article:author\" content=\"https:\/\/www.facebook.com\/pontodasigrejas\" \/>\n<meta property=\"article:published_time\" content=\"2026-08-28T14:03:44+00:00\" \/>\n<meta property=\"article:modified_time\" content=\"2026-08-28T14:19:28+00:00\" \/>\n<meta property=\"og:image\" content=\"https:\/\/pontodasigrejas.com\/news\/wp-content\/uploads\/2026\/08\/banner-expotecnologica2.jpg\" \/>\n\t<meta property=\"og:image:width\" content=\"1694\" \/>\n\t<meta property=\"og:image:height\" content=\"928\" \/>\n\t<meta property=\"og:image:type\" content=\"image\/jpeg\" \/>\n<meta name=\"author\" content=\"Johnny Prado\" \/>\n<meta name=\"twitter:card\" content=\"summary_large_image\" \/>\n<meta name=\"twitter:creator\" content=\"@pontodasigrejas\" \/>\n<meta name=\"twitter:site\" content=\"@pontodasigrejas\" \/>\n<meta name=\"twitter:label1\" content=\"Escrito por\" \/>\n\t<meta name=\"twitter:data1\" content=\"Johnny Prado\" \/>\n\t<meta name=\"twitter:label2\" content=\"Est. tempo de leitura\" \/>\n\t<meta name=\"twitter:data2\" content=\"8 minutos\" \/>\n<script type=\"application\/ld+json\" class=\"yoast-schema-graph\">{\"@context\":\"https:\/\/schema.org\",\"@graph\":[{\"@type\":\"Article\",\"@id\":\"https:\/\/pontodasigrejas.com\/news\/blog\/xix-expo-tecnologica-da-escola-tecnica-sandra-silva-celebra-25-anos-de-educacao-inovacao-e-transformacao-de-vidas\/#article\",\"isPartOf\":{\"@id\":\"https:\/\/pontodasigrejas.com\/news\/blog\/xix-expo-tecnologica-da-escola-tecnica-sandra-silva-celebra-25-anos-de-educacao-inovacao-e-transformacao-de-vidas\/\"},\"author\":{\"name\":\"Johnny Prado\",\"@id\":\"https:\/\/pontodasigrejas.com\/news\/#\/schema\/person\/224eaefaacae40e58259139b721deb39\"},\"headline\":\"XIX Expo Tecnol\u00f3gica da Escola T\u00e9cnica Sandra Silva celebra 25 anos de educa\u00e7\u00e3o, inova\u00e7\u00e3o e transforma\u00e7\u00e3o de vidas\",\"datePublished\":\"2026-08-28T14:03:44+00:00\",\"dateModified\":\"2026-08-28T14:19:28+00:00\",\"mainEntityOfPage\":{\"@id\":\"https:\/\/pontodasigrejas.com\/news\/blog\/xix-expo-tecnologica-da-escola-tecnica-sandra-silva-celebra-25-anos-de-educacao-inovacao-e-transformacao-de-vidas\/\"},\"wordCount\":1198,\"image\":{\"@id\":\"https:\/\/pontodasigrejas.com\/news\/blog\/xix-expo-tecnologica-da-escola-tecnica-sandra-silva-celebra-25-anos-de-educacao-inovacao-e-transformacao-de-vidas\/#primaryimage\"},\"thumbnailUrl\":\"https:\/\/pontodasigrejas.com\/news\/wp-content\/uploads\/2026\/08\/banner-expotecnologica2.jpg\",\"keywords\":[\"Escola T\u00e9cnica\",\"Expo Tecnol\u00f3gica Sandra Silva\",\"Sandra Silva\"],\"articleSection\":[\"Blog\",\"Destaque\",\"Empreendedorismo\"],\"inLanguage\":\"pt-BR\"},{\"@type\":\"WebPage\",\"@id\":\"https:\/\/pontodasigrejas.com\/news\/blog\/xix-expo-tecnologica-da-escola-tecnica-sandra-silva-celebra-25-anos-de-educacao-inovacao-e-transformacao-de-vidas\/\",\"url\":\"https:\/\/pontodasigrejas.com\/news\/blog\/xix-expo-tecnologica-da-escola-tecnica-sandra-silva-celebra-25-anos-de-educacao-inovacao-e-transformacao-de-vidas\/\",\"name\":\"XIX Expo Tecnol\u00f3gica da Escola T\u00e9cnica Sandra Silva celebra 25 anos de educa\u00e7\u00e3o, inova\u00e7\u00e3o e transforma\u00e7\u00e3o de vidas - Ponto das Igrejas\",\"isPartOf\":{\"@id\":\"https:\/\/pontodasigrejas.com\/news\/#website\"},\"primaryImageOfPage\":{\"@id\":\"https:\/\/pontodasigrejas.com\/news\/blog\/xix-expo-tecnologica-da-escola-tecnica-sandra-silva-celebra-25-anos-de-educacao-inovacao-e-transformacao-de-vidas\/#primaryimage\"},\"image\":{\"@id\":\"https:\/\/pontodasigrejas.com\/news\/blog\/xix-expo-tecnologica-da-escola-tecnica-sandra-silva-celebra-25-anos-de-educacao-inovacao-e-transformacao-de-vidas\/#primaryimage\"},\"thumbnailUrl\":\"https:\/\/pontodasigrejas.com\/news\/wp-content\/uploads\/2026\/08\/banner-expotecnologica2.jpg\",\"datePublished\":\"2026-08-28T14:03:44+00:00\",\"dateModified\":\"2026-08-28T14:19:28+00:00\",\"author\":{\"@id\":\"https:\/\/pontodasigrejas.com\/news\/#\/schema\/person\/224eaefaacae40e58259139b721deb39\"},\"description\":\"Evento acontece neste s\u00e1bado (29), no Olaria Atl\u00e9tico Clube, reunindo mais de mil alunos expositores, projetos tecnol\u00f3gicos, m\u00fasica gospel e uma programa\u00e7\u00e3o especial com Andreia Fontes, Nathanael Costa e o Minist\u00e9rio Sarando a Terra Ferida.\",\"breadcrumb\":{\"@id\":\"https:\/\/pontodasigrejas.com\/news\/blog\/xix-expo-tecnologica-da-escola-tecnica-sandra-silva-celebra-25-anos-de-educacao-inovacao-e-transformacao-de-vidas\/#breadcrumb\"},\"inLanguage\":\"pt-BR\",\"potentialAction\":[{\"@type\":\"ReadAction\",\"target\":[\"https:\/\/pontodasigrejas.com\/news\/blog\/xix-expo-tecnologica-da-escola-tecnica-sandra-silva-celebra-25-anos-de-educacao-inovacao-e-transformacao-de-vidas\/\"]}]},{\"@type\":\"ImageObject\",\"inLanguage\":\"pt-BR\",\"@id\":\"https:\/\/pontodasigrejas.com\/news\/blog\/xix-expo-tecnologica-da-escola-tecnica-sandra-silva-celebra-25-anos-de-educacao-inovacao-e-transformacao-de-vidas\/#primaryimage\",\"url\":\"https:\/\/pontodasigrejas.com\/news\/wp-content\/uploads\/2026\/08\/banner-expotecnologica2.jpg\",\"contentUrl\":\"https:\/\/pontodasigrejas.com\/news\/wp-content\/uploads\/2026\/08\/banner-expotecnologica2.jpg\",\"width\":1694,\"height\":928},{\"@type\":\"BreadcrumbList\",\"@id\":\"https:\/\/pontodasigrejas.com\/news\/blog\/xix-expo-tecnologica-da-escola-tecnica-sandra-silva-celebra-25-anos-de-educacao-inovacao-e-transformacao-de-vidas\/#breadcrumb\",\"itemListElement\":[{\"@type\":\"ListItem\",\"position\":1,\"name\":\"Home\",\"item\":\"https:\/\/pontodasigrejas.com\/news\/\"},{\"@type\":\"ListItem\",\"position\":2,\"name\":\"XIX Expo Tecnol\u00f3gica da Escola T\u00e9cnica Sandra Silva celebra 25 anos de educa\u00e7\u00e3o, inova\u00e7\u00e3o e transforma\u00e7\u00e3o de vidas\"}]},{\"@type\":\"WebSite\",\"@id\":\"https:\/\/pontodasigrejas.com\/news\/#website\",\"url\":\"https:\/\/pontodasigrejas.com\/news\/\",\"name\":\"Ponto das Igrejas\",\"description\":\"Seu portal de not\u00edcias gospel\",\"potentialAction\":[{\"@type\":\"SearchAction\",\"target\":{\"@type\":\"EntryPoint\",\"urlTemplate\":\"https:\/\/pontodasigrejas.com\/news\/?s={search_term_string}\"},\"query-input\":{\"@type\":\"PropertyValueSpecification\",\"valueRequired\":true,\"valueName\":\"search_term_string\"}}],\"inLanguage\":\"pt-BR\"},{\"@type\":\"Person\",\"@id\":\"https:\/\/pontodasigrejas.com\/news\/#\/schema\/person\/224eaefaacae40e58259139b721deb39\",\"name\":\"Johnny Prado\",\"image\":{\"@type\":\"ImageObject\",\"inLanguage\":\"pt-BR\",\"@id\":\"https:\/\/secure.gravatar.com\/avatar\/929f5bdc8b85fc0c753c9dc19c22deafd0da06e3d450dd8067c0c092d4f0e4e8?s=96&d=mm&r=g\",\"url\":\"https:\/\/secure.gravatar.com\/avatar\/929f5bdc8b85fc0c753c9dc19c22deafd0da06e3d450dd8067c0c092d4f0e4e8?s=96&d=mm&r=g\",\"contentUrl\":\"https:\/\/secure.gravatar.com\/avatar\/929f5bdc8b85fc0c753c9dc19c22deafd0da06e3d450dd8067c0c092d4f0e4e8?s=96&d=mm&r=g\",\"caption\":\"Johnny Prado\"},\"description\":\"Editor-chefe e fundador do Ponto das Igrejas. Jornalista Empresarial, Fot\u00f3grafo de eventos e especializado em Marketing Digital.\",\"sameAs\":[\"https:\/\/pontodasigrejas.com.br\/news\",\"https:\/\/www.facebook.com\/pontodasigrejas\",\"https:\/\/www.instagram.com\/pontodasigrejas\",\"https:\/\/x.com\/pontodasigrejas\"],\"url\":\"https:\/\/pontodasigrejas.com\/news\/author\/pontodasigrejas\/\"}]}<\/script>\n<!-- \/ Yoast SEO plugin. -->","yoast_head_json":{"title":"XIX Expo Tecnol\u00f3gica da Escola T\u00e9cnica Sandra Silva celebra 25 anos de educa\u00e7\u00e3o, inova\u00e7\u00e3o e transforma\u00e7\u00e3o de vidas - Ponto das Igrejas","description":"Evento acontece neste s\u00e1bado (29), no Olaria Atl\u00e9tico Clube, reunindo mais de mil alunos expositores, projetos tecnol\u00f3gicos, m\u00fasica gospel e uma programa\u00e7\u00e3o especial com Andreia Fontes, Nathanael Costa e o Minist\u00e9rio Sarando a Terra Ferida.","robots":{"index":"index","follow":"follow","max-snippet":"max-snippet:-1","max-image-preview":"max-image-preview:large","max-video-preview":"max-video-preview:-1"},"canonical":"https:\/\/pontodasigrejas.com\/news\/blog\/xix-expo-tecnologica-da-escola-tecnica-sandra-silva-celebra-25-anos-de-educacao-inovacao-e-transformacao-de-vidas\/","og_locale":"pt_BR","og_type":"article","og_title":"XIX Expo Tecnol\u00f3gica da Escola T\u00e9cnica Sandra Silva celebra 25 anos de educa\u00e7\u00e3o, inova\u00e7\u00e3o e transforma\u00e7\u00e3o de vidas - Ponto das Igrejas","og_description":"Evento acontece neste s\u00e1bado (29), no Olaria Atl\u00e9tico Clube, reunindo mais de mil alunos expositores, projetos tecnol\u00f3gicos, m\u00fasica gospel e uma programa\u00e7\u00e3o especial com Andreia Fontes, Nathanael Costa e o Minist\u00e9rio Sarando a Terra Ferida.","og_url":"https:\/\/pontodasigrejas.com\/news\/blog\/xix-expo-tecnologica-da-escola-tecnica-sandra-silva-celebra-25-anos-de-educacao-inovacao-e-transformacao-de-vidas\/","og_site_name":"Ponto das Igrejas","article_publisher":"https:\/\/www.facebook.com\/pontodasigrejas","article_author":"https:\/\/www.facebook.com\/pontodasigrejas","article_published_time":"2026-08-28T14:03:44+00:00","article_modified_time":"2026-08-28T14:19:28+00:00","og_image":[{"width":1694,"height":928,"url":"https:\/\/pontodasigrejas.com\/news\/wp-content\/uploads\/2026\/08\/banner-expotecnologica2.jpg","type":"image\/jpeg"}],"author":"Johnny Prado","twitter_card":"summary_large_image","twitter_creator":"@pontodasigrejas","twitter_site":"@pontodasigrejas","twitter_misc":{"Escrito por":"Johnny Prado","Est. tempo de leitura":"8 minutos"},"schema":{"@context":"https:\/\/schema.org","@graph":[{"@type":"Article","@id":"https:\/\/pontodasigrejas.com\/news\/blog\/xix-expo-tecnologica-da-escola-tecnica-sandra-silva-celebra-25-anos-de-educacao-inovacao-e-transformacao-de-vidas\/#article","isPartOf":{"@id":"https:\/\/pontodasigrejas.com\/news\/blog\/xix-expo-tecnologica-da-escola-tecnica-sandra-silva-celebra-25-anos-de-educacao-inovacao-e-transformacao-de-vidas\/"},"author":{"name":"Johnny Prado","@id":"https:\/\/pontodasigrejas.com\/news\/#\/schema\/person\/224eaefaacae40e58259139b721deb39"},"headline":"XIX Expo Tecnol\u00f3gica da Escola T\u00e9cnica Sandra Silva celebra 25 anos de educa\u00e7\u00e3o, inova\u00e7\u00e3o e transforma\u00e7\u00e3o de vidas","datePublished":"2026-08-28T14:03:44+00:00","dateModified":"2026-08-28T14:19:28+00:00","mainEntityOfPage":{"@id":"https:\/\/pontodasigrejas.com\/news\/blog\/xix-expo-tecnologica-da-escola-tecnica-sandra-silva-celebra-25-anos-de-educacao-inovacao-e-transformacao-de-vidas\/"},"wordCount":1198,"image":{"@id":"https:\/\/pontodasigrejas.com\/news\/blog\/xix-expo-tecnologica-da-escola-tecnica-sandra-silva-celebra-25-anos-de-educacao-inovacao-e-transformacao-de-vidas\/#primaryimage"},"thumbnailUrl":"https:\/\/pontodasigrejas.com\/news\/wp-content\/uploads\/2026\/08\/banner-expotecnologica2.jpg","keywords":["Escola T\u00e9cnica","Expo Tecnol\u00f3gica Sandra Silva","Sandra Silva"],"articleSection":["Blog","Destaque","Empreendedorismo"],"inLanguage":"pt-BR"},{"@type":"WebPage","@id":"https:\/\/pontodasigrejas.com\/news\/blog\/xix-expo-tecnologica-da-escola-tecnica-sandra-silva-celebra-25-anos-de-educacao-inovacao-e-transformacao-de-vidas\/","url":"https:\/\/pontodasigrejas.com\/news\/blog\/xix-expo-tecnologica-da-escola-tecnica-sandra-silva-celebra-25-anos-de-educacao-inovacao-e-transformacao-de-vidas\/","name":"XIX Expo Tecnol\u00f3gica da Escola T\u00e9cnica Sandra Silva celebra 25 anos de educa\u00e7\u00e3o, inova\u00e7\u00e3o e transforma\u00e7\u00e3o de vidas - Ponto das Igrejas","isPartOf":{"@id":"https:\/\/pontodasigrejas.com\/news\/#website"},"primaryImageOfPage":{"@id":"https:\/\/pontodasigrejas.com\/news\/blog\/xix-expo-tecnologica-da-escola-tecnica-sandra-silva-celebra-25-anos-de-educacao-inovacao-e-transformacao-de-vidas\/#primaryimage"},"image":{"@id":"https:\/\/pontodasigrejas.com\/news\/blog\/xix-expo-tecnologica-da-escola-tecnica-sandra-silva-celebra-25-anos-de-educacao-inovacao-e-transformacao-de-vidas\/#primaryimage"},"thumbnailUrl":"https:\/\/pontodasigrejas.com\/news\/wp-content\/uploads\/2026\/08\/banner-expotecnologica2.jpg","datePublished":"2026-08-28T14:03:44+00:00","dateModified":"2026-08-28T14:19:28+00:00","author":{"@id":"https:\/\/pontodasigrejas.com\/news\/#\/schema\/person\/224eaefaacae40e58259139b721deb39"},"description":"Evento acontece neste s\u00e1bado (29), no Olaria Atl\u00e9tico Clube, reunindo mais de mil alunos expositores, projetos tecnol\u00f3gicos, m\u00fasica gospel e uma programa\u00e7\u00e3o especial com Andreia Fontes, Nathanael Costa e o Minist\u00e9rio Sarando a Terra Ferida.","breadcrumb":{"@id":"https:\/\/pontodasigrejas.com\/news\/blog\/xix-expo-tecnologica-da-escola-tecnica-sandra-silva-celebra-25-anos-de-educacao-inovacao-e-transformacao-de-vidas\/#breadcrumb"},"inLanguage":"pt-BR","potentialAction":[{"@type":"ReadAction","target":["https:\/\/pontodasigrejas.com\/news\/blog\/xix-expo-tecnologica-da-escola-tecnica-sandra-silva-celebra-25-anos-de-educacao-inovacao-e-transformacao-de-vidas\/"]}]},{"@type":"ImageObject","inLanguage":"pt-BR","@id":"https:\/\/pontodasigrejas.com\/news\/blog\/xix-expo-tecnologica-da-escola-tecnica-sandra-silva-celebra-25-anos-de-educacao-inovacao-e-transformacao-de-vidas\/#primaryimage","url":"https:\/\/pontodasigrejas.com\/news\/wp-content\/uploads\/2026\/08\/banner-expotecnologica2.jpg","contentUrl":"https:\/\/pontodasigrejas.com\/news\/wp-content\/uploads\/2026\/08\/banner-expotecnologica2.jpg","width":1694,"height":928},{"@type":"BreadcrumbList","@id":"https:\/\/pontodasigrejas.com\/news\/blog\/xix-expo-tecnologica-da-escola-tecnica-sandra-silva-celebra-25-anos-de-educacao-inovacao-e-transformacao-de-vidas\/#breadcrumb","itemListElement":[{"@type":"ListItem","position":1,"name":"Home","item":"https:\/\/pontodasigrejas.com\/news\/"},{"@type":"ListItem","position":2,"name":"XIX Expo Tecnol\u00f3gica da Escola T\u00e9cnica Sandra Silva celebra 25 anos de educa\u00e7\u00e3o, inova\u00e7\u00e3o e transforma\u00e7\u00e3o de vidas"}]},{"@type":"WebSite","@id":"https:\/\/pontodasigrejas.com\/news\/#website","url":"https:\/\/pontodasigrejas.com\/news\/","name":"Ponto das Igrejas","description":"Seu portal de not\u00edcias gospel","potentialAction":[{"@type":"SearchAction","target":{"@type":"EntryPoint","urlTemplate":"https:\/\/pontodasigrejas.com\/news\/?s={search_term_string}"},"query-input":{"@type":"PropertyValueSpecification","valueRequired":true,"valueName":"search_term_string"}}],"inLanguage":"pt-BR"},{"@type":"Person","@id":"https:\/\/pontodasigrejas.com\/news\/#\/schema\/person\/224eaefaacae40e58259139b721deb39","name":"Johnny Prado","image":{"@type":"ImageObject","inLanguage":"pt-BR","@id":"https:\/\/secure.gravatar.com\/avatar\/929f5bdc8b85fc0c753c9dc19c22deafd0da06e3d450dd8067c0c092d4f0e4e8?s=96&d=mm&r=g","url":"https:\/\/secure.gravatar.com\/avatar\/929f5bdc8b85fc0c753c9dc19c22deafd0da06e3d450dd8067c0c092d4f0e4e8?s=96&d=mm&r=g","contentUrl":"https:\/\/secure.gravatar.com\/avatar\/929f5bdc8b85fc0c753c9dc19c22deafd0da06e3d450dd8067c0c092d4f0e4e8?s=96&d=mm&r=g","caption":"Johnny Prado"},"description":"Editor-chefe e fundador do Ponto das Igrejas. Jornalista Empresarial, Fot\u00f3grafo de eventos e especializado em Marketing Digital.","sameAs":["https:\/\/pontodasigrejas.com.br\/news","https:\/\/www.facebook.com\/pontodasigrejas","https:\/\/www.instagram.com\/pontodasigrejas","https:\/\/x.com\/pontodasigrejas"],"url":"https:\/\/pontodasigrejas.com\/news\/author\/pontodasigrejas\/"}]}},"author_meta":{"display_name":"Johnny Prado","author_link":"https:\/\/pontodasigrejas.com\/news\/author\/pontodasigrejas\/"},"featured_img":"https:\/\/pontodasigrejas.com\/news\/wp-content\/uploads\/2026\/08\/banner-expotecnologica2-300x164.jpg","coauthors":[],"tax_additional":{"categories":{"linked":["<a href=\"https:\/\/pontodasigrejas.com\/news\/blog\/\" class=\"advgb-post-tax-term\">Blog<\/a>","<a href=\"https:\/\/pontodasigrejas.com\/news\/destaque\/\" class=\"advgb-post-tax-term\">Destaque<\/a>","<a href=\"https:\/\/pontodasigrejas.com\/news\/empreendedorismo\/\" class=\"advgb-post-tax-term\">Empreendedorismo<\/a>"],"unlinked":["<span class=\"advgb-post-tax-term\">Blog<\/span>","<span class=\"advgb-post-tax-term\">Destaque<\/span>","<span class=\"advgb-post-tax-term\">Empreendedorismo<\/span>"]},"tags":{"linked":["<a href=\"https:\/\/pontodasigrejas.com\/news\/empreendedorismo\/\" class=\"advgb-post-tax-term\">Escola T\u00e9cnica<\/a>","<a href=\"https:\/\/pontodasigrejas.com\/news\/empreendedorismo\/\" class=\"advgb-post-tax-term\">Expo Tecnol\u00f3gica Sandra Silva<\/a>","<a href=\"https:\/\/pontodasigrejas.com\/news\/empreendedorismo\/\" class=\"advgb-post-tax-term\">Sandra Silva<\/a>"],"unlinked":["<span class=\"advgb-post-tax-term\">Escola T\u00e9cnica<\/span>","<span class=\"advgb-post-tax-term\">Expo Tecnol\u00f3gica Sandra Silva<\/span>","<span class=\"advgb-post-tax-term\">Sandra Silva<\/span>"]}},"comment_count":"0","relative_dates":{"created":"Posted 1 semana ago","modified":"Updated 1 semana ago"},"absolute_dates":{"created":"Posted on agosto 28, 2026","modified":"Updated on agosto 28, 2026"},"absolute_dates_time":{"created":"Posted on agosto 28, 2026 11:03 am","modified":"Updated on agosto 28, 2026 11:19 am"},"featured_img_caption":"","series_order":"","_links":{"self":[{"href":"https:\/\/pontodasigrejas.com\/news\/wp-json\/wp\/v2\/posts\/13441","targetHints":{"allow":["GET"]}}],"collection":[{"href":"https:\/\/pontodasigrejas.com\/news\/wp-json\/wp\/v2\/posts"}],"about":[{"href":"https:\/\/pontodasigrejas.com\/news\/wp-json\/wp\/v2\/types\/post"}],"author":[{"embeddable":true,"href":"https:\/\/pontodasigrejas.com\/news\/wp-json\/wp\/v2\/users\/1"}],"replies":[{"embeddable":true,"href":"https:\/\/pontodasigrejas.com\/news\/wp-json\/wp\/v2\/comments?post=13441"}],"version-history":[{"count":5,"href":"https:\/\/pontodasigrejas.com\/news\/wp-json\/wp\/v2\/posts\/13441\/revisions"}],"predecessor-version":[{"id":13454,"href":"https:\/\/pontodasigrejas.com\/news\/wp-json\/wp\/v2\/posts\/13441\/revisions\/13454"}],"wp:featuredmedia":[{"embeddable":true,"href":"https:\/\/pontodasigrejas.com\/news\/wp-json\/wp\/v2\/media\/13443"}],"wp:attachment":[{"href":"https:\/\/pontodasigrejas.com\/news\/wp-json\/wp\/v2\/media?parent=13441"}],"wp:term":[{"taxonomy":"category","embeddable":true,"href":"https:\/\/pontodasigrejas.com\/news\/wp-json\/wp\/v2\/categories?post=13441"},{"taxonomy":"post_tag","embeddable":true,"href":"https:\/\/pontodasigrejas.com\/news\/wp-json\/wp\/v2\/tags?post=13441"}],"curies":[{"name":"wp","href":"https:\/\/api.w.org\/{rel}","templated":true}]}}