{"id":13455,"date":"2026-09-01T17:33:15","date_gmt":"2026-09-01T20:33:15","guid":{"rendered":"https:\/\/pontodasigrejas.com\/news\/?p=13455"},"modified":"2026-09-02T11:52:10","modified_gmt":"2026-09-02T14:52:10","slug":"xix-expo-tecnologica-sandra-silva-reune-educacao-inovacao-musica-e-fe-em-um-grande-encontro-no-rio","status":"publish","type":"post","link":"https:\/\/pontodasigrejas.com\/news\/empreendedorismo\/xix-expo-tecnologica-sandra-silva-reune-educacao-inovacao-musica-e-fe-em-um-grande-encontro-no-rio\/","title":{"rendered":"XIX Expo Tecnol\u00f3gica Sandra Silva re\u00fane educa\u00e7\u00e3o, inova\u00e7\u00e3o, m\u00fasica e f\u00e9 em um grande encontro no Rio"},"content":{"rendered":"<p><em>Evento reuniu mais de mil alunos expositores e contou com a participa\u00e7\u00e3o da cantora Andreia Fontes, do cantor Nathanael Costa e do Minist\u00e9rio Sarando a Terra Ferida; Ponto das Igrejas esteve presente realizando cobertura especial e entrevistas<\/em><\/p>\n<p>A ci\u00eancia ganhou espa\u00e7o, a tecnologia saiu dos laborat\u00f3rios, a m\u00fasica ecoou pelo ambiente e hist\u00f3rias de vida encontraram um lugar para ser contadas.<\/p>\n<figure id=\"attachment_13468\" aria-describedby=\"caption-attachment-13468\" style=\"width: 1240px\" class=\"wp-caption alignnone\"><a href=\"https:\/\/pontodasigrejas.com\/news\/wp-content\/uploads\/2026\/09\/DSC_0190.jpg\"><img loading=\"lazy\" decoding=\"async\" class=\"size-full wp-image-13468\" src=\"https:\/\/pontodasigrejas.com\/news\/wp-content\/uploads\/2026\/09\/DSC_0190.jpg\" alt=\"\" width=\"1240\" height=\"827\" srcset=\"https:\/\/pontodasigrejas.com\/news\/wp-content\/uploads\/2026\/09\/DSC_0190.jpg 1240w, https:\/\/pontodasigrejas.com\/news\/wp-content\/uploads\/2026\/09\/DSC_0190-300x200.jpg 300w, https:\/\/pontodasigrejas.com\/news\/wp-content\/uploads\/2026\/09\/DSC_0190-1024x683.jpg 1024w, https:\/\/pontodasigrejas.com\/news\/wp-content\/uploads\/2026\/09\/DSC_0190-768x512.jpg 768w, https:\/\/pontodasigrejas.com\/news\/wp-content\/uploads\/2026\/09\/DSC_0190-150x100.jpg 150w, https:\/\/pontodasigrejas.com\/news\/wp-content\/uploads\/2026\/09\/DSC_0190-696x464.jpg 696w, https:\/\/pontodasigrejas.com\/news\/wp-content\/uploads\/2026\/09\/DSC_0190-1068x712.jpg 1068w, https:\/\/pontodasigrejas.com\/news\/wp-content\/uploads\/2026\/09\/DSC_0190-600x400.jpg 600w\" sizes=\"auto, (max-width: 1240px) 100vw, 1240px\" \/><\/a><figcaption id=\"caption-attachment-13468\" class=\"wp-caption-text\">EcoRio &#8211; um dos projetos apresentados na Expo Tecnol\u00f3gica foi uma das sensa\u00e7\u00f5es do evento. Uso de energia solar e conserva\u00e7\u00e3o do meio ambiente &#8211; Foto: @pontodasigrejas.<\/figcaption><\/figure>\n<p>Foi assim a XIX Expo Tecnol\u00f3gica da Escola T\u00e9cnica Sandra Silva, realizada no \u00faltimo s\u00e1bado, 29 de agosto, no Olaria Atl\u00e9tico Clube, no Rio de Janeiro.<\/p>\n<p>Com o tema \u201cRio de Janeiro, capital da inova\u00e7\u00e3o t\u00e9cnica e talento global\u201d, a edi\u00e7\u00e3o deste ano reuniu mais de mil alunos expositores, que apresentaram projetos e trabalhos desenvolvidos nas \u00e1reas de rob\u00f3tica, inform\u00e1tica, sa\u00fade, engenharia e outras \u00e1reas da forma\u00e7\u00e3o t\u00e9cnica.<\/p>\n<figure id=\"attachment_13463\" aria-describedby=\"caption-attachment-13463\" style=\"width: 1240px\" class=\"wp-caption alignnone\"><a href=\"https:\/\/pontodasigrejas.com\/news\/wp-content\/uploads\/2026\/09\/DSC_0142.jpg\"><img loading=\"lazy\" decoding=\"async\" class=\"size-full wp-image-13463\" src=\"https:\/\/pontodasigrejas.com\/news\/wp-content\/uploads\/2026\/09\/DSC_0142.jpg\" alt=\"\" width=\"1240\" height=\"827\" srcset=\"https:\/\/pontodasigrejas.com\/news\/wp-content\/uploads\/2026\/09\/DSC_0142.jpg 1240w, https:\/\/pontodasigrejas.com\/news\/wp-content\/uploads\/2026\/09\/DSC_0142-300x200.jpg 300w, https:\/\/pontodasigrejas.com\/news\/wp-content\/uploads\/2026\/09\/DSC_0142-1024x683.jpg 1024w, https:\/\/pontodasigrejas.com\/news\/wp-content\/uploads\/2026\/09\/DSC_0142-768x512.jpg 768w, https:\/\/pontodasigrejas.com\/news\/wp-content\/uploads\/2026\/09\/DSC_0142-150x100.jpg 150w, https:\/\/pontodasigrejas.com\/news\/wp-content\/uploads\/2026\/09\/DSC_0142-696x464.jpg 696w, https:\/\/pontodasigrejas.com\/news\/wp-content\/uploads\/2026\/09\/DSC_0142-1068x712.jpg 1068w, https:\/\/pontodasigrejas.com\/news\/wp-content\/uploads\/2026\/09\/DSC_0142-600x400.jpg 600w\" sizes=\"auto, (max-width: 1240px) 100vw, 1240px\" \/><\/a><figcaption id=\"caption-attachment-13463\" class=\"wp-caption-text\">Sandra Silva em um dos stards de projetos. Projeto EcoRio (Energia Solar e Reciclagem)<\/figcaption><\/figure>\n<p>Mas a Expo Tecnol\u00f3gica foi muito al\u00e9m de uma exposi\u00e7\u00e3o de projetos.<\/p>\n<p>Foi um encontro de gera\u00e7\u00f5es, talentos, sonhos e hist\u00f3rias.<\/p>\n<p>E, em meio a toda essa programa\u00e7\u00e3o, a m\u00fasica gospel tamb\u00e9m teve um lugar especial.<\/p>\n<h2>Uma celebra\u00e7\u00e3o de 25 anos de educa\u00e7\u00e3o<\/h2>\n<p>A XIX Expo Tecnol\u00f3gica aconteceu em um momento particularmente significativo para a Escola T\u00e9cnica Sandra Silva, que celebra 25 anos de trajet\u00f3ria na forma\u00e7\u00e3o profissional.<\/p>\n<p>Ao longo desse per\u00edodo, diferentes gera\u00e7\u00f5es passaram pelas salas de aula da institui\u00e7\u00e3o. Muitos chegaram como estudantes e sa\u00edram preparados para ingressar no mercado de trabalho, levando consigo n\u00e3o apenas conhecimentos t\u00e9cnicos, mas experi\u00eancias que contribu\u00edram para suas hist\u00f3rias pessoais e profissionais.<\/p>\n<figure id=\"attachment_13474\" aria-describedby=\"caption-attachment-13474\" style=\"width: 1240px\" class=\"wp-caption alignnone\"><a href=\"https:\/\/pontodasigrejas.com\/news\/wp-content\/uploads\/2026\/09\/DSC_0222.jpg\"><img loading=\"lazy\" decoding=\"async\" class=\"wp-image-13474 size-full\" src=\"https:\/\/pontodasigrejas.com\/news\/wp-content\/uploads\/2026\/09\/DSC_0222.jpg\" alt=\"\" width=\"1240\" height=\"827\" srcset=\"https:\/\/pontodasigrejas.com\/news\/wp-content\/uploads\/2026\/09\/DSC_0222.jpg 1240w, https:\/\/pontodasigrejas.com\/news\/wp-content\/uploads\/2026\/09\/DSC_0222-300x200.jpg 300w, https:\/\/pontodasigrejas.com\/news\/wp-content\/uploads\/2026\/09\/DSC_0222-1024x683.jpg 1024w, https:\/\/pontodasigrejas.com\/news\/wp-content\/uploads\/2026\/09\/DSC_0222-768x512.jpg 768w, https:\/\/pontodasigrejas.com\/news\/wp-content\/uploads\/2026\/09\/DSC_0222-150x100.jpg 150w, https:\/\/pontodasigrejas.com\/news\/wp-content\/uploads\/2026\/09\/DSC_0222-696x464.jpg 696w, https:\/\/pontodasigrejas.com\/news\/wp-content\/uploads\/2026\/09\/DSC_0222-1068x712.jpg 1068w, https:\/\/pontodasigrejas.com\/news\/wp-content\/uploads\/2026\/09\/DSC_0222-600x400.jpg 600w\" sizes=\"auto, (max-width: 1240px) 100vw, 1240px\" \/><\/a><figcaption id=\"caption-attachment-13474\" class=\"wp-caption-text\">Funda\u00e7\u00e3o Mudes foi uma das parceiras presentes no evento.<\/figcaption><\/figure>\n<p>A Expo \u00e9 uma express\u00e3o desse trabalho.<\/p>\n<p>Cada projeto apresentado pelos alunos representa horas de estudo, dedica\u00e7\u00e3o, criatividade e trabalho em equipe. \u00c9 o momento em que aquilo que foi aprendido deixa o papel e ganha forma diante dos olhos do p\u00fablico.<\/p>\n<p>Por isso, a feira tamb\u00e9m se tornou uma oportunidade de mostrar que a educa\u00e7\u00e3o profissional pode abrir portas e ajudar jovens e adultos a descobrirem novos caminhos.<\/p>\n<h2>Uma conquista que ultrapassa os muros da escola<\/h2>\n<p>A import\u00e2ncia da Expo Tecnol\u00f3gica ganhou ainda maior significado com sua inclus\u00e3o no Calend\u00e1rio Oficial da Cidade do Rio de Janeiro.<\/p>\n<figure id=\"attachment_13473\" aria-describedby=\"caption-attachment-13473\" style=\"width: 1147px\" class=\"wp-caption alignnone\"><a href=\"https:\/\/pontodasigrejas.com\/news\/wp-content\/uploads\/2026\/09\/DSC_0218.jpg\"><img loading=\"lazy\" decoding=\"async\" class=\"size-full wp-image-13473\" src=\"https:\/\/pontodasigrejas.com\/news\/wp-content\/uploads\/2026\/09\/DSC_0218.jpg\" alt=\"\" width=\"1147\" height=\"1720\" srcset=\"https:\/\/pontodasigrejas.com\/news\/wp-content\/uploads\/2026\/09\/DSC_0218.jpg 1147w, https:\/\/pontodasigrejas.com\/news\/wp-content\/uploads\/2026\/09\/DSC_0218-200x300.jpg 200w, https:\/\/pontodasigrejas.com\/news\/wp-content\/uploads\/2026\/09\/DSC_0218-683x1024.jpg 683w, https:\/\/pontodasigrejas.com\/news\/wp-content\/uploads\/2026\/09\/DSC_0218-768x1152.jpg 768w, https:\/\/pontodasigrejas.com\/news\/wp-content\/uploads\/2026\/09\/DSC_0218-1024x1536.jpg 1024w, https:\/\/pontodasigrejas.com\/news\/wp-content\/uploads\/2026\/09\/DSC_0218-150x225.jpg 150w, https:\/\/pontodasigrejas.com\/news\/wp-content\/uploads\/2026\/09\/DSC_0218-300x450.jpg 300w, https:\/\/pontodasigrejas.com\/news\/wp-content\/uploads\/2026\/09\/DSC_0218-696x1044.jpg 696w, https:\/\/pontodasigrejas.com\/news\/wp-content\/uploads\/2026\/09\/DSC_0218-1068x1602.jpg 1068w, https:\/\/pontodasigrejas.com\/news\/wp-content\/uploads\/2026\/09\/DSC_0218-600x900.jpg 600w\" sizes=\"auto, (max-width: 1147px) 100vw, 1147px\" \/><\/a><figcaption id=\"caption-attachment-13473\" class=\"wp-caption-text\">Projeto de Lei n\u00ba 1.257\/2025 inclui a Expo Tecnol\u00f3gica Sandra Silva no Calend\u00e1rio Oficial da Cidade do Rio de Janeiro.<\/figcaption><\/figure>\n<p>A medida foi estabelecida pela Lei n\u00ba 9.215, de 19 de dezembro de 2025, a partir do Projeto de Lei n\u00ba 1.257\/2025. A proposta teve como objetivo incluir a Expo Tecnol\u00f3gica Sandra Silva no Calend\u00e1rio Oficial da Cidade.<\/p>\n<p>A inclus\u00e3o no calend\u00e1rio oficial representa mais do que uma formalidade.<\/p>\n<p>\u00c9 o reconhecimento de uma iniciativa educacional que, ao longo de suas edi\u00e7\u00f5es, vem criando espa\u00e7o para que estudantes apresentem seus conhecimentos, desenvolvam sua criatividade e tenham contato com o p\u00fablico.<\/p>\n<p>A XIX edi\u00e7\u00e3o, portanto, n\u00e3o foi apenas mais uma edi\u00e7\u00e3o da Expo.<\/p>\n<p>Foi tamb\u00e9m a primeira realizada sob o significado especial de uma conquista institucional que passa a integrar oficialmente o calend\u00e1rio da cidade.<\/p>\n<h2>A m\u00fasica gospel tamb\u00e9m marcou presen\u00e7a<\/h2>\n<p>A programa\u00e7\u00e3o da Expo Tecnol\u00f3gica ganhou momentos de grande emo\u00e7\u00e3o com a participa\u00e7\u00e3o de artistas do cen\u00e1rio gospel.<\/p>\n<figure id=\"attachment_13488\" aria-describedby=\"caption-attachment-13488\" style=\"width: 1240px\" class=\"wp-caption alignnone\"><a href=\"https:\/\/pontodasigrejas.com\/news\/wp-content\/uploads\/2026\/09\/DSC_0378.jpg\"><img loading=\"lazy\" decoding=\"async\" class=\"wp-image-13488 size-full\" src=\"https:\/\/pontodasigrejas.com\/news\/wp-content\/uploads\/2026\/09\/DSC_0378.jpg\" alt=\"\" width=\"1240\" height=\"827\" srcset=\"https:\/\/pontodasigrejas.com\/news\/wp-content\/uploads\/2026\/09\/DSC_0378.jpg 1240w, https:\/\/pontodasigrejas.com\/news\/wp-content\/uploads\/2026\/09\/DSC_0378-300x200.jpg 300w, https:\/\/pontodasigrejas.com\/news\/wp-content\/uploads\/2026\/09\/DSC_0378-1024x683.jpg 1024w, https:\/\/pontodasigrejas.com\/news\/wp-content\/uploads\/2026\/09\/DSC_0378-768x512.jpg 768w, https:\/\/pontodasigrejas.com\/news\/wp-content\/uploads\/2026\/09\/DSC_0378-150x100.jpg 150w, https:\/\/pontodasigrejas.com\/news\/wp-content\/uploads\/2026\/09\/DSC_0378-696x464.jpg 696w, https:\/\/pontodasigrejas.com\/news\/wp-content\/uploads\/2026\/09\/DSC_0378-1068x712.jpg 1068w, https:\/\/pontodasigrejas.com\/news\/wp-content\/uploads\/2026\/09\/DSC_0378-600x400.jpg 600w\" sizes=\"auto, (max-width: 1240px) 100vw, 1240px\" \/><\/a><figcaption id=\"caption-attachment-13488\" class=\"wp-caption-text\">Cantora gospel Andrea Fontes da MK Music. Foto: Johnny Prado @pontodasigrejas<\/figcaption><\/figure>\n<p>O Ponto das Igrejas esteve presente realizando uma cobertura especial e teve a oportunidade de conversar com alguns dos nomes que participaram do evento.<\/p>\n<p>Entre as entrevistas realizadas esteve a conversa com o cantor Nathanael Costa, da Celebrai Music, que compartilhou sua experi\u00eancia e sua vis\u00e3o sobre m\u00fasica, f\u00e9 e prop\u00f3sito.<\/p>\n<figure id=\"attachment_13482\" aria-describedby=\"caption-attachment-13482\" style=\"width: 1240px\" class=\"wp-caption alignnone\"><a href=\"https:\/\/pontodasigrejas.com\/news\/wp-content\/uploads\/2026\/09\/DSC_0318-Aprimorado-NR.jpg\"><img loading=\"lazy\" decoding=\"async\" class=\"size-full wp-image-13482\" src=\"https:\/\/pontodasigrejas.com\/news\/wp-content\/uploads\/2026\/09\/DSC_0318-Aprimorado-NR.jpg\" alt=\"\" width=\"1240\" height=\"827\" srcset=\"https:\/\/pontodasigrejas.com\/news\/wp-content\/uploads\/2026\/09\/DSC_0318-Aprimorado-NR.jpg 1240w, https:\/\/pontodasigrejas.com\/news\/wp-content\/uploads\/2026\/09\/DSC_0318-Aprimorado-NR-300x200.jpg 300w, https:\/\/pontodasigrejas.com\/news\/wp-content\/uploads\/2026\/09\/DSC_0318-Aprimorado-NR-1024x683.jpg 1024w, https:\/\/pontodasigrejas.com\/news\/wp-content\/uploads\/2026\/09\/DSC_0318-Aprimorado-NR-768x512.jpg 768w, https:\/\/pontodasigrejas.com\/news\/wp-content\/uploads\/2026\/09\/DSC_0318-Aprimorado-NR-150x100.jpg 150w, https:\/\/pontodasigrejas.com\/news\/wp-content\/uploads\/2026\/09\/DSC_0318-Aprimorado-NR-696x464.jpg 696w, https:\/\/pontodasigrejas.com\/news\/wp-content\/uploads\/2026\/09\/DSC_0318-Aprimorado-NR-1068x712.jpg 1068w, https:\/\/pontodasigrejas.com\/news\/wp-content\/uploads\/2026\/09\/DSC_0318-Aprimorado-NR-600x400.jpg 600w\" sizes=\"auto, (max-width: 1240px) 100vw, 1240px\" \/><\/a><figcaption id=\"caption-attachment-13482\" class=\"wp-caption-text\">Cantor Nathanael Costa, da Celebrai Music, Tamb\u00e9m foi um dos cantores gospel presentes na Expo XIX da escola T\u00e9cnica Sandra Silva. Foto: Johnny Prado @pontodasigrejas<\/figcaption><\/figure>\n<p>A equipe tamb\u00e9m entrevistou a cantora Andreia Fontes, da MK Music, que esteve acompanhada de sua banda.<\/p>\n<p>A presen\u00e7a da artista MK acrescentou \u00e0 programa\u00e7\u00e3o um momento de m\u00fasica e celebra\u00e7\u00e3o, aproximando ainda mais o p\u00fablico da proposta de um evento que conseguiu reunir tecnologia, educa\u00e7\u00e3o e cultura em um mesmo espa\u00e7o.<\/p>\n<p>Outro momento especial foi a participa\u00e7\u00e3o do Minist\u00e9rio Sarando a Terra Ferida.<\/p>\n<figure id=\"attachment_13495\" aria-describedby=\"caption-attachment-13495\" style=\"width: 1240px\" class=\"wp-caption alignnone\"><a href=\"https:\/\/pontodasigrejas.com\/news\/wp-content\/uploads\/2026\/09\/DSC_0484.jpg\"><img loading=\"lazy\" decoding=\"async\" class=\"size-full wp-image-13495\" src=\"https:\/\/pontodasigrejas.com\/news\/wp-content\/uploads\/2026\/09\/DSC_0484.jpg\" alt=\"\" width=\"1240\" height=\"827\" srcset=\"https:\/\/pontodasigrejas.com\/news\/wp-content\/uploads\/2026\/09\/DSC_0484.jpg 1240w, https:\/\/pontodasigrejas.com\/news\/wp-content\/uploads\/2026\/09\/DSC_0484-300x200.jpg 300w, https:\/\/pontodasigrejas.com\/news\/wp-content\/uploads\/2026\/09\/DSC_0484-1024x683.jpg 1024w, https:\/\/pontodasigrejas.com\/news\/wp-content\/uploads\/2026\/09\/DSC_0484-768x512.jpg 768w, https:\/\/pontodasigrejas.com\/news\/wp-content\/uploads\/2026\/09\/DSC_0484-150x100.jpg 150w, https:\/\/pontodasigrejas.com\/news\/wp-content\/uploads\/2026\/09\/DSC_0484-696x464.jpg 696w, https:\/\/pontodasigrejas.com\/news\/wp-content\/uploads\/2026\/09\/DSC_0484-1068x712.jpg 1068w, https:\/\/pontodasigrejas.com\/news\/wp-content\/uploads\/2026\/09\/DSC_0484-600x400.jpg 600w\" sizes=\"auto, (max-width: 1240px) 100vw, 1240px\" \/><\/a><figcaption id=\"caption-attachment-13495\" class=\"wp-caption-text\">O Minist\u00e9rio Sarando a Terra Ferida fechou o evento com louvores que marcaram os cora\u00e7\u00f5es. O grupo sempre tem confirmado presen\u00e7a ao longo dos anos. Foto: Johnny Prado @pontodasigrejas<\/figcaption><\/figure>\n<p>O Ponto das Igrejas entrevistou Francielli Santos, vocalista do minist\u00e9rio, registrando uma conversa que ajudou a revelar um pouco mais da trajet\u00f3ria do grupo e da mensagem que acompanha seu trabalho.<\/p>\n<h2>Ponto das Igrejas registra hist\u00f3rias diretamente do evento<\/h2>\n<p>Para o Ponto das Igrejas, participar da XIX Expo Tecnol\u00f3gica significou mais do que realizar uma cobertura.<\/p>\n<p>Foi uma oportunidade de ouvir pessoas e registrar hist\u00f3rias.<\/p>\n<p>A proposta do ve\u00edculo foi levar para al\u00e9m dos port\u00f5es da Expo aquilo que aconteceu naquele s\u00e1bado: as pessoas, os projetos, os artistas, os estudantes e as hist\u00f3rias por tr\u00e1s do evento.<\/p>\n<p>Em uma cobertura jornal\u00edstica crist\u00e3, existe tamb\u00e9m o compromisso de perceber aquilo que muitas vezes n\u00e3o aparece nas fotografias.<\/p>\n<p>Um estudante apresentando seu primeiro projeto.<\/p>\n<p>Uma fam\u00edlia acompanhando o trabalho de um filho.<\/p>\n<p>Um professor vendo o resultado de meses de dedica\u00e7\u00e3o.<\/p>\n<p>Um artista compartilhando sua trajet\u00f3ria.<\/p>\n<p>Uma equipe trabalhando para que tudo aconte\u00e7a.<\/p>\n<p>S\u00e3o hist\u00f3rias diferentes, mas que encontram um ponto em comum: o potencial de transformar vidas por meio do conhecimento, do trabalho, da perseveran\u00e7a e da f\u00e9.<\/p>\n<p>Sorteios e momentos de descontra\u00e7\u00e3o<\/p>\n<p>A programa\u00e7\u00e3o tamb\u00e9m contou com sorteios, trazendo momentos de descontra\u00e7\u00e3o e intera\u00e7\u00e3o com o p\u00fablico.<\/p>\n<p>Em meio \u00e0 intensa programa\u00e7\u00e3o de apresenta\u00e7\u00f5es e exposi\u00e7\u00f5es, esses momentos contribu\u00edram para tornar a experi\u00eancia ainda mais din\u00e2mica para quem esteve presente.<\/p>\n<p>A Expo conseguiu, assim, equilibrar conhecimento e entretenimento, mantendo o car\u00e1ter educacional do evento sem abrir m\u00e3o da celebra\u00e7\u00e3o.<\/p>\n<h2>Quando educa\u00e7\u00e3o e prop\u00f3sito se encontram<\/h2>\n<p>A XIX Expo Tecnol\u00f3gica deixa uma mensagem que vai al\u00e9m dos projetos apresentados.<\/p>\n<p>A tecnologia pode ensinar a construir.<\/p>\n<p>A educa\u00e7\u00e3o pode ensinar a pensar.<\/p>\n<p>A experi\u00eancia pode ensinar a perseverar.<\/p>\n<p>E a f\u00e9 pode lembrar que todo talento tamb\u00e9m carrega uma responsabilidade: usar aquilo que recebemos para servir, construir e transformar.<\/p>\n<p>Foi poss\u00edvel perceber essa combina\u00e7\u00e3o durante o evento.<\/p>\n<p>Nos corredores, estavam estudantes mostrando aquilo que aprenderam. Nos espa\u00e7os de apresenta\u00e7\u00e3o, artistas compartilhavam seus talentos. Nas entrevistas, hist\u00f3rias de vida eram reveladas. E, entre tudo isso, uma comunidade se reunia para celebrar 25 anos de uma institui\u00e7\u00e3o dedicada \u00e0 forma\u00e7\u00e3o profissional.<\/p>\n<h2>Um legado que continua<\/h2>\n<p>Ao chegar ao fim, a XIX Expo Tecnol\u00f3gica n\u00e3o encerrou apenas mais uma edi\u00e7\u00e3o.<\/p>\n<p>Deixou registros.<\/p>\n<p>Deixou experi\u00eancias.<\/p>\n<p>Deixou inspira\u00e7\u00e3o.<\/p>\n<p>E, principalmente, deixou a certeza de que o investimento em educa\u00e7\u00e3o continua sendo uma das formas mais importantes de preparar pessoas para o futuro.<\/p>\n<p>Com sua inclus\u00e3o no Calend\u00e1rio Oficial da Cidade do Rio de Janeiro, a Expo Tecnol\u00f3gica Sandra Silva passa a carregar tamb\u00e9m um reconhecimento institucional que amplia a import\u00e2ncia de sua trajet\u00f3ria.<\/p>\n<p>E o que aconteceu no dia 29 de agosto passa agora a fazer parte da hist\u00f3ria da institui\u00e7\u00e3o.<\/p>\n<p>O Ponto das Igrejas esteve presente para registrar parte dessa hist\u00f3ria \u2014 n\u00e3o apenas como espectador, mas como ve\u00edculo de comunica\u00e7\u00e3o comprometido em contar hist\u00f3rias que merecem ser conhecidas.<\/p>\n<p>Porque, quando conhecimento, talento, prop\u00f3sito e f\u00e9 encontram espa\u00e7o para crescer, n\u00e3o estamos apenas preparando profissionais para o futuro. Estamos ajudando a formar pessoas capazes de transformar o mundo ao seu redor.<\/p>\n<p><strong>FOTOS<\/strong><\/p>\n\r\n                <style type=\"text\/css\">\r\n                    \r\n                    #tdi_1  .td-doubleSlider-2 .td-item1 {\r\n                        background: url(https:\/\/pontodasigrejas.com\/news\/wp-content\/uploads\/2026\/09\/DSC_0551-Aprimorado-NR.jpg) 0 0 no-repeat;\r\n                    }\r\n                    #tdi_1  .td-doubleSlider-2 .td-item2 {\r\n                        background: url(https:\/\/pontodasigrejas.com\/news\/wp-content\/uploads\/2026\/09\/DSC_0127.jpg) 0 0 no-repeat;\r\n                    }\r\n                    #tdi_1  .td-doubleSlider-2 .td-item3 {\r\n                        background: url(https:\/\/pontodasigrejas.com\/news\/wp-content\/uploads\/2026\/09\/DSC_0010.jpg) 0 0 no-repeat;\r\n                    }\r\n                    #tdi_1  .td-doubleSlider-2 .td-item4 {\r\n                        background: url(https:\/\/pontodasigrejas.com\/news\/wp-content\/uploads\/2026\/09\/DSC_0110.jpg) 0 0 no-repeat;\r\n                    }\r\n                    #tdi_1  .td-doubleSlider-2 .td-item5 {\r\n                        background: url(https:\/\/pontodasigrejas.com\/news\/wp-content\/uploads\/2026\/09\/DSC_0600.jpg) 0 0 no-repeat;\r\n                    }\r\n                    #tdi_1  .td-doubleSlider-2 .td-item6 {\r\n                        background: url(https:\/\/pontodasigrejas.com\/news\/wp-content\/uploads\/2026\/09\/DSC_0594.jpg) 0 0 no-repeat;\r\n                    }\r\n                    #tdi_1  .td-doubleSlider-2 .td-item7 {\r\n                        background: url(https:\/\/pontodasigrejas.com\/news\/wp-content\/uploads\/2026\/09\/DSC_0592.jpg) 0 0 no-repeat;\r\n                    }\r\n                    #tdi_1  .td-doubleSlider-2 .td-item8 {\r\n                        background: url(https:\/\/pontodasigrejas.com\/news\/wp-content\/uploads\/2026\/09\/DSC_0585.jpg) 0 0 no-repeat;\r\n                    }\r\n                    #tdi_1  .td-doubleSlider-2 .td-item9 {\r\n                        background: url(https:\/\/pontodasigrejas.com\/news\/wp-content\/uploads\/2026\/09\/DSC_0583.jpg) 0 0 no-repeat;\r\n                    }\r\n                    #tdi_1  .td-doubleSlider-2 .td-item10 {\r\n                        background: url(https:\/\/pontodasigrejas.com\/news\/wp-content\/uploads\/2026\/09\/DSC_0573.jpg) 0 0 no-repeat;\r\n                    }\r\n                    #tdi_1  .td-doubleSlider-2 .td-item11 {\r\n                        background: url(https:\/\/pontodasigrejas.com\/news\/wp-content\/uploads\/2026\/09\/DSC_0563.jpg) 0 0 no-repeat;\r\n                    }\r\n                    #tdi_1  .td-doubleSlider-2 .td-item12 {\r\n                        background: url(https:\/\/pontodasigrejas.com\/news\/wp-content\/uploads\/2026\/09\/DSC_0543.jpg) 0 0 no-repeat;\r\n                    }\r\n                    #tdi_1  .td-doubleSlider-2 .td-item13 {\r\n                        background: url(https:\/\/pontodasigrejas.com\/news\/wp-content\/uploads\/2026\/09\/DSC_0538.jpg) 0 0 no-repeat;\r\n                    }\r\n                    #tdi_1  .td-doubleSlider-2 .td-item14 {\r\n                        background: url(https:\/\/pontodasigrejas.com\/news\/wp-content\/uploads\/2026\/09\/DSC_0534-Aprimorado-NR.jpg) 0 0 no-repeat;\r\n                    }\r\n                    #tdi_1  .td-doubleSlider-2 .td-item15 {\r\n                        background: url(https:\/\/pontodasigrejas.com\/news\/wp-content\/uploads\/2026\/09\/DSC_0531.jpg) 0 0 no-repeat;\r\n                    }\r\n                    #tdi_1  .td-doubleSlider-2 .td-item16 {\r\n                        background: url(https:\/\/pontodasigrejas.com\/news\/wp-content\/uploads\/2026\/09\/DSC_0510.jpg) 0 0 no-repeat;\r\n                    }\r\n                    #tdi_1  .td-doubleSlider-2 .td-item17 {\r\n                        background: url(https:\/\/pontodasigrejas.com\/news\/wp-content\/uploads\/2026\/09\/DSC_0496.jpg) 0 0 no-repeat;\r\n                    }\r\n                    #tdi_1  .td-doubleSlider-2 .td-item18 {\r\n                        background: url(https:\/\/pontodasigrejas.com\/news\/wp-content\/uploads\/2026\/09\/DSC_0494.jpg) 0 0 no-repeat;\r\n                    }\r\n                    #tdi_1  .td-doubleSlider-2 .td-item19 {\r\n                        background: url(https:\/\/pontodasigrejas.com\/news\/wp-content\/uploads\/2026\/09\/DSC_0492.jpg) 0 0 no-repeat;\r\n                    }\r\n                    #tdi_1  .td-doubleSlider-2 .td-item20 {\r\n                        background: url(https:\/\/pontodasigrejas.com\/news\/wp-content\/uploads\/2026\/09\/DSC_0490.jpg) 0 0 no-repeat;\r\n                    }\r\n                    #tdi_1  .td-doubleSlider-2 .td-item21 {\r\n                        background: url(https:\/\/pontodasigrejas.com\/news\/wp-content\/uploads\/2026\/09\/DSC_0603.jpg) 0 0 no-repeat;\r\n                    }\r\n                    #tdi_1  .td-doubleSlider-2 .td-item22 {\r\n                        background: url(https:\/\/pontodasigrejas.com\/news\/wp-content\/uploads\/2026\/09\/DSC_0489.jpg) 0 0 no-repeat;\r\n                    }\r\n                    #tdi_1  .td-doubleSlider-2 .td-item23 {\r\n                        background: url(https:\/\/pontodasigrejas.com\/news\/wp-content\/uploads\/2026\/09\/DSC_0487.jpg) 0 0 no-repeat;\r\n                    }\r\n                    #tdi_1  .td-doubleSlider-2 .td-item24 {\r\n                        background: url(https:\/\/pontodasigrejas.com\/news\/wp-content\/uploads\/2026\/09\/DSC_0484.jpg) 0 0 no-repeat;\r\n                    }\r\n                    #tdi_1  .td-doubleSlider-2 .td-item25 {\r\n                        background: url(https:\/\/pontodasigrejas.com\/news\/wp-content\/uploads\/2026\/09\/DSC_0483.jpg) 0 0 no-repeat;\r\n                    }\r\n                    #tdi_1  .td-doubleSlider-2 .td-item26 {\r\n                        background: url(https:\/\/pontodasigrejas.com\/news\/wp-content\/uploads\/2026\/09\/DSC_0476.jpg) 0 0 no-repeat;\r\n                    }\r\n                    #tdi_1  .td-doubleSlider-2 .td-item27 {\r\n                        background: url(https:\/\/pontodasigrejas.com\/news\/wp-content\/uploads\/2026\/09\/DSC_0467.jpg) 0 0 no-repeat;\r\n                    }\r\n                    #tdi_1  .td-doubleSlider-2 .td-item28 {\r\n                        background: url(https:\/\/pontodasigrejas.com\/news\/wp-content\/uploads\/2026\/09\/DSC_0439.jpg) 0 0 no-repeat;\r\n                    }\r\n                    #tdi_1  .td-doubleSlider-2 .td-item29 {\r\n                        background: url(https:\/\/pontodasigrejas.com\/news\/wp-content\/uploads\/2026\/09\/DSC_0421.jpg) 0 0 no-repeat;\r\n                    }\r\n                    #tdi_1  .td-doubleSlider-2 .td-item30 {\r\n                        background: url(https:\/\/pontodasigrejas.com\/news\/wp-content\/uploads\/2026\/09\/DSC_0391.jpg) 0 0 no-repeat;\r\n                    }\r\n                    #tdi_1  .td-doubleSlider-2 .td-item31 {\r\n                        background: url(https:\/\/pontodasigrejas.com\/news\/wp-content\/uploads\/2026\/09\/DSC_0378.jpg) 0 0 no-repeat;\r\n                    }\r\n                    #tdi_1  .td-doubleSlider-2 .td-item32 {\r\n                        background: url(https:\/\/pontodasigrejas.com\/news\/wp-content\/uploads\/2026\/09\/DSC_0375.jpg) 0 0 no-repeat;\r\n                    }\r\n                    #tdi_1  .td-doubleSlider-2 .td-item33 {\r\n                        background: url(https:\/\/pontodasigrejas.com\/news\/wp-content\/uploads\/2026\/09\/DSC_0369.jpg) 0 0 no-repeat;\r\n                    }\r\n                    #tdi_1  .td-doubleSlider-2 .td-item34 {\r\n                        background: url(https:\/\/pontodasigrejas.com\/news\/wp-content\/uploads\/2026\/09\/DSC_0355.jpg) 0 0 no-repeat;\r\n                    }\r\n                    #tdi_1  .td-doubleSlider-2 .td-item35 {\r\n                        background: url(https:\/\/pontodasigrejas.com\/news\/wp-content\/uploads\/2026\/09\/DSC_0340.jpg) 0 0 no-repeat;\r\n                    }\r\n                    #tdi_1  .td-doubleSlider-2 .td-item36 {\r\n                        background: url(https:\/\/pontodasigrejas.com\/news\/wp-content\/uploads\/2026\/09\/DSC_0333.jpg) 0 0 no-repeat;\r\n                    }\r\n                    #tdi_1  .td-doubleSlider-2 .td-item37 {\r\n                        background: url(https:\/\/pontodasigrejas.com\/news\/wp-content\/uploads\/2026\/09\/DSC_0318-Aprimorado-NR.jpg) 0 0 no-repeat;\r\n                    }\r\n                    #tdi_1  .td-doubleSlider-2 .td-item38 {\r\n                        background: url(https:\/\/pontodasigrejas.com\/news\/wp-content\/uploads\/2026\/09\/DSC_0312.jpg) 0 0 no-repeat;\r\n                    }\r\n                    #tdi_1  .td-doubleSlider-2 .td-item39 {\r\n                        background: url(https:\/\/pontodasigrejas.com\/news\/wp-content\/uploads\/2026\/09\/DSC_0308.jpg) 0 0 no-repeat;\r\n                    }\r\n                    #tdi_1  .td-doubleSlider-2 .td-item40 {\r\n                        background: url(https:\/\/pontodasigrejas.com\/news\/wp-content\/uploads\/2026\/09\/DSC_0289.jpg) 0 0 no-repeat;\r\n                    }\r\n                    #tdi_1  .td-doubleSlider-2 .td-item41 {\r\n                        background: url(https:\/\/pontodasigrejas.com\/news\/wp-content\/uploads\/2026\/09\/DSC_0247.jpg) 0 0 no-repeat;\r\n                    }\r\n                    #tdi_1  .td-doubleSlider-2 .td-item42 {\r\n                        background: url(https:\/\/pontodasigrejas.com\/news\/wp-content\/uploads\/2026\/09\/DSC_0238.jpg) 0 0 no-repeat;\r\n                    }\r\n                    #tdi_1  .td-doubleSlider-2 .td-item43 {\r\n                        background: url(https:\/\/pontodasigrejas.com\/news\/wp-content\/uploads\/2026\/09\/DSC_0226.jpg) 0 0 no-repeat;\r\n                    }\r\n                    #tdi_1  .td-doubleSlider-2 .td-item44 {\r\n                        background: url(https:\/\/pontodasigrejas.com\/news\/wp-content\/uploads\/2026\/09\/DSC_0223.jpg) 0 0 no-repeat;\r\n                    }\r\n                    #tdi_1  .td-doubleSlider-2 .td-item45 {\r\n                        background: url(https:\/\/pontodasigrejas.com\/news\/wp-content\/uploads\/2026\/09\/DSC_0222.jpg) 0 0 no-repeat;\r\n                    }\r\n                    #tdi_1  .td-doubleSlider-2 .td-item46 {\r\n                        background: url(https:\/\/pontodasigrejas.com\/news\/wp-content\/uploads\/2026\/09\/DSC_0218.jpg) 0 0 no-repeat;\r\n                    }\r\n                    #tdi_1  .td-doubleSlider-2 .td-item47 {\r\n                        background: url(https:\/\/pontodasigrejas.com\/news\/wp-content\/uploads\/2026\/09\/DSC_0217.jpg) 0 0 no-repeat;\r\n                    }\r\n                    #tdi_1  .td-doubleSlider-2 .td-item48 {\r\n                        background: url(https:\/\/pontodasigrejas.com\/news\/wp-content\/uploads\/2026\/09\/DSC_0214.jpg) 0 0 no-repeat;\r\n                    }\r\n                    #tdi_1  .td-doubleSlider-2 .td-item49 {\r\n                        background: url(https:\/\/pontodasigrejas.com\/news\/wp-content\/uploads\/2026\/09\/DSC_0213.jpg) 0 0 no-repeat;\r\n                    }\r\n                    #tdi_1  .td-doubleSlider-2 .td-item50 {\r\n                        background: url(https:\/\/pontodasigrejas.com\/news\/wp-content\/uploads\/2026\/09\/DSC_0206.jpg) 0 0 no-repeat;\r\n                    }\r\n                    #tdi_1  .td-doubleSlider-2 .td-item51 {\r\n                        background: url(https:\/\/pontodasigrejas.com\/news\/wp-content\/uploads\/2026\/09\/DSC_0190.jpg) 0 0 no-repeat;\r\n                    }\r\n                    #tdi_1  .td-doubleSlider-2 .td-item52 {\r\n                        background: url(https:\/\/pontodasigrejas.com\/news\/wp-content\/uploads\/2026\/09\/DSC_0182.jpg) 0 0 no-repeat;\r\n                    }\r\n                    #tdi_1  .td-doubleSlider-2 .td-item53 {\r\n                        background: url(https:\/\/pontodasigrejas.com\/news\/wp-content\/uploads\/2026\/09\/DSC_0178-Aprimorado-NR.jpg) 0 0 no-repeat;\r\n                    }\r\n                    #tdi_1  .td-doubleSlider-2 .td-item54 {\r\n                        background: url(https:\/\/pontodasigrejas.com\/news\/wp-content\/uploads\/2026\/09\/DSC_0152.jpg) 0 0 no-repeat;\r\n                    }\r\n                    #tdi_1  .td-doubleSlider-2 .td-item55 {\r\n                        background: url(https:\/\/pontodasigrejas.com\/news\/wp-content\/uploads\/2026\/09\/DSC_0144.jpg) 0 0 no-repeat;\r\n                    }\r\n                    #tdi_1  .td-doubleSlider-2 .td-item56 {\r\n                        background: url(https:\/\/pontodasigrejas.com\/news\/wp-content\/uploads\/2026\/09\/DSC_0142.jpg) 0 0 no-repeat;\r\n                    }\r\n                    #tdi_1  .td-doubleSlider-2 .td-item57 {\r\n                        background: url(https:\/\/pontodasigrejas.com\/news\/wp-content\/uploads\/2026\/09\/DSC_0138.jpg) 0 0 no-repeat;\r\n                    }\r\n                    #tdi_1  .td-doubleSlider-2 .td-item58 {\r\n                        background: url(https:\/\/pontodasigrejas.com\/news\/wp-content\/uploads\/2026\/09\/DSC_0135.jpg) 0 0 no-repeat;\r\n                    }\r\n                    #tdi_1  .td-doubleSlider-2 .td-item59 {\r\n                        background: url(https:\/\/pontodasigrejas.com\/news\/wp-content\/uploads\/2026\/09\/DSC_0115.jpg) 0 0 no-repeat;\r\n                    }\r\n                    #tdi_1  .td-doubleSlider-2 .td-item60 {\r\n                        background: url(https:\/\/pontodasigrejas.com\/news\/wp-content\/uploads\/2026\/09\/DSC_0615.jpg) 0 0 no-repeat;\r\n                    }\r\n                <\/style>\r\n\r\n                <div id=\"tdi_1\" class=\"td-gallery td-slide-on-2-columns\">\r\n                    <div class=\"post_td_gallery\">\r\n                        <div class=\"td-gallery-slide-top\">\r\n                           <div class=\"td-gallery-title\">XIX Expo Tecnol\u00f3gica Sandra Silva<\/div>\r\n\r\n                            <div class=\"td-gallery-controls-wrapper\">\r\n                                <div class=\"td-gallery-slide-count\"><span class=\"td-gallery-slide-item-focus\">1<\/span> of 60<\/div>\r\n                                <div class=\"td-gallery-slide-prev-next-but\">\r\n                                    <i class = \"td-icon-left doubleSliderPrevButton\"><\/i>\r\n                                    <i class = \"td-icon-right doubleSliderNextButton\"><\/i>\r\n                                <\/div>\r\n                            <\/div>\r\n                        <\/div>\r\n\r\n                        <div class = \"td-doubleSlider-1 \">\r\n                            <div class = \"td-slider\">\r\n                                \r\n                    <div class = \"td-slide-item td-item1\">\r\n                        <figure class=\"td-slide-galery-figure td-slide-popup-gallery\">\r\n                            <a class=\"slide-gallery-image-link\" href=\"https:\/\/pontodasigrejas.com\/news\/wp-content\/uploads\/2026\/09\/DSC_0551-Aprimorado-NR.jpg\" title=\"DSC_0551-Aprimorado-NR\"  data-caption=\"\"  data-description=\"\">\r\n                                <img decoding=\"async\" src=\"https:\/\/pontodasigrejas.com\/news\/wp-content\/uploads\/2026\/09\/DSC_0551-Aprimorado-NR.jpg\" srcset=\"https:\/\/pontodasigrejas.com\/news\/wp-content\/uploads\/2026\/09\/DSC_0551-Aprimorado-NR.jpg 1240w, https:\/\/pontodasigrejas.com\/news\/wp-content\/uploads\/2026\/09\/DSC_0551-Aprimorado-NR-300x200.jpg 300w, https:\/\/pontodasigrejas.com\/news\/wp-content\/uploads\/2026\/09\/DSC_0551-Aprimorado-NR-1024x683.jpg 1024w, https:\/\/pontodasigrejas.com\/news\/wp-content\/uploads\/2026\/09\/DSC_0551-Aprimorado-NR-768x512.jpg 768w, https:\/\/pontodasigrejas.com\/news\/wp-content\/uploads\/2026\/09\/DSC_0551-Aprimorado-NR-150x100.jpg 150w, https:\/\/pontodasigrejas.com\/news\/wp-content\/uploads\/2026\/09\/DSC_0551-Aprimorado-NR-696x464.jpg 696w, https:\/\/pontodasigrejas.com\/news\/wp-content\/uploads\/2026\/09\/DSC_0551-Aprimorado-NR-1068x712.jpg 1068w, https:\/\/pontodasigrejas.com\/news\/wp-content\/uploads\/2026\/09\/DSC_0551-Aprimorado-NR-600x400.jpg 600w\" sizes=\"(max-width: 1240px) 100vw, 1240px\" alt=\"\">\r\n                            <\/a>\r\n                            \r\n                        <\/figure>\r\n                    <\/div>\r\n                    <div class = \"td-slide-item td-item2\">\r\n                        <figure class=\"td-slide-galery-figure td-slide-popup-gallery\">\r\n                            <a class=\"slide-gallery-image-link\" href=\"https:\/\/pontodasigrejas.com\/news\/wp-content\/uploads\/2026\/09\/DSC_0127.jpg\" title=\"DSC_0127\"  data-caption=\"\"  data-description=\"\">\r\n                                <img decoding=\"async\" src=\"https:\/\/pontodasigrejas.com\/news\/wp-content\/uploads\/2026\/09\/DSC_0127.jpg\" srcset=\"https:\/\/pontodasigrejas.com\/news\/wp-content\/uploads\/2026\/09\/DSC_0127.jpg 1147w, https:\/\/pontodasigrejas.com\/news\/wp-content\/uploads\/2026\/09\/DSC_0127-200x300.jpg 200w, https:\/\/pontodasigrejas.com\/news\/wp-content\/uploads\/2026\/09\/DSC_0127-683x1024.jpg 683w, https:\/\/pontodasigrejas.com\/news\/wp-content\/uploads\/2026\/09\/DSC_0127-768x1152.jpg 768w, https:\/\/pontodasigrejas.com\/news\/wp-content\/uploads\/2026\/09\/DSC_0127-1024x1536.jpg 1024w, https:\/\/pontodasigrejas.com\/news\/wp-content\/uploads\/2026\/09\/DSC_0127-150x225.jpg 150w, https:\/\/pontodasigrejas.com\/news\/wp-content\/uploads\/2026\/09\/DSC_0127-300x450.jpg 300w, https:\/\/pontodasigrejas.com\/news\/wp-content\/uploads\/2026\/09\/DSC_0127-696x1044.jpg 696w, https:\/\/pontodasigrejas.com\/news\/wp-content\/uploads\/2026\/09\/DSC_0127-1068x1602.jpg 1068w, https:\/\/pontodasigrejas.com\/news\/wp-content\/uploads\/2026\/09\/DSC_0127-600x900.jpg 600w\" sizes=\"(max-width: 1147px) 100vw, 1147px\" alt=\"\">\r\n                            <\/a>\r\n                            \r\n                        <\/figure>\r\n                    <\/div>\r\n                    <div class = \"td-slide-item td-item3\">\r\n                        <figure class=\"td-slide-galery-figure td-slide-popup-gallery\">\r\n                            <a class=\"slide-gallery-image-link\" href=\"https:\/\/pontodasigrejas.com\/news\/wp-content\/uploads\/2026\/09\/DSC_0010.jpg\" title=\"DSC_0010\"  data-caption=\"\"  data-description=\"\">\r\n                                <img decoding=\"async\" src=\"https:\/\/pontodasigrejas.com\/news\/wp-content\/uploads\/2026\/09\/DSC_0010.jpg\" srcset=\"https:\/\/pontodasigrejas.com\/news\/wp-content\/uploads\/2026\/09\/DSC_0010.jpg 1240w, https:\/\/pontodasigrejas.com\/news\/wp-content\/uploads\/2026\/09\/DSC_0010-300x200.jpg 300w, https:\/\/pontodasigrejas.com\/news\/wp-content\/uploads\/2026\/09\/DSC_0010-1024x683.jpg 1024w, https:\/\/pontodasigrejas.com\/news\/wp-content\/uploads\/2026\/09\/DSC_0010-768x512.jpg 768w, https:\/\/pontodasigrejas.com\/news\/wp-content\/uploads\/2026\/09\/DSC_0010-150x100.jpg 150w, https:\/\/pontodasigrejas.com\/news\/wp-content\/uploads\/2026\/09\/DSC_0010-696x464.jpg 696w, https:\/\/pontodasigrejas.com\/news\/wp-content\/uploads\/2026\/09\/DSC_0010-1068x712.jpg 1068w, https:\/\/pontodasigrejas.com\/news\/wp-content\/uploads\/2026\/09\/DSC_0010-600x400.jpg 600w\" sizes=\"(max-width: 1240px) 100vw, 1240px\" alt=\"\">\r\n                            <\/a>\r\n                            \r\n                        <\/figure>\r\n                    <\/div>\r\n                    <div class = \"td-slide-item td-item4\">\r\n                        <figure class=\"td-slide-galery-figure td-slide-popup-gallery\">\r\n                            <a class=\"slide-gallery-image-link\" href=\"https:\/\/pontodasigrejas.com\/news\/wp-content\/uploads\/2026\/09\/DSC_0110.jpg\" title=\"DSC_0110\"  data-caption=\"\"  data-description=\"\">\r\n                                <img decoding=\"async\" src=\"https:\/\/pontodasigrejas.com\/news\/wp-content\/uploads\/2026\/09\/DSC_0110.jpg\" srcset=\"https:\/\/pontodasigrejas.com\/news\/wp-content\/uploads\/2026\/09\/DSC_0110.jpg 1240w, https:\/\/pontodasigrejas.com\/news\/wp-content\/uploads\/2026\/09\/DSC_0110-300x200.jpg 300w, https:\/\/pontodasigrejas.com\/news\/wp-content\/uploads\/2026\/09\/DSC_0110-1024x683.jpg 1024w, https:\/\/pontodasigrejas.com\/news\/wp-content\/uploads\/2026\/09\/DSC_0110-768x512.jpg 768w, https:\/\/pontodasigrejas.com\/news\/wp-content\/uploads\/2026\/09\/DSC_0110-150x100.jpg 150w, https:\/\/pontodasigrejas.com\/news\/wp-content\/uploads\/2026\/09\/DSC_0110-696x464.jpg 696w, https:\/\/pontodasigrejas.com\/news\/wp-content\/uploads\/2026\/09\/DSC_0110-1068x712.jpg 1068w, https:\/\/pontodasigrejas.com\/news\/wp-content\/uploads\/2026\/09\/DSC_0110-600x400.jpg 600w\" sizes=\"(max-width: 1240px) 100vw, 1240px\" alt=\"\">\r\n                            <\/a>\r\n                            \r\n                        <\/figure>\r\n                    <\/div>\r\n                    <div class = \"td-slide-item td-item5\">\r\n                        <figure class=\"td-slide-galery-figure td-slide-popup-gallery\">\r\n                            <a class=\"slide-gallery-image-link\" href=\"https:\/\/pontodasigrejas.com\/news\/wp-content\/uploads\/2026\/09\/DSC_0600.jpg\" title=\"DSC_0600\"  data-caption=\"\"  data-description=\"\">\r\n                                <img decoding=\"async\" src=\"https:\/\/pontodasigrejas.com\/news\/wp-content\/uploads\/2026\/09\/DSC_0600.jpg\" srcset=\"https:\/\/pontodasigrejas.com\/news\/wp-content\/uploads\/2026\/09\/DSC_0600.jpg 1240w, https:\/\/pontodasigrejas.com\/news\/wp-content\/uploads\/2026\/09\/DSC_0600-300x200.jpg 300w, https:\/\/pontodasigrejas.com\/news\/wp-content\/uploads\/2026\/09\/DSC_0600-1024x683.jpg 1024w, https:\/\/pontodasigrejas.com\/news\/wp-content\/uploads\/2026\/09\/DSC_0600-768x512.jpg 768w, https:\/\/pontodasigrejas.com\/news\/wp-content\/uploads\/2026\/09\/DSC_0600-150x100.jpg 150w, https:\/\/pontodasigrejas.com\/news\/wp-content\/uploads\/2026\/09\/DSC_0600-696x464.jpg 696w, https:\/\/pontodasigrejas.com\/news\/wp-content\/uploads\/2026\/09\/DSC_0600-1068x712.jpg 1068w, https:\/\/pontodasigrejas.com\/news\/wp-content\/uploads\/2026\/09\/DSC_0600-600x400.jpg 600w\" sizes=\"(max-width: 1240px) 100vw, 1240px\" alt=\"\">\r\n                            <\/a>\r\n                            \r\n                        <\/figure>\r\n                    <\/div>\r\n                    <div class = \"td-slide-item td-item6\">\r\n                        <figure class=\"td-slide-galery-figure td-slide-popup-gallery\">\r\n                            <a class=\"slide-gallery-image-link\" href=\"https:\/\/pontodasigrejas.com\/news\/wp-content\/uploads\/2026\/09\/DSC_0594.jpg\" title=\"DSC_0594\"  data-caption=\"\"  data-description=\"\">\r\n                                <img decoding=\"async\" src=\"https:\/\/pontodasigrejas.com\/news\/wp-content\/uploads\/2026\/09\/DSC_0594.jpg\" srcset=\"https:\/\/pontodasigrejas.com\/news\/wp-content\/uploads\/2026\/09\/DSC_0594.jpg 1240w, https:\/\/pontodasigrejas.com\/news\/wp-content\/uploads\/2026\/09\/DSC_0594-300x200.jpg 300w, https:\/\/pontodasigrejas.com\/news\/wp-content\/uploads\/2026\/09\/DSC_0594-1024x683.jpg 1024w, https:\/\/pontodasigrejas.com\/news\/wp-content\/uploads\/2026\/09\/DSC_0594-768x512.jpg 768w, https:\/\/pontodasigrejas.com\/news\/wp-content\/uploads\/2026\/09\/DSC_0594-150x100.jpg 150w, https:\/\/pontodasigrejas.com\/news\/wp-content\/uploads\/2026\/09\/DSC_0594-696x464.jpg 696w, https:\/\/pontodasigrejas.com\/news\/wp-content\/uploads\/2026\/09\/DSC_0594-1068x712.jpg 1068w, https:\/\/pontodasigrejas.com\/news\/wp-content\/uploads\/2026\/09\/DSC_0594-600x400.jpg 600w\" sizes=\"(max-width: 1240px) 100vw, 1240px\" alt=\"\">\r\n                            <\/a>\r\n                            \r\n                        <\/figure>\r\n                    <\/div>\r\n                    <div class = \"td-slide-item td-item7\">\r\n                        <figure class=\"td-slide-galery-figure td-slide-popup-gallery\">\r\n                            <a class=\"slide-gallery-image-link\" href=\"https:\/\/pontodasigrejas.com\/news\/wp-content\/uploads\/2026\/09\/DSC_0592.jpg\" title=\"DSC_0592\"  data-caption=\"\"  data-description=\"\">\r\n                                <img decoding=\"async\" src=\"https:\/\/pontodasigrejas.com\/news\/wp-content\/uploads\/2026\/09\/DSC_0592.jpg\" srcset=\"https:\/\/pontodasigrejas.com\/news\/wp-content\/uploads\/2026\/09\/DSC_0592.jpg 1240w, https:\/\/pontodasigrejas.com\/news\/wp-content\/uploads\/2026\/09\/DSC_0592-300x200.jpg 300w, https:\/\/pontodasigrejas.com\/news\/wp-content\/uploads\/2026\/09\/DSC_0592-1024x683.jpg 1024w, https:\/\/pontodasigrejas.com\/news\/wp-content\/uploads\/2026\/09\/DSC_0592-768x512.jpg 768w, https:\/\/pontodasigrejas.com\/news\/wp-content\/uploads\/2026\/09\/DSC_0592-150x100.jpg 150w, https:\/\/pontodasigrejas.com\/news\/wp-content\/uploads\/2026\/09\/DSC_0592-696x464.jpg 696w, https:\/\/pontodasigrejas.com\/news\/wp-content\/uploads\/2026\/09\/DSC_0592-1068x712.jpg 1068w, https:\/\/pontodasigrejas.com\/news\/wp-content\/uploads\/2026\/09\/DSC_0592-600x400.jpg 600w\" sizes=\"(max-width: 1240px) 100vw, 1240px\" alt=\"\">\r\n                            <\/a>\r\n                            \r\n                        <\/figure>\r\n                    <\/div>\r\n                    <div class = \"td-slide-item td-item8\">\r\n                        <figure class=\"td-slide-galery-figure td-slide-popup-gallery\">\r\n                            <a class=\"slide-gallery-image-link\" href=\"https:\/\/pontodasigrejas.com\/news\/wp-content\/uploads\/2026\/09\/DSC_0585.jpg\" title=\"DSC_0585\"  data-caption=\"\"  data-description=\"\">\r\n                                <img decoding=\"async\" src=\"https:\/\/pontodasigrejas.com\/news\/wp-content\/uploads\/2026\/09\/DSC_0585.jpg\" srcset=\"https:\/\/pontodasigrejas.com\/news\/wp-content\/uploads\/2026\/09\/DSC_0585.jpg 1147w, https:\/\/pontodasigrejas.com\/news\/wp-content\/uploads\/2026\/09\/DSC_0585-200x300.jpg 200w, https:\/\/pontodasigrejas.com\/news\/wp-content\/uploads\/2026\/09\/DSC_0585-683x1024.jpg 683w, https:\/\/pontodasigrejas.com\/news\/wp-content\/uploads\/2026\/09\/DSC_0585-768x1152.jpg 768w, https:\/\/pontodasigrejas.com\/news\/wp-content\/uploads\/2026\/09\/DSC_0585-1024x1536.jpg 1024w, https:\/\/pontodasigrejas.com\/news\/wp-content\/uploads\/2026\/09\/DSC_0585-150x225.jpg 150w, https:\/\/pontodasigrejas.com\/news\/wp-content\/uploads\/2026\/09\/DSC_0585-300x450.jpg 300w, https:\/\/pontodasigrejas.com\/news\/wp-content\/uploads\/2026\/09\/DSC_0585-696x1044.jpg 696w, https:\/\/pontodasigrejas.com\/news\/wp-content\/uploads\/2026\/09\/DSC_0585-1068x1602.jpg 1068w, https:\/\/pontodasigrejas.com\/news\/wp-content\/uploads\/2026\/09\/DSC_0585-600x900.jpg 600w\" sizes=\"(max-width: 1147px) 100vw, 1147px\" alt=\"\">\r\n                            <\/a>\r\n                            \r\n                        <\/figure>\r\n                    <\/div>\r\n                    <div class = \"td-slide-item td-item9\">\r\n                        <figure class=\"td-slide-galery-figure td-slide-popup-gallery\">\r\n                            <a class=\"slide-gallery-image-link\" href=\"https:\/\/pontodasigrejas.com\/news\/wp-content\/uploads\/2026\/09\/DSC_0583.jpg\" title=\"DSC_0583\"  data-caption=\"\"  data-description=\"\">\r\n                                <img decoding=\"async\" src=\"https:\/\/pontodasigrejas.com\/news\/wp-content\/uploads\/2026\/09\/DSC_0583.jpg\" srcset=\"https:\/\/pontodasigrejas.com\/news\/wp-content\/uploads\/2026\/09\/DSC_0583.jpg 1147w, https:\/\/pontodasigrejas.com\/news\/wp-content\/uploads\/2026\/09\/DSC_0583-200x300.jpg 200w, https:\/\/pontodasigrejas.com\/news\/wp-content\/uploads\/2026\/09\/DSC_0583-683x1024.jpg 683w, https:\/\/pontodasigrejas.com\/news\/wp-content\/uploads\/2026\/09\/DSC_0583-768x1152.jpg 768w, https:\/\/pontodasigrejas.com\/news\/wp-content\/uploads\/2026\/09\/DSC_0583-1024x1536.jpg 1024w, https:\/\/pontodasigrejas.com\/news\/wp-content\/uploads\/2026\/09\/DSC_0583-150x225.jpg 150w, https:\/\/pontodasigrejas.com\/news\/wp-content\/uploads\/2026\/09\/DSC_0583-300x450.jpg 300w, https:\/\/pontodasigrejas.com\/news\/wp-content\/uploads\/2026\/09\/DSC_0583-696x1044.jpg 696w, https:\/\/pontodasigrejas.com\/news\/wp-content\/uploads\/2026\/09\/DSC_0583-1068x1602.jpg 1068w, https:\/\/pontodasigrejas.com\/news\/wp-content\/uploads\/2026\/09\/DSC_0583-600x900.jpg 600w\" sizes=\"(max-width: 1147px) 100vw, 1147px\" alt=\"\">\r\n                            <\/a>\r\n                            \r\n                        <\/figure>\r\n                    <\/div>\r\n                    <div class = \"td-slide-item td-item10\">\r\n                        <figure class=\"td-slide-galery-figure td-slide-popup-gallery\">\r\n                            <a class=\"slide-gallery-image-link\" href=\"https:\/\/pontodasigrejas.com\/news\/wp-content\/uploads\/2026\/09\/DSC_0573.jpg\" title=\"DSC_0573\"  data-caption=\"\"  data-description=\"\">\r\n                                <img decoding=\"async\" src=\"https:\/\/pontodasigrejas.com\/news\/wp-content\/uploads\/2026\/09\/DSC_0573.jpg\" srcset=\"https:\/\/pontodasigrejas.com\/news\/wp-content\/uploads\/2026\/09\/DSC_0573.jpg 1147w, https:\/\/pontodasigrejas.com\/news\/wp-content\/uploads\/2026\/09\/DSC_0573-200x300.jpg 200w, https:\/\/pontodasigrejas.com\/news\/wp-content\/uploads\/2026\/09\/DSC_0573-683x1024.jpg 683w, https:\/\/pontodasigrejas.com\/news\/wp-content\/uploads\/2026\/09\/DSC_0573-768x1152.jpg 768w, https:\/\/pontodasigrejas.com\/news\/wp-content\/uploads\/2026\/09\/DSC_0573-1024x1536.jpg 1024w, https:\/\/pontodasigrejas.com\/news\/wp-content\/uploads\/2026\/09\/DSC_0573-150x225.jpg 150w, https:\/\/pontodasigrejas.com\/news\/wp-content\/uploads\/2026\/09\/DSC_0573-300x450.jpg 300w, https:\/\/pontodasigrejas.com\/news\/wp-content\/uploads\/2026\/09\/DSC_0573-696x1044.jpg 696w, https:\/\/pontodasigrejas.com\/news\/wp-content\/uploads\/2026\/09\/DSC_0573-1068x1602.jpg 1068w, https:\/\/pontodasigrejas.com\/news\/wp-content\/uploads\/2026\/09\/DSC_0573-600x900.jpg 600w\" sizes=\"(max-width: 1147px) 100vw, 1147px\" alt=\"\">\r\n                            <\/a>\r\n                            \r\n                        <\/figure>\r\n                    <\/div>\r\n                    <div class = \"td-slide-item td-item11\">\r\n                        <figure class=\"td-slide-galery-figure td-slide-popup-gallery\">\r\n                            <a class=\"slide-gallery-image-link\" href=\"https:\/\/pontodasigrejas.com\/news\/wp-content\/uploads\/2026\/09\/DSC_0563.jpg\" title=\"DSC_0563\"  data-caption=\"\"  data-description=\"\">\r\n                                <img decoding=\"async\" src=\"https:\/\/pontodasigrejas.com\/news\/wp-content\/uploads\/2026\/09\/DSC_0563.jpg\" srcset=\"https:\/\/pontodasigrejas.com\/news\/wp-content\/uploads\/2026\/09\/DSC_0563.jpg 1147w, https:\/\/pontodasigrejas.com\/news\/wp-content\/uploads\/2026\/09\/DSC_0563-200x300.jpg 200w, https:\/\/pontodasigrejas.com\/news\/wp-content\/uploads\/2026\/09\/DSC_0563-683x1024.jpg 683w, https:\/\/pontodasigrejas.com\/news\/wp-content\/uploads\/2026\/09\/DSC_0563-768x1152.jpg 768w, https:\/\/pontodasigrejas.com\/news\/wp-content\/uploads\/2026\/09\/DSC_0563-1024x1536.jpg 1024w, https:\/\/pontodasigrejas.com\/news\/wp-content\/uploads\/2026\/09\/DSC_0563-150x225.jpg 150w, https:\/\/pontodasigrejas.com\/news\/wp-content\/uploads\/2026\/09\/DSC_0563-300x450.jpg 300w, https:\/\/pontodasigrejas.com\/news\/wp-content\/uploads\/2026\/09\/DSC_0563-696x1044.jpg 696w, https:\/\/pontodasigrejas.com\/news\/wp-content\/uploads\/2026\/09\/DSC_0563-1068x1602.jpg 1068w, https:\/\/pontodasigrejas.com\/news\/wp-content\/uploads\/2026\/09\/DSC_0563-600x900.jpg 600w\" sizes=\"(max-width: 1147px) 100vw, 1147px\" alt=\"\">\r\n                            <\/a>\r\n                            \r\n                        <\/figure>\r\n                    <\/div>\r\n                    <div class = \"td-slide-item td-item12\">\r\n                        <figure class=\"td-slide-galery-figure td-slide-popup-gallery\">\r\n                            <a class=\"slide-gallery-image-link\" href=\"https:\/\/pontodasigrejas.com\/news\/wp-content\/uploads\/2026\/09\/DSC_0543.jpg\" title=\"DSC_0543\"  data-caption=\"\"  data-description=\"\">\r\n                                <img decoding=\"async\" src=\"https:\/\/pontodasigrejas.com\/news\/wp-content\/uploads\/2026\/09\/DSC_0543.jpg\" srcset=\"https:\/\/pontodasigrejas.com\/news\/wp-content\/uploads\/2026\/09\/DSC_0543.jpg 1240w, https:\/\/pontodasigrejas.com\/news\/wp-content\/uploads\/2026\/09\/DSC_0543-300x200.jpg 300w, https:\/\/pontodasigrejas.com\/news\/wp-content\/uploads\/2026\/09\/DSC_0543-1024x683.jpg 1024w, https:\/\/pontodasigrejas.com\/news\/wp-content\/uploads\/2026\/09\/DSC_0543-768x512.jpg 768w, https:\/\/pontodasigrejas.com\/news\/wp-content\/uploads\/2026\/09\/DSC_0543-150x100.jpg 150w, https:\/\/pontodasigrejas.com\/news\/wp-content\/uploads\/2026\/09\/DSC_0543-696x464.jpg 696w, https:\/\/pontodasigrejas.com\/news\/wp-content\/uploads\/2026\/09\/DSC_0543-1068x712.jpg 1068w, https:\/\/pontodasigrejas.com\/news\/wp-content\/uploads\/2026\/09\/DSC_0543-600x400.jpg 600w\" sizes=\"(max-width: 1240px) 100vw, 1240px\" alt=\"\">\r\n                            <\/a>\r\n                            \r\n                        <\/figure>\r\n                    <\/div>\r\n                    <div class = \"td-slide-item td-item13\">\r\n                        <figure class=\"td-slide-galery-figure td-slide-popup-gallery\">\r\n                            <a class=\"slide-gallery-image-link\" href=\"https:\/\/pontodasigrejas.com\/news\/wp-content\/uploads\/2026\/09\/DSC_0538.jpg\" title=\"DSC_0538\"  data-caption=\"\"  data-description=\"\">\r\n                                <img decoding=\"async\" src=\"https:\/\/pontodasigrejas.com\/news\/wp-content\/uploads\/2026\/09\/DSC_0538.jpg\" srcset=\"https:\/\/pontodasigrejas.com\/news\/wp-content\/uploads\/2026\/09\/DSC_0538.jpg 1147w, https:\/\/pontodasigrejas.com\/news\/wp-content\/uploads\/2026\/09\/DSC_0538-200x300.jpg 200w, https:\/\/pontodasigrejas.com\/news\/wp-content\/uploads\/2026\/09\/DSC_0538-683x1024.jpg 683w, https:\/\/pontodasigrejas.com\/news\/wp-content\/uploads\/2026\/09\/DSC_0538-768x1152.jpg 768w, https:\/\/pontodasigrejas.com\/news\/wp-content\/uploads\/2026\/09\/DSC_0538-1024x1536.jpg 1024w, https:\/\/pontodasigrejas.com\/news\/wp-content\/uploads\/2026\/09\/DSC_0538-150x225.jpg 150w, https:\/\/pontodasigrejas.com\/news\/wp-content\/uploads\/2026\/09\/DSC_0538-300x450.jpg 300w, https:\/\/pontodasigrejas.com\/news\/wp-content\/uploads\/2026\/09\/DSC_0538-696x1044.jpg 696w, https:\/\/pontodasigrejas.com\/news\/wp-content\/uploads\/2026\/09\/DSC_0538-1068x1602.jpg 1068w, https:\/\/pontodasigrejas.com\/news\/wp-content\/uploads\/2026\/09\/DSC_0538-600x900.jpg 600w\" sizes=\"(max-width: 1147px) 100vw, 1147px\" alt=\"\">\r\n                            <\/a>\r\n                            \r\n                        <\/figure>\r\n                    <\/div>\r\n                    <div class = \"td-slide-item td-item14\">\r\n                        <figure class=\"td-slide-galery-figure td-slide-popup-gallery\">\r\n                            <a class=\"slide-gallery-image-link\" href=\"https:\/\/pontodasigrejas.com\/news\/wp-content\/uploads\/2026\/09\/DSC_0534-Aprimorado-NR.jpg\" title=\"DSC_0534-Aprimorado-NR\"  data-caption=\"\"  data-description=\"\">\r\n                                <img decoding=\"async\" src=\"https:\/\/pontodasigrejas.com\/news\/wp-content\/uploads\/2026\/09\/DSC_0534-Aprimorado-NR.jpg\" srcset=\"https:\/\/pontodasigrejas.com\/news\/wp-content\/uploads\/2026\/09\/DSC_0534-Aprimorado-NR.jpg 1240w, https:\/\/pontodasigrejas.com\/news\/wp-content\/uploads\/2026\/09\/DSC_0534-Aprimorado-NR-300x200.jpg 300w, https:\/\/pontodasigrejas.com\/news\/wp-content\/uploads\/2026\/09\/DSC_0534-Aprimorado-NR-1024x683.jpg 1024w, https:\/\/pontodasigrejas.com\/news\/wp-content\/uploads\/2026\/09\/DSC_0534-Aprimorado-NR-768x512.jpg 768w, https:\/\/pontodasigrejas.com\/news\/wp-content\/uploads\/2026\/09\/DSC_0534-Aprimorado-NR-150x100.jpg 150w, https:\/\/pontodasigrejas.com\/news\/wp-content\/uploads\/2026\/09\/DSC_0534-Aprimorado-NR-696x464.jpg 696w, https:\/\/pontodasigrejas.com\/news\/wp-content\/uploads\/2026\/09\/DSC_0534-Aprimorado-NR-1068x712.jpg 1068w, https:\/\/pontodasigrejas.com\/news\/wp-content\/uploads\/2026\/09\/DSC_0534-Aprimorado-NR-600x400.jpg 600w\" sizes=\"(max-width: 1240px) 100vw, 1240px\" alt=\"\">\r\n                            <\/a>\r\n                            \r\n                        <\/figure>\r\n                    <\/div>\r\n                    <div class = \"td-slide-item td-item15\">\r\n                        <figure class=\"td-slide-galery-figure td-slide-popup-gallery\">\r\n                            <a class=\"slide-gallery-image-link\" href=\"https:\/\/pontodasigrejas.com\/news\/wp-content\/uploads\/2026\/09\/DSC_0531.jpg\" title=\"DSC_0531\"  data-caption=\"\"  data-description=\"\">\r\n                                <img decoding=\"async\" src=\"https:\/\/pontodasigrejas.com\/news\/wp-content\/uploads\/2026\/09\/DSC_0531.jpg\" srcset=\"https:\/\/pontodasigrejas.com\/news\/wp-content\/uploads\/2026\/09\/DSC_0531.jpg 1240w, https:\/\/pontodasigrejas.com\/news\/wp-content\/uploads\/2026\/09\/DSC_0531-300x200.jpg 300w, https:\/\/pontodasigrejas.com\/news\/wp-content\/uploads\/2026\/09\/DSC_0531-1024x683.jpg 1024w, https:\/\/pontodasigrejas.com\/news\/wp-content\/uploads\/2026\/09\/DSC_0531-768x512.jpg 768w, https:\/\/pontodasigrejas.com\/news\/wp-content\/uploads\/2026\/09\/DSC_0531-150x100.jpg 150w, https:\/\/pontodasigrejas.com\/news\/wp-content\/uploads\/2026\/09\/DSC_0531-696x464.jpg 696w, https:\/\/pontodasigrejas.com\/news\/wp-content\/uploads\/2026\/09\/DSC_0531-1068x712.jpg 1068w, https:\/\/pontodasigrejas.com\/news\/wp-content\/uploads\/2026\/09\/DSC_0531-600x400.jpg 600w\" sizes=\"(max-width: 1240px) 100vw, 1240px\" alt=\"\">\r\n                            <\/a>\r\n                            \r\n                        <\/figure>\r\n                    <\/div>\r\n                    <div class = \"td-slide-item td-item16\">\r\n                        <figure class=\"td-slide-galery-figure td-slide-popup-gallery\">\r\n                            <a class=\"slide-gallery-image-link\" href=\"https:\/\/pontodasigrejas.com\/news\/wp-content\/uploads\/2026\/09\/DSC_0510.jpg\" title=\"DSC_0510\"  data-caption=\"\"  data-description=\"\">\r\n                                <img decoding=\"async\" src=\"https:\/\/pontodasigrejas.com\/news\/wp-content\/uploads\/2026\/09\/DSC_0510.jpg\" srcset=\"https:\/\/pontodasigrejas.com\/news\/wp-content\/uploads\/2026\/09\/DSC_0510.jpg 1240w, https:\/\/pontodasigrejas.com\/news\/wp-content\/uploads\/2026\/09\/DSC_0510-300x200.jpg 300w, https:\/\/pontodasigrejas.com\/news\/wp-content\/uploads\/2026\/09\/DSC_0510-1024x683.jpg 1024w, https:\/\/pontodasigrejas.com\/news\/wp-content\/uploads\/2026\/09\/DSC_0510-768x512.jpg 768w, https:\/\/pontodasigrejas.com\/news\/wp-content\/uploads\/2026\/09\/DSC_0510-150x100.jpg 150w, https:\/\/pontodasigrejas.com\/news\/wp-content\/uploads\/2026\/09\/DSC_0510-696x464.jpg 696w, https:\/\/pontodasigrejas.com\/news\/wp-content\/uploads\/2026\/09\/DSC_0510-1068x712.jpg 1068w, https:\/\/pontodasigrejas.com\/news\/wp-content\/uploads\/2026\/09\/DSC_0510-600x400.jpg 600w\" sizes=\"(max-width: 1240px) 100vw, 1240px\" alt=\"\">\r\n                            <\/a>\r\n                            \r\n                        <\/figure>\r\n                    <\/div>\r\n                    <div class = \"td-slide-item td-item17\">\r\n                        <figure class=\"td-slide-galery-figure td-slide-popup-gallery\">\r\n                            <a class=\"slide-gallery-image-link\" href=\"https:\/\/pontodasigrejas.com\/news\/wp-content\/uploads\/2026\/09\/DSC_0496.jpg\" title=\"DSC_0496\"  data-caption=\"\"  data-description=\"\">\r\n                                <img decoding=\"async\" src=\"https:\/\/pontodasigrejas.com\/news\/wp-content\/uploads\/2026\/09\/DSC_0496.jpg\" srcset=\"https:\/\/pontodasigrejas.com\/news\/wp-content\/uploads\/2026\/09\/DSC_0496.jpg 1240w, https:\/\/pontodasigrejas.com\/news\/wp-content\/uploads\/2026\/09\/DSC_0496-300x200.jpg 300w, https:\/\/pontodasigrejas.com\/news\/wp-content\/uploads\/2026\/09\/DSC_0496-1024x683.jpg 1024w, https:\/\/pontodasigrejas.com\/news\/wp-content\/uploads\/2026\/09\/DSC_0496-768x512.jpg 768w, https:\/\/pontodasigrejas.com\/news\/wp-content\/uploads\/2026\/09\/DSC_0496-150x100.jpg 150w, https:\/\/pontodasigrejas.com\/news\/wp-content\/uploads\/2026\/09\/DSC_0496-696x464.jpg 696w, https:\/\/pontodasigrejas.com\/news\/wp-content\/uploads\/2026\/09\/DSC_0496-1068x712.jpg 1068w, https:\/\/pontodasigrejas.com\/news\/wp-content\/uploads\/2026\/09\/DSC_0496-600x400.jpg 600w\" sizes=\"(max-width: 1240px) 100vw, 1240px\" alt=\"\">\r\n                            <\/a>\r\n                            \r\n                        <\/figure>\r\n                    <\/div>\r\n                    <div class = \"td-slide-item td-item18\">\r\n                        <figure class=\"td-slide-galery-figure td-slide-popup-gallery\">\r\n                            <a class=\"slide-gallery-image-link\" href=\"https:\/\/pontodasigrejas.com\/news\/wp-content\/uploads\/2026\/09\/DSC_0494.jpg\" title=\"DSC_0494\"  data-caption=\"\"  data-description=\"\">\r\n                                <img decoding=\"async\" src=\"https:\/\/pontodasigrejas.com\/news\/wp-content\/uploads\/2026\/09\/DSC_0494.jpg\" srcset=\"https:\/\/pontodasigrejas.com\/news\/wp-content\/uploads\/2026\/09\/DSC_0494.jpg 1240w, https:\/\/pontodasigrejas.com\/news\/wp-content\/uploads\/2026\/09\/DSC_0494-300x200.jpg 300w, https:\/\/pontodasigrejas.com\/news\/wp-content\/uploads\/2026\/09\/DSC_0494-1024x683.jpg 1024w, https:\/\/pontodasigrejas.com\/news\/wp-content\/uploads\/2026\/09\/DSC_0494-768x512.jpg 768w, https:\/\/pontodasigrejas.com\/news\/wp-content\/uploads\/2026\/09\/DSC_0494-150x100.jpg 150w, https:\/\/pontodasigrejas.com\/news\/wp-content\/uploads\/2026\/09\/DSC_0494-696x464.jpg 696w, https:\/\/pontodasigrejas.com\/news\/wp-content\/uploads\/2026\/09\/DSC_0494-1068x712.jpg 1068w, https:\/\/pontodasigrejas.com\/news\/wp-content\/uploads\/2026\/09\/DSC_0494-600x400.jpg 600w\" sizes=\"(max-width: 1240px) 100vw, 1240px\" alt=\"\">\r\n                            <\/a>\r\n                            \r\n                        <\/figure>\r\n                    <\/div>\r\n                    <div class = \"td-slide-item td-item19\">\r\n                        <figure class=\"td-slide-galery-figure td-slide-popup-gallery\">\r\n                            <a class=\"slide-gallery-image-link\" href=\"https:\/\/pontodasigrejas.com\/news\/wp-content\/uploads\/2026\/09\/DSC_0492.jpg\" title=\"DSC_0492\"  data-caption=\"\"  data-description=\"\">\r\n                                <img decoding=\"async\" src=\"https:\/\/pontodasigrejas.com\/news\/wp-content\/uploads\/2026\/09\/DSC_0492.jpg\" srcset=\"https:\/\/pontodasigrejas.com\/news\/wp-content\/uploads\/2026\/09\/DSC_0492.jpg 1240w, https:\/\/pontodasigrejas.com\/news\/wp-content\/uploads\/2026\/09\/DSC_0492-300x200.jpg 300w, https:\/\/pontodasigrejas.com\/news\/wp-content\/uploads\/2026\/09\/DSC_0492-1024x683.jpg 1024w, https:\/\/pontodasigrejas.com\/news\/wp-content\/uploads\/2026\/09\/DSC_0492-768x512.jpg 768w, https:\/\/pontodasigrejas.com\/news\/wp-content\/uploads\/2026\/09\/DSC_0492-150x100.jpg 150w, https:\/\/pontodasigrejas.com\/news\/wp-content\/uploads\/2026\/09\/DSC_0492-696x464.jpg 696w, https:\/\/pontodasigrejas.com\/news\/wp-content\/uploads\/2026\/09\/DSC_0492-1068x712.jpg 1068w, https:\/\/pontodasigrejas.com\/news\/wp-content\/uploads\/2026\/09\/DSC_0492-600x400.jpg 600w\" sizes=\"(max-width: 1240px) 100vw, 1240px\" alt=\"\">\r\n                            <\/a>\r\n                            \r\n                        <\/figure>\r\n                    <\/div>\r\n                    <div class = \"td-slide-item td-item20\">\r\n                        <figure class=\"td-slide-galery-figure td-slide-popup-gallery\">\r\n                            <a class=\"slide-gallery-image-link\" href=\"https:\/\/pontodasigrejas.com\/news\/wp-content\/uploads\/2026\/09\/DSC_0490.jpg\" title=\"DSC_0490\"  data-caption=\"\"  data-description=\"\">\r\n                                <img decoding=\"async\" src=\"https:\/\/pontodasigrejas.com\/news\/wp-content\/uploads\/2026\/09\/DSC_0490.jpg\" srcset=\"https:\/\/pontodasigrejas.com\/news\/wp-content\/uploads\/2026\/09\/DSC_0490.jpg 1240w, https:\/\/pontodasigrejas.com\/news\/wp-content\/uploads\/2026\/09\/DSC_0490-300x200.jpg 300w, https:\/\/pontodasigrejas.com\/news\/wp-content\/uploads\/2026\/09\/DSC_0490-1024x683.jpg 1024w, https:\/\/pontodasigrejas.com\/news\/wp-content\/uploads\/2026\/09\/DSC_0490-768x512.jpg 768w, https:\/\/pontodasigrejas.com\/news\/wp-content\/uploads\/2026\/09\/DSC_0490-150x100.jpg 150w, https:\/\/pontodasigrejas.com\/news\/wp-content\/uploads\/2026\/09\/DSC_0490-696x464.jpg 696w, https:\/\/pontodasigrejas.com\/news\/wp-content\/uploads\/2026\/09\/DSC_0490-1068x712.jpg 1068w, https:\/\/pontodasigrejas.com\/news\/wp-content\/uploads\/2026\/09\/DSC_0490-600x400.jpg 600w\" sizes=\"(max-width: 1240px) 100vw, 1240px\" alt=\"\">\r\n                            <\/a>\r\n                            \r\n                        <\/figure>\r\n                    <\/div>\r\n                    <div class = \"td-slide-item td-item21\">\r\n                        <figure class=\"td-slide-galery-figure td-slide-popup-gallery\">\r\n                            <a class=\"slide-gallery-image-link\" href=\"https:\/\/pontodasigrejas.com\/news\/wp-content\/uploads\/2026\/09\/DSC_0603.jpg\" title=\"DSC_0603\"  data-caption=\"\"  data-description=\"\">\r\n                                <img decoding=\"async\" src=\"https:\/\/pontodasigrejas.com\/news\/wp-content\/uploads\/2026\/09\/DSC_0603.jpg\" srcset=\"https:\/\/pontodasigrejas.com\/news\/wp-content\/uploads\/2026\/09\/DSC_0603.jpg 1240w, https:\/\/pontodasigrejas.com\/news\/wp-content\/uploads\/2026\/09\/DSC_0603-300x200.jpg 300w, https:\/\/pontodasigrejas.com\/news\/wp-content\/uploads\/2026\/09\/DSC_0603-1024x683.jpg 1024w, https:\/\/pontodasigrejas.com\/news\/wp-content\/uploads\/2026\/09\/DSC_0603-768x512.jpg 768w, https:\/\/pontodasigrejas.com\/news\/wp-content\/uploads\/2026\/09\/DSC_0603-150x100.jpg 150w, https:\/\/pontodasigrejas.com\/news\/wp-content\/uploads\/2026\/09\/DSC_0603-696x464.jpg 696w, https:\/\/pontodasigrejas.com\/news\/wp-content\/uploads\/2026\/09\/DSC_0603-1068x712.jpg 1068w, https:\/\/pontodasigrejas.com\/news\/wp-content\/uploads\/2026\/09\/DSC_0603-600x400.jpg 600w\" sizes=\"(max-width: 1240px) 100vw, 1240px\" alt=\"\">\r\n                            <\/a>\r\n                            \r\n                        <\/figure>\r\n                    <\/div>\r\n                    <div class = \"td-slide-item td-item22\">\r\n                        <figure class=\"td-slide-galery-figure td-slide-popup-gallery\">\r\n                            <a class=\"slide-gallery-image-link\" href=\"https:\/\/pontodasigrejas.com\/news\/wp-content\/uploads\/2026\/09\/DSC_0489.jpg\" title=\"DSC_0489\"  data-caption=\"\"  data-description=\"\">\r\n                                <img decoding=\"async\" src=\"https:\/\/pontodasigrejas.com\/news\/wp-content\/uploads\/2026\/09\/DSC_0489.jpg\" srcset=\"https:\/\/pontodasigrejas.com\/news\/wp-content\/uploads\/2026\/09\/DSC_0489.jpg 1240w, https:\/\/pontodasigrejas.com\/news\/wp-content\/uploads\/2026\/09\/DSC_0489-300x200.jpg 300w, https:\/\/pontodasigrejas.com\/news\/wp-content\/uploads\/2026\/09\/DSC_0489-1024x683.jpg 1024w, https:\/\/pontodasigrejas.com\/news\/wp-content\/uploads\/2026\/09\/DSC_0489-768x512.jpg 768w, https:\/\/pontodasigrejas.com\/news\/wp-content\/uploads\/2026\/09\/DSC_0489-150x100.jpg 150w, https:\/\/pontodasigrejas.com\/news\/wp-content\/uploads\/2026\/09\/DSC_0489-696x464.jpg 696w, https:\/\/pontodasigrejas.com\/news\/wp-content\/uploads\/2026\/09\/DSC_0489-1068x712.jpg 1068w, https:\/\/pontodasigrejas.com\/news\/wp-content\/uploads\/2026\/09\/DSC_0489-600x400.jpg 600w\" sizes=\"(max-width: 1240px) 100vw, 1240px\" alt=\"\">\r\n                            <\/a>\r\n                            \r\n                        <\/figure>\r\n                    <\/div>\r\n                    <div class = \"td-slide-item td-item23\">\r\n                        <figure class=\"td-slide-galery-figure td-slide-popup-gallery\">\r\n                            <a class=\"slide-gallery-image-link\" href=\"https:\/\/pontodasigrejas.com\/news\/wp-content\/uploads\/2026\/09\/DSC_0487.jpg\" title=\"DSC_0487\"  data-caption=\"\"  data-description=\"\">\r\n                                <img decoding=\"async\" src=\"https:\/\/pontodasigrejas.com\/news\/wp-content\/uploads\/2026\/09\/DSC_0487.jpg\" srcset=\"https:\/\/pontodasigrejas.com\/news\/wp-content\/uploads\/2026\/09\/DSC_0487.jpg 1240w, https:\/\/pontodasigrejas.com\/news\/wp-content\/uploads\/2026\/09\/DSC_0487-300x200.jpg 300w, https:\/\/pontodasigrejas.com\/news\/wp-content\/uploads\/2026\/09\/DSC_0487-1024x683.jpg 1024w, https:\/\/pontodasigrejas.com\/news\/wp-content\/uploads\/2026\/09\/DSC_0487-768x512.jpg 768w, https:\/\/pontodasigrejas.com\/news\/wp-content\/uploads\/2026\/09\/DSC_0487-150x100.jpg 150w, https:\/\/pontodasigrejas.com\/news\/wp-content\/uploads\/2026\/09\/DSC_0487-696x464.jpg 696w, https:\/\/pontodasigrejas.com\/news\/wp-content\/uploads\/2026\/09\/DSC_0487-1068x712.jpg 1068w, https:\/\/pontodasigrejas.com\/news\/wp-content\/uploads\/2026\/09\/DSC_0487-600x400.jpg 600w\" sizes=\"(max-width: 1240px) 100vw, 1240px\" alt=\"\">\r\n                            <\/a>\r\n                            \r\n                        <\/figure>\r\n                    <\/div>\r\n                    <div class = \"td-slide-item td-item24\">\r\n                        <figure class=\"td-slide-galery-figure td-slide-popup-gallery\">\r\n                            <a class=\"slide-gallery-image-link\" href=\"https:\/\/pontodasigrejas.com\/news\/wp-content\/uploads\/2026\/09\/DSC_0484.jpg\" title=\"DSC_0484\"  data-caption=\"O Minist\u00e9rio Sarando a Terra Ferida fechou o evento com louvores que marcaram os cora\u00e7\u00f5es. O grupo sempre tem confirmado presen\u00e7a ao longo dos anos. Foto: Johnny Prado @pontodasigrejas\"  data-description=\"\">\r\n                                <img decoding=\"async\" src=\"https:\/\/pontodasigrejas.com\/news\/wp-content\/uploads\/2026\/09\/DSC_0484.jpg\" srcset=\"https:\/\/pontodasigrejas.com\/news\/wp-content\/uploads\/2026\/09\/DSC_0484.jpg 1240w, https:\/\/pontodasigrejas.com\/news\/wp-content\/uploads\/2026\/09\/DSC_0484-300x200.jpg 300w, https:\/\/pontodasigrejas.com\/news\/wp-content\/uploads\/2026\/09\/DSC_0484-1024x683.jpg 1024w, https:\/\/pontodasigrejas.com\/news\/wp-content\/uploads\/2026\/09\/DSC_0484-768x512.jpg 768w, https:\/\/pontodasigrejas.com\/news\/wp-content\/uploads\/2026\/09\/DSC_0484-150x100.jpg 150w, https:\/\/pontodasigrejas.com\/news\/wp-content\/uploads\/2026\/09\/DSC_0484-696x464.jpg 696w, https:\/\/pontodasigrejas.com\/news\/wp-content\/uploads\/2026\/09\/DSC_0484-1068x712.jpg 1068w, https:\/\/pontodasigrejas.com\/news\/wp-content\/uploads\/2026\/09\/DSC_0484-600x400.jpg 600w\" sizes=\"(max-width: 1240px) 100vw, 1240px\" alt=\"\">\r\n                            <\/a>\r\n                            <figcaption class = \"td-slide-caption td-gallery-slide-content\"><div class = \"td-gallery-slide-copywrite\">O Minist\u00e9rio Sarando a Terra Ferida fechou o evento com louvores que marcaram os cora\u00e7\u00f5es. O grupo sempre tem confirmado presen\u00e7a ao longo dos anos. Foto: Johnny Prado @pontodasigrejas<\/div><\/figcaption>\r\n                        <\/figure>\r\n                    <\/div>\r\n                    <div class = \"td-slide-item td-item25\">\r\n                        <figure class=\"td-slide-galery-figure td-slide-popup-gallery\">\r\n                            <a class=\"slide-gallery-image-link\" href=\"https:\/\/pontodasigrejas.com\/news\/wp-content\/uploads\/2026\/09\/DSC_0483.jpg\" title=\"DSC_0483\"  data-caption=\"\"  data-description=\"\">\r\n                                <img decoding=\"async\" src=\"https:\/\/pontodasigrejas.com\/news\/wp-content\/uploads\/2026\/09\/DSC_0483.jpg\" srcset=\"https:\/\/pontodasigrejas.com\/news\/wp-content\/uploads\/2026\/09\/DSC_0483.jpg 1147w, https:\/\/pontodasigrejas.com\/news\/wp-content\/uploads\/2026\/09\/DSC_0483-200x300.jpg 200w, https:\/\/pontodasigrejas.com\/news\/wp-content\/uploads\/2026\/09\/DSC_0483-683x1024.jpg 683w, https:\/\/pontodasigrejas.com\/news\/wp-content\/uploads\/2026\/09\/DSC_0483-768x1152.jpg 768w, https:\/\/pontodasigrejas.com\/news\/wp-content\/uploads\/2026\/09\/DSC_0483-1024x1536.jpg 1024w, https:\/\/pontodasigrejas.com\/news\/wp-content\/uploads\/2026\/09\/DSC_0483-150x225.jpg 150w, https:\/\/pontodasigrejas.com\/news\/wp-content\/uploads\/2026\/09\/DSC_0483-300x450.jpg 300w, https:\/\/pontodasigrejas.com\/news\/wp-content\/uploads\/2026\/09\/DSC_0483-696x1044.jpg 696w, https:\/\/pontodasigrejas.com\/news\/wp-content\/uploads\/2026\/09\/DSC_0483-1068x1602.jpg 1068w, https:\/\/pontodasigrejas.com\/news\/wp-content\/uploads\/2026\/09\/DSC_0483-600x900.jpg 600w\" sizes=\"(max-width: 1147px) 100vw, 1147px\" alt=\"\">\r\n                            <\/a>\r\n                            \r\n                        <\/figure>\r\n                    <\/div>\r\n                    <div class = \"td-slide-item td-item26\">\r\n                        <figure class=\"td-slide-galery-figure td-slide-popup-gallery\">\r\n                            <a class=\"slide-gallery-image-link\" href=\"https:\/\/pontodasigrejas.com\/news\/wp-content\/uploads\/2026\/09\/DSC_0476.jpg\" title=\"DSC_0476\"  data-caption=\"\"  data-description=\"\">\r\n                                <img decoding=\"async\" src=\"https:\/\/pontodasigrejas.com\/news\/wp-content\/uploads\/2026\/09\/DSC_0476.jpg\" srcset=\"https:\/\/pontodasigrejas.com\/news\/wp-content\/uploads\/2026\/09\/DSC_0476.jpg 1240w, https:\/\/pontodasigrejas.com\/news\/wp-content\/uploads\/2026\/09\/DSC_0476-300x200.jpg 300w, https:\/\/pontodasigrejas.com\/news\/wp-content\/uploads\/2026\/09\/DSC_0476-1024x683.jpg 1024w, https:\/\/pontodasigrejas.com\/news\/wp-content\/uploads\/2026\/09\/DSC_0476-768x512.jpg 768w, https:\/\/pontodasigrejas.com\/news\/wp-content\/uploads\/2026\/09\/DSC_0476-150x100.jpg 150w, https:\/\/pontodasigrejas.com\/news\/wp-content\/uploads\/2026\/09\/DSC_0476-696x464.jpg 696w, https:\/\/pontodasigrejas.com\/news\/wp-content\/uploads\/2026\/09\/DSC_0476-1068x712.jpg 1068w, https:\/\/pontodasigrejas.com\/news\/wp-content\/uploads\/2026\/09\/DSC_0476-600x400.jpg 600w\" sizes=\"(max-width: 1240px) 100vw, 1240px\" alt=\"\">\r\n                            <\/a>\r\n                            \r\n                        <\/figure>\r\n                    <\/div>\r\n                    <div class = \"td-slide-item td-item27\">\r\n                        <figure class=\"td-slide-galery-figure td-slide-popup-gallery\">\r\n                            <a class=\"slide-gallery-image-link\" href=\"https:\/\/pontodasigrejas.com\/news\/wp-content\/uploads\/2026\/09\/DSC_0467.jpg\" title=\"DSC_0467\"  data-caption=\"\"  data-description=\"\">\r\n                                <img decoding=\"async\" src=\"https:\/\/pontodasigrejas.com\/news\/wp-content\/uploads\/2026\/09\/DSC_0467.jpg\" srcset=\"https:\/\/pontodasigrejas.com\/news\/wp-content\/uploads\/2026\/09\/DSC_0467.jpg 1240w, https:\/\/pontodasigrejas.com\/news\/wp-content\/uploads\/2026\/09\/DSC_0467-300x200.jpg 300w, https:\/\/pontodasigrejas.com\/news\/wp-content\/uploads\/2026\/09\/DSC_0467-1024x683.jpg 1024w, https:\/\/pontodasigrejas.com\/news\/wp-content\/uploads\/2026\/09\/DSC_0467-768x512.jpg 768w, https:\/\/pontodasigrejas.com\/news\/wp-content\/uploads\/2026\/09\/DSC_0467-150x100.jpg 150w, https:\/\/pontodasigrejas.com\/news\/wp-content\/uploads\/2026\/09\/DSC_0467-696x464.jpg 696w, https:\/\/pontodasigrejas.com\/news\/wp-content\/uploads\/2026\/09\/DSC_0467-1068x712.jpg 1068w, https:\/\/pontodasigrejas.com\/news\/wp-content\/uploads\/2026\/09\/DSC_0467-600x400.jpg 600w\" sizes=\"(max-width: 1240px) 100vw, 1240px\" alt=\"\">\r\n                            <\/a>\r\n                            \r\n                        <\/figure>\r\n                    <\/div>\r\n                    <div class = \"td-slide-item td-item28\">\r\n                        <figure class=\"td-slide-galery-figure td-slide-popup-gallery\">\r\n                            <a class=\"slide-gallery-image-link\" href=\"https:\/\/pontodasigrejas.com\/news\/wp-content\/uploads\/2026\/09\/DSC_0439.jpg\" title=\"DSC_0439\"  data-caption=\"\"  data-description=\"\">\r\n                                <img decoding=\"async\" src=\"https:\/\/pontodasigrejas.com\/news\/wp-content\/uploads\/2026\/09\/DSC_0439.jpg\" srcset=\"https:\/\/pontodasigrejas.com\/news\/wp-content\/uploads\/2026\/09\/DSC_0439.jpg 1240w, https:\/\/pontodasigrejas.com\/news\/wp-content\/uploads\/2026\/09\/DSC_0439-300x200.jpg 300w, https:\/\/pontodasigrejas.com\/news\/wp-content\/uploads\/2026\/09\/DSC_0439-1024x683.jpg 1024w, https:\/\/pontodasigrejas.com\/news\/wp-content\/uploads\/2026\/09\/DSC_0439-768x512.jpg 768w, https:\/\/pontodasigrejas.com\/news\/wp-content\/uploads\/2026\/09\/DSC_0439-150x100.jpg 150w, https:\/\/pontodasigrejas.com\/news\/wp-content\/uploads\/2026\/09\/DSC_0439-696x464.jpg 696w, https:\/\/pontodasigrejas.com\/news\/wp-content\/uploads\/2026\/09\/DSC_0439-1068x712.jpg 1068w, https:\/\/pontodasigrejas.com\/news\/wp-content\/uploads\/2026\/09\/DSC_0439-600x400.jpg 600w\" sizes=\"(max-width: 1240px) 100vw, 1240px\" alt=\"\">\r\n                            <\/a>\r\n                            \r\n                        <\/figure>\r\n                    <\/div>\r\n                    <div class = \"td-slide-item td-item29\">\r\n                        <figure class=\"td-slide-galery-figure td-slide-popup-gallery\">\r\n                            <a class=\"slide-gallery-image-link\" href=\"https:\/\/pontodasigrejas.com\/news\/wp-content\/uploads\/2026\/09\/DSC_0421.jpg\" title=\"DSC_0421\"  data-caption=\"Cantora gospel Andrea Fontes da MK Music. Foto: Johnny Prado @pontodasigrejas\"  data-description=\"\">\r\n                                <img decoding=\"async\" src=\"https:\/\/pontodasigrejas.com\/news\/wp-content\/uploads\/2026\/09\/DSC_0421.jpg\" srcset=\"https:\/\/pontodasigrejas.com\/news\/wp-content\/uploads\/2026\/09\/DSC_0421.jpg 1240w, https:\/\/pontodasigrejas.com\/news\/wp-content\/uploads\/2026\/09\/DSC_0421-300x200.jpg 300w, https:\/\/pontodasigrejas.com\/news\/wp-content\/uploads\/2026\/09\/DSC_0421-1024x683.jpg 1024w, https:\/\/pontodasigrejas.com\/news\/wp-content\/uploads\/2026\/09\/DSC_0421-768x512.jpg 768w, https:\/\/pontodasigrejas.com\/news\/wp-content\/uploads\/2026\/09\/DSC_0421-150x100.jpg 150w, https:\/\/pontodasigrejas.com\/news\/wp-content\/uploads\/2026\/09\/DSC_0421-696x464.jpg 696w, https:\/\/pontodasigrejas.com\/news\/wp-content\/uploads\/2026\/09\/DSC_0421-1068x712.jpg 1068w, https:\/\/pontodasigrejas.com\/news\/wp-content\/uploads\/2026\/09\/DSC_0421-600x400.jpg 600w\" sizes=\"(max-width: 1240px) 100vw, 1240px\" alt=\"\">\r\n                            <\/a>\r\n                            <figcaption class = \"td-slide-caption td-gallery-slide-content\"><div class = \"td-gallery-slide-copywrite\">Cantora gospel Andrea Fontes da MK Music. Foto: Johnny Prado @pontodasigrejas<\/div><\/figcaption>\r\n                        <\/figure>\r\n                    <\/div>\r\n                    <div class = \"td-slide-item td-item30\">\r\n                        <figure class=\"td-slide-galery-figure td-slide-popup-gallery\">\r\n                            <a class=\"slide-gallery-image-link\" href=\"https:\/\/pontodasigrejas.com\/news\/wp-content\/uploads\/2026\/09\/DSC_0391.jpg\" title=\"DSC_0391\"  data-caption=\"\"  data-description=\"\">\r\n                                <img decoding=\"async\" src=\"https:\/\/pontodasigrejas.com\/news\/wp-content\/uploads\/2026\/09\/DSC_0391.jpg\" srcset=\"https:\/\/pontodasigrejas.com\/news\/wp-content\/uploads\/2026\/09\/DSC_0391.jpg 1240w, https:\/\/pontodasigrejas.com\/news\/wp-content\/uploads\/2026\/09\/DSC_0391-300x200.jpg 300w, https:\/\/pontodasigrejas.com\/news\/wp-content\/uploads\/2026\/09\/DSC_0391-1024x683.jpg 1024w, https:\/\/pontodasigrejas.com\/news\/wp-content\/uploads\/2026\/09\/DSC_0391-768x512.jpg 768w, https:\/\/pontodasigrejas.com\/news\/wp-content\/uploads\/2026\/09\/DSC_0391-150x100.jpg 150w, https:\/\/pontodasigrejas.com\/news\/wp-content\/uploads\/2026\/09\/DSC_0391-696x464.jpg 696w, https:\/\/pontodasigrejas.com\/news\/wp-content\/uploads\/2026\/09\/DSC_0391-1068x712.jpg 1068w, https:\/\/pontodasigrejas.com\/news\/wp-content\/uploads\/2026\/09\/DSC_0391-600x400.jpg 600w\" sizes=\"(max-width: 1240px) 100vw, 1240px\" alt=\"\">\r\n                            <\/a>\r\n                            \r\n                        <\/figure>\r\n                    <\/div>\r\n                    <div class = \"td-slide-item td-item31\">\r\n                        <figure class=\"td-slide-galery-figure td-slide-popup-gallery\">\r\n                            <a class=\"slide-gallery-image-link\" href=\"https:\/\/pontodasigrejas.com\/news\/wp-content\/uploads\/2026\/09\/DSC_0378.jpg\" title=\"DSC_0378\"  data-caption=\"Cantora gospel Andrea Fontes da MK Music. Foto: Johnny Prado @pontodasigrejas\"  data-description=\"\">\r\n                                <img decoding=\"async\" src=\"https:\/\/pontodasigrejas.com\/news\/wp-content\/uploads\/2026\/09\/DSC_0378.jpg\" srcset=\"https:\/\/pontodasigrejas.com\/news\/wp-content\/uploads\/2026\/09\/DSC_0378.jpg 1240w, https:\/\/pontodasigrejas.com\/news\/wp-content\/uploads\/2026\/09\/DSC_0378-300x200.jpg 300w, https:\/\/pontodasigrejas.com\/news\/wp-content\/uploads\/2026\/09\/DSC_0378-1024x683.jpg 1024w, https:\/\/pontodasigrejas.com\/news\/wp-content\/uploads\/2026\/09\/DSC_0378-768x512.jpg 768w, https:\/\/pontodasigrejas.com\/news\/wp-content\/uploads\/2026\/09\/DSC_0378-150x100.jpg 150w, https:\/\/pontodasigrejas.com\/news\/wp-content\/uploads\/2026\/09\/DSC_0378-696x464.jpg 696w, https:\/\/pontodasigrejas.com\/news\/wp-content\/uploads\/2026\/09\/DSC_0378-1068x712.jpg 1068w, https:\/\/pontodasigrejas.com\/news\/wp-content\/uploads\/2026\/09\/DSC_0378-600x400.jpg 600w\" sizes=\"(max-width: 1240px) 100vw, 1240px\" alt=\"\">\r\n                            <\/a>\r\n                            <figcaption class = \"td-slide-caption td-gallery-slide-content\"><div class = \"td-gallery-slide-copywrite\">Cantora gospel Andrea Fontes da MK Music. Foto: Johnny Prado @pontodasigrejas<\/div><\/figcaption>\r\n                        <\/figure>\r\n                    <\/div>\r\n                    <div class = \"td-slide-item td-item32\">\r\n                        <figure class=\"td-slide-galery-figure td-slide-popup-gallery\">\r\n                            <a class=\"slide-gallery-image-link\" href=\"https:\/\/pontodasigrejas.com\/news\/wp-content\/uploads\/2026\/09\/DSC_0375.jpg\" title=\"DSC_0375\"  data-caption=\"\"  data-description=\"\">\r\n                                <img decoding=\"async\" src=\"https:\/\/pontodasigrejas.com\/news\/wp-content\/uploads\/2026\/09\/DSC_0375.jpg\" srcset=\"https:\/\/pontodasigrejas.com\/news\/wp-content\/uploads\/2026\/09\/DSC_0375.jpg 1240w, https:\/\/pontodasigrejas.com\/news\/wp-content\/uploads\/2026\/09\/DSC_0375-300x200.jpg 300w, https:\/\/pontodasigrejas.com\/news\/wp-content\/uploads\/2026\/09\/DSC_0375-1024x683.jpg 1024w, https:\/\/pontodasigrejas.com\/news\/wp-content\/uploads\/2026\/09\/DSC_0375-768x512.jpg 768w, https:\/\/pontodasigrejas.com\/news\/wp-content\/uploads\/2026\/09\/DSC_0375-150x100.jpg 150w, https:\/\/pontodasigrejas.com\/news\/wp-content\/uploads\/2026\/09\/DSC_0375-696x464.jpg 696w, https:\/\/pontodasigrejas.com\/news\/wp-content\/uploads\/2026\/09\/DSC_0375-1068x712.jpg 1068w, https:\/\/pontodasigrejas.com\/news\/wp-content\/uploads\/2026\/09\/DSC_0375-600x400.jpg 600w\" sizes=\"(max-width: 1240px) 100vw, 1240px\" alt=\"\">\r\n                            <\/a>\r\n                            \r\n                        <\/figure>\r\n                    <\/div>\r\n                    <div class = \"td-slide-item td-item33\">\r\n                        <figure class=\"td-slide-galery-figure td-slide-popup-gallery\">\r\n                            <a class=\"slide-gallery-image-link\" href=\"https:\/\/pontodasigrejas.com\/news\/wp-content\/uploads\/2026\/09\/DSC_0369.jpg\" title=\"DSC_0369\"  data-caption=\"Cantora gospel Andrea Fontes da MK Music. Foto: Johnny Prado @pontodasigrejas\"  data-description=\"\">\r\n                                <img decoding=\"async\" src=\"https:\/\/pontodasigrejas.com\/news\/wp-content\/uploads\/2026\/09\/DSC_0369.jpg\" srcset=\"https:\/\/pontodasigrejas.com\/news\/wp-content\/uploads\/2026\/09\/DSC_0369.jpg 1240w, https:\/\/pontodasigrejas.com\/news\/wp-content\/uploads\/2026\/09\/DSC_0369-300x200.jpg 300w, https:\/\/pontodasigrejas.com\/news\/wp-content\/uploads\/2026\/09\/DSC_0369-1024x683.jpg 1024w, https:\/\/pontodasigrejas.com\/news\/wp-content\/uploads\/2026\/09\/DSC_0369-768x512.jpg 768w, https:\/\/pontodasigrejas.com\/news\/wp-content\/uploads\/2026\/09\/DSC_0369-150x100.jpg 150w, https:\/\/pontodasigrejas.com\/news\/wp-content\/uploads\/2026\/09\/DSC_0369-696x464.jpg 696w, https:\/\/pontodasigrejas.com\/news\/wp-content\/uploads\/2026\/09\/DSC_0369-1068x712.jpg 1068w, https:\/\/pontodasigrejas.com\/news\/wp-content\/uploads\/2026\/09\/DSC_0369-600x400.jpg 600w\" sizes=\"(max-width: 1240px) 100vw, 1240px\" alt=\"\">\r\n                            <\/a>\r\n                            <figcaption class = \"td-slide-caption td-gallery-slide-content\"><div class = \"td-gallery-slide-copywrite\">Cantora gospel Andrea Fontes da MK Music. Foto: Johnny Prado @pontodasigrejas<\/div><\/figcaption>\r\n                        <\/figure>\r\n                    <\/div>\r\n                    <div class = \"td-slide-item td-item34\">\r\n                        <figure class=\"td-slide-galery-figure td-slide-popup-gallery\">\r\n                            <a class=\"slide-gallery-image-link\" href=\"https:\/\/pontodasigrejas.com\/news\/wp-content\/uploads\/2026\/09\/DSC_0355.jpg\" title=\"DSC_0355\"  data-caption=\"\"  data-description=\"\">\r\n                                <img decoding=\"async\" src=\"https:\/\/pontodasigrejas.com\/news\/wp-content\/uploads\/2026\/09\/DSC_0355.jpg\" srcset=\"https:\/\/pontodasigrejas.com\/news\/wp-content\/uploads\/2026\/09\/DSC_0355.jpg 1147w, https:\/\/pontodasigrejas.com\/news\/wp-content\/uploads\/2026\/09\/DSC_0355-200x300.jpg 200w, https:\/\/pontodasigrejas.com\/news\/wp-content\/uploads\/2026\/09\/DSC_0355-683x1024.jpg 683w, https:\/\/pontodasigrejas.com\/news\/wp-content\/uploads\/2026\/09\/DSC_0355-768x1152.jpg 768w, https:\/\/pontodasigrejas.com\/news\/wp-content\/uploads\/2026\/09\/DSC_0355-1024x1536.jpg 1024w, https:\/\/pontodasigrejas.com\/news\/wp-content\/uploads\/2026\/09\/DSC_0355-150x225.jpg 150w, https:\/\/pontodasigrejas.com\/news\/wp-content\/uploads\/2026\/09\/DSC_0355-300x450.jpg 300w, https:\/\/pontodasigrejas.com\/news\/wp-content\/uploads\/2026\/09\/DSC_0355-696x1044.jpg 696w, https:\/\/pontodasigrejas.com\/news\/wp-content\/uploads\/2026\/09\/DSC_0355-1068x1602.jpg 1068w, https:\/\/pontodasigrejas.com\/news\/wp-content\/uploads\/2026\/09\/DSC_0355-600x900.jpg 600w\" sizes=\"(max-width: 1147px) 100vw, 1147px\" alt=\"\">\r\n                            <\/a>\r\n                            \r\n                        <\/figure>\r\n                    <\/div>\r\n                    <div class = \"td-slide-item td-item35\">\r\n                        <figure class=\"td-slide-galery-figure td-slide-popup-gallery\">\r\n                            <a class=\"slide-gallery-image-link\" href=\"https:\/\/pontodasigrejas.com\/news\/wp-content\/uploads\/2026\/09\/DSC_0340.jpg\" title=\"DSC_0340\"  data-caption=\"\"  data-description=\"\">\r\n                                <img decoding=\"async\" src=\"https:\/\/pontodasigrejas.com\/news\/wp-content\/uploads\/2026\/09\/DSC_0340.jpg\" srcset=\"https:\/\/pontodasigrejas.com\/news\/wp-content\/uploads\/2026\/09\/DSC_0340.jpg 1240w, https:\/\/pontodasigrejas.com\/news\/wp-content\/uploads\/2026\/09\/DSC_0340-300x200.jpg 300w, https:\/\/pontodasigrejas.com\/news\/wp-content\/uploads\/2026\/09\/DSC_0340-1024x683.jpg 1024w, https:\/\/pontodasigrejas.com\/news\/wp-content\/uploads\/2026\/09\/DSC_0340-768x512.jpg 768w, https:\/\/pontodasigrejas.com\/news\/wp-content\/uploads\/2026\/09\/DSC_0340-150x100.jpg 150w, https:\/\/pontodasigrejas.com\/news\/wp-content\/uploads\/2026\/09\/DSC_0340-696x464.jpg 696w, https:\/\/pontodasigrejas.com\/news\/wp-content\/uploads\/2026\/09\/DSC_0340-1068x712.jpg 1068w, https:\/\/pontodasigrejas.com\/news\/wp-content\/uploads\/2026\/09\/DSC_0340-600x400.jpg 600w\" sizes=\"(max-width: 1240px) 100vw, 1240px\" alt=\"\">\r\n                            <\/a>\r\n                            \r\n                        <\/figure>\r\n                    <\/div>\r\n                    <div class = \"td-slide-item td-item36\">\r\n                        <figure class=\"td-slide-galery-figure td-slide-popup-gallery\">\r\n                            <a class=\"slide-gallery-image-link\" href=\"https:\/\/pontodasigrejas.com\/news\/wp-content\/uploads\/2026\/09\/DSC_0333.jpg\" title=\"DSC_0333\"  data-caption=\"\"  data-description=\"\">\r\n                                <img decoding=\"async\" src=\"https:\/\/pontodasigrejas.com\/news\/wp-content\/uploads\/2026\/09\/DSC_0333.jpg\" srcset=\"https:\/\/pontodasigrejas.com\/news\/wp-content\/uploads\/2026\/09\/DSC_0333.jpg 1240w, https:\/\/pontodasigrejas.com\/news\/wp-content\/uploads\/2026\/09\/DSC_0333-300x200.jpg 300w, https:\/\/pontodasigrejas.com\/news\/wp-content\/uploads\/2026\/09\/DSC_0333-1024x683.jpg 1024w, https:\/\/pontodasigrejas.com\/news\/wp-content\/uploads\/2026\/09\/DSC_0333-768x512.jpg 768w, https:\/\/pontodasigrejas.com\/news\/wp-content\/uploads\/2026\/09\/DSC_0333-150x100.jpg 150w, https:\/\/pontodasigrejas.com\/news\/wp-content\/uploads\/2026\/09\/DSC_0333-696x464.jpg 696w, https:\/\/pontodasigrejas.com\/news\/wp-content\/uploads\/2026\/09\/DSC_0333-1068x712.jpg 1068w, https:\/\/pontodasigrejas.com\/news\/wp-content\/uploads\/2026\/09\/DSC_0333-600x400.jpg 600w\" sizes=\"(max-width: 1240px) 100vw, 1240px\" alt=\"\">\r\n                            <\/a>\r\n                            \r\n                        <\/figure>\r\n                    <\/div>\r\n                    <div class = \"td-slide-item td-item37\">\r\n                        <figure class=\"td-slide-galery-figure td-slide-popup-gallery\">\r\n                            <a class=\"slide-gallery-image-link\" href=\"https:\/\/pontodasigrejas.com\/news\/wp-content\/uploads\/2026\/09\/DSC_0318-Aprimorado-NR.jpg\" title=\"DSC_0318-Aprimorado-NR\"  data-caption=\"Cantor nathanael Costa, da Celebrai Music, Tamb\u00e9m foi um dos cantores gospel presentes na Expo XIX da escola T\u00e9cnica Sandra Silva. Foto: Johnny Prado @pontodasigrejas\"  data-description=\"\">\r\n                                <img decoding=\"async\" src=\"https:\/\/pontodasigrejas.com\/news\/wp-content\/uploads\/2026\/09\/DSC_0318-Aprimorado-NR.jpg\" srcset=\"https:\/\/pontodasigrejas.com\/news\/wp-content\/uploads\/2026\/09\/DSC_0318-Aprimorado-NR.jpg 1240w, https:\/\/pontodasigrejas.com\/news\/wp-content\/uploads\/2026\/09\/DSC_0318-Aprimorado-NR-300x200.jpg 300w, https:\/\/pontodasigrejas.com\/news\/wp-content\/uploads\/2026\/09\/DSC_0318-Aprimorado-NR-1024x683.jpg 1024w, https:\/\/pontodasigrejas.com\/news\/wp-content\/uploads\/2026\/09\/DSC_0318-Aprimorado-NR-768x512.jpg 768w, https:\/\/pontodasigrejas.com\/news\/wp-content\/uploads\/2026\/09\/DSC_0318-Aprimorado-NR-150x100.jpg 150w, https:\/\/pontodasigrejas.com\/news\/wp-content\/uploads\/2026\/09\/DSC_0318-Aprimorado-NR-696x464.jpg 696w, https:\/\/pontodasigrejas.com\/news\/wp-content\/uploads\/2026\/09\/DSC_0318-Aprimorado-NR-1068x712.jpg 1068w, https:\/\/pontodasigrejas.com\/news\/wp-content\/uploads\/2026\/09\/DSC_0318-Aprimorado-NR-600x400.jpg 600w\" sizes=\"(max-width: 1240px) 100vw, 1240px\" alt=\"\">\r\n                            <\/a>\r\n                            <figcaption class = \"td-slide-caption td-gallery-slide-content\"><div class = \"td-gallery-slide-copywrite\">Cantor nathanael Costa, da Celebrai Music, Tamb\u00e9m foi um dos cantores gospel presentes na Expo XIX da escola T\u00e9cnica Sandra Silva. Foto: Johnny Prado @pontodasigrejas<\/div><\/figcaption>\r\n                        <\/figure>\r\n                    <\/div>\r\n                    <div class = \"td-slide-item td-item38\">\r\n                        <figure class=\"td-slide-galery-figure td-slide-popup-gallery\">\r\n                            <a class=\"slide-gallery-image-link\" href=\"https:\/\/pontodasigrejas.com\/news\/wp-content\/uploads\/2026\/09\/DSC_0312.jpg\" title=\"DSC_0312\"  data-caption=\"\"  data-description=\"\">\r\n                                <img decoding=\"async\" src=\"https:\/\/pontodasigrejas.com\/news\/wp-content\/uploads\/2026\/09\/DSC_0312.jpg\" srcset=\"https:\/\/pontodasigrejas.com\/news\/wp-content\/uploads\/2026\/09\/DSC_0312.jpg 1147w, https:\/\/pontodasigrejas.com\/news\/wp-content\/uploads\/2026\/09\/DSC_0312-200x300.jpg 200w, https:\/\/pontodasigrejas.com\/news\/wp-content\/uploads\/2026\/09\/DSC_0312-683x1024.jpg 683w, https:\/\/pontodasigrejas.com\/news\/wp-content\/uploads\/2026\/09\/DSC_0312-768x1152.jpg 768w, https:\/\/pontodasigrejas.com\/news\/wp-content\/uploads\/2026\/09\/DSC_0312-1024x1536.jpg 1024w, https:\/\/pontodasigrejas.com\/news\/wp-content\/uploads\/2026\/09\/DSC_0312-150x225.jpg 150w, https:\/\/pontodasigrejas.com\/news\/wp-content\/uploads\/2026\/09\/DSC_0312-300x450.jpg 300w, https:\/\/pontodasigrejas.com\/news\/wp-content\/uploads\/2026\/09\/DSC_0312-696x1044.jpg 696w, https:\/\/pontodasigrejas.com\/news\/wp-content\/uploads\/2026\/09\/DSC_0312-1068x1602.jpg 1068w, https:\/\/pontodasigrejas.com\/news\/wp-content\/uploads\/2026\/09\/DSC_0312-600x900.jpg 600w\" sizes=\"(max-width: 1147px) 100vw, 1147px\" alt=\"\">\r\n                            <\/a>\r\n                            \r\n                        <\/figure>\r\n                    <\/div>\r\n                    <div class = \"td-slide-item td-item39\">\r\n                        <figure class=\"td-slide-galery-figure td-slide-popup-gallery\">\r\n                            <a class=\"slide-gallery-image-link\" href=\"https:\/\/pontodasigrejas.com\/news\/wp-content\/uploads\/2026\/09\/DSC_0308.jpg\" title=\"DSC_0308\"  data-caption=\"\"  data-description=\"\">\r\n                                <img decoding=\"async\" src=\"https:\/\/pontodasigrejas.com\/news\/wp-content\/uploads\/2026\/09\/DSC_0308.jpg\" srcset=\"https:\/\/pontodasigrejas.com\/news\/wp-content\/uploads\/2026\/09\/DSC_0308.jpg 1240w, https:\/\/pontodasigrejas.com\/news\/wp-content\/uploads\/2026\/09\/DSC_0308-300x200.jpg 300w, https:\/\/pontodasigrejas.com\/news\/wp-content\/uploads\/2026\/09\/DSC_0308-1024x683.jpg 1024w, https:\/\/pontodasigrejas.com\/news\/wp-content\/uploads\/2026\/09\/DSC_0308-768x512.jpg 768w, https:\/\/pontodasigrejas.com\/news\/wp-content\/uploads\/2026\/09\/DSC_0308-150x100.jpg 150w, https:\/\/pontodasigrejas.com\/news\/wp-content\/uploads\/2026\/09\/DSC_0308-696x464.jpg 696w, https:\/\/pontodasigrejas.com\/news\/wp-content\/uploads\/2026\/09\/DSC_0308-1068x712.jpg 1068w, https:\/\/pontodasigrejas.com\/news\/wp-content\/uploads\/2026\/09\/DSC_0308-600x400.jpg 600w\" sizes=\"(max-width: 1240px) 100vw, 1240px\" alt=\"\">\r\n                            <\/a>\r\n                            \r\n                        <\/figure>\r\n                    <\/div>\r\n                    <div class = \"td-slide-item td-item40\">\r\n                        <figure class=\"td-slide-galery-figure td-slide-popup-gallery\">\r\n                            <a class=\"slide-gallery-image-link\" href=\"https:\/\/pontodasigrejas.com\/news\/wp-content\/uploads\/2026\/09\/DSC_0289.jpg\" title=\"DSC_0289\"  data-caption=\"\"  data-description=\"\">\r\n                                <img decoding=\"async\" src=\"https:\/\/pontodasigrejas.com\/news\/wp-content\/uploads\/2026\/09\/DSC_0289.jpg\" srcset=\"https:\/\/pontodasigrejas.com\/news\/wp-content\/uploads\/2026\/09\/DSC_0289.jpg 1240w, https:\/\/pontodasigrejas.com\/news\/wp-content\/uploads\/2026\/09\/DSC_0289-300x200.jpg 300w, https:\/\/pontodasigrejas.com\/news\/wp-content\/uploads\/2026\/09\/DSC_0289-1024x683.jpg 1024w, https:\/\/pontodasigrejas.com\/news\/wp-content\/uploads\/2026\/09\/DSC_0289-768x512.jpg 768w, https:\/\/pontodasigrejas.com\/news\/wp-content\/uploads\/2026\/09\/DSC_0289-150x100.jpg 150w, https:\/\/pontodasigrejas.com\/news\/wp-content\/uploads\/2026\/09\/DSC_0289-696x464.jpg 696w, https:\/\/pontodasigrejas.com\/news\/wp-content\/uploads\/2026\/09\/DSC_0289-1068x712.jpg 1068w, https:\/\/pontodasigrejas.com\/news\/wp-content\/uploads\/2026\/09\/DSC_0289-600x400.jpg 600w\" sizes=\"(max-width: 1240px) 100vw, 1240px\" alt=\"\">\r\n                            <\/a>\r\n                            \r\n                        <\/figure>\r\n                    <\/div>\r\n                    <div class = \"td-slide-item td-item41\">\r\n                        <figure class=\"td-slide-galery-figure td-slide-popup-gallery\">\r\n                            <a class=\"slide-gallery-image-link\" href=\"https:\/\/pontodasigrejas.com\/news\/wp-content\/uploads\/2026\/09\/DSC_0247.jpg\" title=\"DSC_0247\"  data-caption=\"\"  data-description=\"\">\r\n                                <img decoding=\"async\" src=\"https:\/\/pontodasigrejas.com\/news\/wp-content\/uploads\/2026\/09\/DSC_0247.jpg\" srcset=\"https:\/\/pontodasigrejas.com\/news\/wp-content\/uploads\/2026\/09\/DSC_0247.jpg 1240w, https:\/\/pontodasigrejas.com\/news\/wp-content\/uploads\/2026\/09\/DSC_0247-300x200.jpg 300w, https:\/\/pontodasigrejas.com\/news\/wp-content\/uploads\/2026\/09\/DSC_0247-1024x683.jpg 1024w, https:\/\/pontodasigrejas.com\/news\/wp-content\/uploads\/2026\/09\/DSC_0247-768x512.jpg 768w, https:\/\/pontodasigrejas.com\/news\/wp-content\/uploads\/2026\/09\/DSC_0247-150x100.jpg 150w, https:\/\/pontodasigrejas.com\/news\/wp-content\/uploads\/2026\/09\/DSC_0247-696x464.jpg 696w, https:\/\/pontodasigrejas.com\/news\/wp-content\/uploads\/2026\/09\/DSC_0247-1068x712.jpg 1068w, https:\/\/pontodasigrejas.com\/news\/wp-content\/uploads\/2026\/09\/DSC_0247-600x400.jpg 600w\" sizes=\"(max-width: 1240px) 100vw, 1240px\" alt=\"\">\r\n                            <\/a>\r\n                            \r\n                        <\/figure>\r\n                    <\/div>\r\n                    <div class = \"td-slide-item td-item42\">\r\n                        <figure class=\"td-slide-galery-figure td-slide-popup-gallery\">\r\n                            <a class=\"slide-gallery-image-link\" href=\"https:\/\/pontodasigrejas.com\/news\/wp-content\/uploads\/2026\/09\/DSC_0238.jpg\" title=\"DSC_0238\"  data-caption=\"\"  data-description=\"\">\r\n                                <img decoding=\"async\" src=\"https:\/\/pontodasigrejas.com\/news\/wp-content\/uploads\/2026\/09\/DSC_0238.jpg\" srcset=\"https:\/\/pontodasigrejas.com\/news\/wp-content\/uploads\/2026\/09\/DSC_0238.jpg 1240w, https:\/\/pontodasigrejas.com\/news\/wp-content\/uploads\/2026\/09\/DSC_0238-300x200.jpg 300w, https:\/\/pontodasigrejas.com\/news\/wp-content\/uploads\/2026\/09\/DSC_0238-1024x683.jpg 1024w, https:\/\/pontodasigrejas.com\/news\/wp-content\/uploads\/2026\/09\/DSC_0238-768x512.jpg 768w, https:\/\/pontodasigrejas.com\/news\/wp-content\/uploads\/2026\/09\/DSC_0238-150x100.jpg 150w, https:\/\/pontodasigrejas.com\/news\/wp-content\/uploads\/2026\/09\/DSC_0238-696x464.jpg 696w, https:\/\/pontodasigrejas.com\/news\/wp-content\/uploads\/2026\/09\/DSC_0238-1068x712.jpg 1068w, https:\/\/pontodasigrejas.com\/news\/wp-content\/uploads\/2026\/09\/DSC_0238-600x400.jpg 600w\" sizes=\"(max-width: 1240px) 100vw, 1240px\" alt=\"\">\r\n                            <\/a>\r\n                            \r\n                        <\/figure>\r\n                    <\/div>\r\n                    <div class = \"td-slide-item td-item43\">\r\n                        <figure class=\"td-slide-galery-figure td-slide-popup-gallery\">\r\n                            <a class=\"slide-gallery-image-link\" href=\"https:\/\/pontodasigrejas.com\/news\/wp-content\/uploads\/2026\/09\/DSC_0226.jpg\" title=\"DSC_0226\"  data-caption=\"\"  data-description=\"\">\r\n                                <img decoding=\"async\" src=\"https:\/\/pontodasigrejas.com\/news\/wp-content\/uploads\/2026\/09\/DSC_0226.jpg\" srcset=\"https:\/\/pontodasigrejas.com\/news\/wp-content\/uploads\/2026\/09\/DSC_0226.jpg 1147w, https:\/\/pontodasigrejas.com\/news\/wp-content\/uploads\/2026\/09\/DSC_0226-200x300.jpg 200w, https:\/\/pontodasigrejas.com\/news\/wp-content\/uploads\/2026\/09\/DSC_0226-683x1024.jpg 683w, https:\/\/pontodasigrejas.com\/news\/wp-content\/uploads\/2026\/09\/DSC_0226-768x1152.jpg 768w, https:\/\/pontodasigrejas.com\/news\/wp-content\/uploads\/2026\/09\/DSC_0226-1024x1536.jpg 1024w, https:\/\/pontodasigrejas.com\/news\/wp-content\/uploads\/2026\/09\/DSC_0226-150x225.jpg 150w, https:\/\/pontodasigrejas.com\/news\/wp-content\/uploads\/2026\/09\/DSC_0226-300x450.jpg 300w, https:\/\/pontodasigrejas.com\/news\/wp-content\/uploads\/2026\/09\/DSC_0226-696x1044.jpg 696w, https:\/\/pontodasigrejas.com\/news\/wp-content\/uploads\/2026\/09\/DSC_0226-1068x1602.jpg 1068w, https:\/\/pontodasigrejas.com\/news\/wp-content\/uploads\/2026\/09\/DSC_0226-600x900.jpg 600w\" sizes=\"(max-width: 1147px) 100vw, 1147px\" alt=\"\">\r\n                            <\/a>\r\n                            \r\n                        <\/figure>\r\n                    <\/div>\r\n                    <div class = \"td-slide-item td-item44\">\r\n                        <figure class=\"td-slide-galery-figure td-slide-popup-gallery\">\r\n                            <a class=\"slide-gallery-image-link\" href=\"https:\/\/pontodasigrejas.com\/news\/wp-content\/uploads\/2026\/09\/DSC_0223.jpg\" title=\"DSC_0223\"  data-caption=\"Funda\u00e7\u00e3o Mudes foi uma das parceiras presentes no evento.\"  data-description=\"\">\r\n                                <img decoding=\"async\" src=\"https:\/\/pontodasigrejas.com\/news\/wp-content\/uploads\/2026\/09\/DSC_0223.jpg\" srcset=\"https:\/\/pontodasigrejas.com\/news\/wp-content\/uploads\/2026\/09\/DSC_0223.jpg 1147w, https:\/\/pontodasigrejas.com\/news\/wp-content\/uploads\/2026\/09\/DSC_0223-200x300.jpg 200w, https:\/\/pontodasigrejas.com\/news\/wp-content\/uploads\/2026\/09\/DSC_0223-683x1024.jpg 683w, https:\/\/pontodasigrejas.com\/news\/wp-content\/uploads\/2026\/09\/DSC_0223-768x1152.jpg 768w, https:\/\/pontodasigrejas.com\/news\/wp-content\/uploads\/2026\/09\/DSC_0223-1024x1536.jpg 1024w, https:\/\/pontodasigrejas.com\/news\/wp-content\/uploads\/2026\/09\/DSC_0223-150x225.jpg 150w, https:\/\/pontodasigrejas.com\/news\/wp-content\/uploads\/2026\/09\/DSC_0223-300x450.jpg 300w, https:\/\/pontodasigrejas.com\/news\/wp-content\/uploads\/2026\/09\/DSC_0223-696x1044.jpg 696w, https:\/\/pontodasigrejas.com\/news\/wp-content\/uploads\/2026\/09\/DSC_0223-1068x1602.jpg 1068w, https:\/\/pontodasigrejas.com\/news\/wp-content\/uploads\/2026\/09\/DSC_0223-600x900.jpg 600w\" sizes=\"(max-width: 1147px) 100vw, 1147px\" alt=\"\">\r\n                            <\/a>\r\n                            <figcaption class = \"td-slide-caption td-gallery-slide-content\"><div class = \"td-gallery-slide-copywrite\">Funda\u00e7\u00e3o Mudes foi uma das parceiras presentes no evento.<\/div><\/figcaption>\r\n                        <\/figure>\r\n                    <\/div>\r\n                    <div class = \"td-slide-item td-item45\">\r\n                        <figure class=\"td-slide-galery-figure td-slide-popup-gallery\">\r\n                            <a class=\"slide-gallery-image-link\" href=\"https:\/\/pontodasigrejas.com\/news\/wp-content\/uploads\/2026\/09\/DSC_0222.jpg\" title=\"DSC_0222\"  data-caption=\"Funda\u00e7\u00e3o Mudes foi uma das parceiras presentes no evento.\"  data-description=\"\">\r\n                                <img decoding=\"async\" src=\"https:\/\/pontodasigrejas.com\/news\/wp-content\/uploads\/2026\/09\/DSC_0222.jpg\" srcset=\"https:\/\/pontodasigrejas.com\/news\/wp-content\/uploads\/2026\/09\/DSC_0222.jpg 1240w, https:\/\/pontodasigrejas.com\/news\/wp-content\/uploads\/2026\/09\/DSC_0222-300x200.jpg 300w, https:\/\/pontodasigrejas.com\/news\/wp-content\/uploads\/2026\/09\/DSC_0222-1024x683.jpg 1024w, https:\/\/pontodasigrejas.com\/news\/wp-content\/uploads\/2026\/09\/DSC_0222-768x512.jpg 768w, https:\/\/pontodasigrejas.com\/news\/wp-content\/uploads\/2026\/09\/DSC_0222-150x100.jpg 150w, https:\/\/pontodasigrejas.com\/news\/wp-content\/uploads\/2026\/09\/DSC_0222-696x464.jpg 696w, https:\/\/pontodasigrejas.com\/news\/wp-content\/uploads\/2026\/09\/DSC_0222-1068x712.jpg 1068w, https:\/\/pontodasigrejas.com\/news\/wp-content\/uploads\/2026\/09\/DSC_0222-600x400.jpg 600w\" sizes=\"(max-width: 1240px) 100vw, 1240px\" alt=\"\">\r\n                            <\/a>\r\n                            <figcaption class = \"td-slide-caption td-gallery-slide-content\"><div class = \"td-gallery-slide-copywrite\">Funda\u00e7\u00e3o Mudes foi uma das parceiras presentes no evento.<\/div><\/figcaption>\r\n                        <\/figure>\r\n                    <\/div>\r\n                    <div class = \"td-slide-item td-item46\">\r\n                        <figure class=\"td-slide-galery-figure td-slide-popup-gallery\">\r\n                            <a class=\"slide-gallery-image-link\" href=\"https:\/\/pontodasigrejas.com\/news\/wp-content\/uploads\/2026\/09\/DSC_0218.jpg\" title=\"DSC_0218\"  data-caption=\"Projeto de Lei n\u00ba 1.257\/2025, de autoria da vereadora T\u00e2nia Bastos.\"  data-description=\"\">\r\n                                <img decoding=\"async\" src=\"https:\/\/pontodasigrejas.com\/news\/wp-content\/uploads\/2026\/09\/DSC_0218.jpg\" srcset=\"https:\/\/pontodasigrejas.com\/news\/wp-content\/uploads\/2026\/09\/DSC_0218.jpg 1147w, https:\/\/pontodasigrejas.com\/news\/wp-content\/uploads\/2026\/09\/DSC_0218-200x300.jpg 200w, https:\/\/pontodasigrejas.com\/news\/wp-content\/uploads\/2026\/09\/DSC_0218-683x1024.jpg 683w, https:\/\/pontodasigrejas.com\/news\/wp-content\/uploads\/2026\/09\/DSC_0218-768x1152.jpg 768w, https:\/\/pontodasigrejas.com\/news\/wp-content\/uploads\/2026\/09\/DSC_0218-1024x1536.jpg 1024w, https:\/\/pontodasigrejas.com\/news\/wp-content\/uploads\/2026\/09\/DSC_0218-150x225.jpg 150w, https:\/\/pontodasigrejas.com\/news\/wp-content\/uploads\/2026\/09\/DSC_0218-300x450.jpg 300w, https:\/\/pontodasigrejas.com\/news\/wp-content\/uploads\/2026\/09\/DSC_0218-696x1044.jpg 696w, https:\/\/pontodasigrejas.com\/news\/wp-content\/uploads\/2026\/09\/DSC_0218-1068x1602.jpg 1068w, https:\/\/pontodasigrejas.com\/news\/wp-content\/uploads\/2026\/09\/DSC_0218-600x900.jpg 600w\" sizes=\"(max-width: 1147px) 100vw, 1147px\" alt=\"\">\r\n                            <\/a>\r\n                            <figcaption class = \"td-slide-caption td-gallery-slide-content\"><div class = \"td-gallery-slide-copywrite\">Projeto de Lei n\u00ba 1.257\/2025, de autoria da vereadora T\u00e2nia Bastos.<\/div><\/figcaption>\r\n                        <\/figure>\r\n                    <\/div>\r\n                    <div class = \"td-slide-item td-item47\">\r\n                        <figure class=\"td-slide-galery-figure td-slide-popup-gallery\">\r\n                            <a class=\"slide-gallery-image-link\" href=\"https:\/\/pontodasigrejas.com\/news\/wp-content\/uploads\/2026\/09\/DSC_0217.jpg\" title=\"DSC_0217\"  data-caption=\"\"  data-description=\"\">\r\n                                <img decoding=\"async\" src=\"https:\/\/pontodasigrejas.com\/news\/wp-content\/uploads\/2026\/09\/DSC_0217.jpg\" srcset=\"https:\/\/pontodasigrejas.com\/news\/wp-content\/uploads\/2026\/09\/DSC_0217.jpg 1240w, https:\/\/pontodasigrejas.com\/news\/wp-content\/uploads\/2026\/09\/DSC_0217-300x200.jpg 300w, https:\/\/pontodasigrejas.com\/news\/wp-content\/uploads\/2026\/09\/DSC_0217-1024x683.jpg 1024w, https:\/\/pontodasigrejas.com\/news\/wp-content\/uploads\/2026\/09\/DSC_0217-768x512.jpg 768w, https:\/\/pontodasigrejas.com\/news\/wp-content\/uploads\/2026\/09\/DSC_0217-150x100.jpg 150w, https:\/\/pontodasigrejas.com\/news\/wp-content\/uploads\/2026\/09\/DSC_0217-696x464.jpg 696w, https:\/\/pontodasigrejas.com\/news\/wp-content\/uploads\/2026\/09\/DSC_0217-1068x712.jpg 1068w, https:\/\/pontodasigrejas.com\/news\/wp-content\/uploads\/2026\/09\/DSC_0217-600x400.jpg 600w\" sizes=\"(max-width: 1240px) 100vw, 1240px\" alt=\"\">\r\n                            <\/a>\r\n                            \r\n                        <\/figure>\r\n                    <\/div>\r\n                    <div class = \"td-slide-item td-item48\">\r\n                        <figure class=\"td-slide-galery-figure td-slide-popup-gallery\">\r\n                            <a class=\"slide-gallery-image-link\" href=\"https:\/\/pontodasigrejas.com\/news\/wp-content\/uploads\/2026\/09\/DSC_0214.jpg\" title=\"DSC_0214\"  data-caption=\"\"  data-description=\"\">\r\n                                <img decoding=\"async\" src=\"https:\/\/pontodasigrejas.com\/news\/wp-content\/uploads\/2026\/09\/DSC_0214.jpg\" srcset=\"https:\/\/pontodasigrejas.com\/news\/wp-content\/uploads\/2026\/09\/DSC_0214.jpg 1240w, https:\/\/pontodasigrejas.com\/news\/wp-content\/uploads\/2026\/09\/DSC_0214-300x200.jpg 300w, https:\/\/pontodasigrejas.com\/news\/wp-content\/uploads\/2026\/09\/DSC_0214-1024x683.jpg 1024w, https:\/\/pontodasigrejas.com\/news\/wp-content\/uploads\/2026\/09\/DSC_0214-768x512.jpg 768w, https:\/\/pontodasigrejas.com\/news\/wp-content\/uploads\/2026\/09\/DSC_0214-150x100.jpg 150w, https:\/\/pontodasigrejas.com\/news\/wp-content\/uploads\/2026\/09\/DSC_0214-696x464.jpg 696w, https:\/\/pontodasigrejas.com\/news\/wp-content\/uploads\/2026\/09\/DSC_0214-1068x712.jpg 1068w, https:\/\/pontodasigrejas.com\/news\/wp-content\/uploads\/2026\/09\/DSC_0214-600x400.jpg 600w\" sizes=\"(max-width: 1240px) 100vw, 1240px\" alt=\"\">\r\n                            <\/a>\r\n                            \r\n                        <\/figure>\r\n                    <\/div>\r\n                    <div class = \"td-slide-item td-item49\">\r\n                        <figure class=\"td-slide-galery-figure td-slide-popup-gallery\">\r\n                            <a class=\"slide-gallery-image-link\" href=\"https:\/\/pontodasigrejas.com\/news\/wp-content\/uploads\/2026\/09\/DSC_0213.jpg\" title=\"DSC_0213\"  data-caption=\"\"  data-description=\"\">\r\n                                <img decoding=\"async\" src=\"https:\/\/pontodasigrejas.com\/news\/wp-content\/uploads\/2026\/09\/DSC_0213.jpg\" srcset=\"https:\/\/pontodasigrejas.com\/news\/wp-content\/uploads\/2026\/09\/DSC_0213.jpg 1147w, https:\/\/pontodasigrejas.com\/news\/wp-content\/uploads\/2026\/09\/DSC_0213-200x300.jpg 200w, https:\/\/pontodasigrejas.com\/news\/wp-content\/uploads\/2026\/09\/DSC_0213-683x1024.jpg 683w, https:\/\/pontodasigrejas.com\/news\/wp-content\/uploads\/2026\/09\/DSC_0213-768x1152.jpg 768w, https:\/\/pontodasigrejas.com\/news\/wp-content\/uploads\/2026\/09\/DSC_0213-1024x1536.jpg 1024w, https:\/\/pontodasigrejas.com\/news\/wp-content\/uploads\/2026\/09\/DSC_0213-150x225.jpg 150w, https:\/\/pontodasigrejas.com\/news\/wp-content\/uploads\/2026\/09\/DSC_0213-300x450.jpg 300w, https:\/\/pontodasigrejas.com\/news\/wp-content\/uploads\/2026\/09\/DSC_0213-696x1044.jpg 696w, https:\/\/pontodasigrejas.com\/news\/wp-content\/uploads\/2026\/09\/DSC_0213-1068x1602.jpg 1068w, https:\/\/pontodasigrejas.com\/news\/wp-content\/uploads\/2026\/09\/DSC_0213-600x900.jpg 600w\" sizes=\"(max-width: 1147px) 100vw, 1147px\" alt=\"\">\r\n                            <\/a>\r\n                            \r\n                        <\/figure>\r\n                    <\/div>\r\n                    <div class = \"td-slide-item td-item50\">\r\n                        <figure class=\"td-slide-galery-figure td-slide-popup-gallery\">\r\n                            <a class=\"slide-gallery-image-link\" href=\"https:\/\/pontodasigrejas.com\/news\/wp-content\/uploads\/2026\/09\/DSC_0206.jpg\" title=\"DSC_0206\"  data-caption=\"\"  data-description=\"\">\r\n                                <img decoding=\"async\" src=\"https:\/\/pontodasigrejas.com\/news\/wp-content\/uploads\/2026\/09\/DSC_0206.jpg\" srcset=\"https:\/\/pontodasigrejas.com\/news\/wp-content\/uploads\/2026\/09\/DSC_0206.jpg 1147w, https:\/\/pontodasigrejas.com\/news\/wp-content\/uploads\/2026\/09\/DSC_0206-200x300.jpg 200w, https:\/\/pontodasigrejas.com\/news\/wp-content\/uploads\/2026\/09\/DSC_0206-683x1024.jpg 683w, https:\/\/pontodasigrejas.com\/news\/wp-content\/uploads\/2026\/09\/DSC_0206-768x1152.jpg 768w, https:\/\/pontodasigrejas.com\/news\/wp-content\/uploads\/2026\/09\/DSC_0206-1024x1536.jpg 1024w, https:\/\/pontodasigrejas.com\/news\/wp-content\/uploads\/2026\/09\/DSC_0206-150x225.jpg 150w, https:\/\/pontodasigrejas.com\/news\/wp-content\/uploads\/2026\/09\/DSC_0206-300x450.jpg 300w, https:\/\/pontodasigrejas.com\/news\/wp-content\/uploads\/2026\/09\/DSC_0206-696x1044.jpg 696w, https:\/\/pontodasigrejas.com\/news\/wp-content\/uploads\/2026\/09\/DSC_0206-1068x1602.jpg 1068w, https:\/\/pontodasigrejas.com\/news\/wp-content\/uploads\/2026\/09\/DSC_0206-600x900.jpg 600w\" sizes=\"(max-width: 1147px) 100vw, 1147px\" alt=\"\">\r\n                            <\/a>\r\n                            \r\n                        <\/figure>\r\n                    <\/div>\r\n                    <div class = \"td-slide-item td-item51\">\r\n                        <figure class=\"td-slide-galery-figure td-slide-popup-gallery\">\r\n                            <a class=\"slide-gallery-image-link\" href=\"https:\/\/pontodasigrejas.com\/news\/wp-content\/uploads\/2026\/09\/DSC_0190.jpg\" title=\"DSC_0190\"  data-caption=\"EcoRio - um dos projetos apresentados na Expo Tecnol\u00f3gica foi uma das sensa\u00e7\u00f5es do evento. Uso de energia solar e conserva\u00e7\u00e3o do meio ambiente.\"  data-description=\"\">\r\n                                <img decoding=\"async\" src=\"https:\/\/pontodasigrejas.com\/news\/wp-content\/uploads\/2026\/09\/DSC_0190.jpg\" srcset=\"https:\/\/pontodasigrejas.com\/news\/wp-content\/uploads\/2026\/09\/DSC_0190.jpg 1240w, https:\/\/pontodasigrejas.com\/news\/wp-content\/uploads\/2026\/09\/DSC_0190-300x200.jpg 300w, https:\/\/pontodasigrejas.com\/news\/wp-content\/uploads\/2026\/09\/DSC_0190-1024x683.jpg 1024w, https:\/\/pontodasigrejas.com\/news\/wp-content\/uploads\/2026\/09\/DSC_0190-768x512.jpg 768w, https:\/\/pontodasigrejas.com\/news\/wp-content\/uploads\/2026\/09\/DSC_0190-150x100.jpg 150w, https:\/\/pontodasigrejas.com\/news\/wp-content\/uploads\/2026\/09\/DSC_0190-696x464.jpg 696w, https:\/\/pontodasigrejas.com\/news\/wp-content\/uploads\/2026\/09\/DSC_0190-1068x712.jpg 1068w, https:\/\/pontodasigrejas.com\/news\/wp-content\/uploads\/2026\/09\/DSC_0190-600x400.jpg 600w\" sizes=\"(max-width: 1240px) 100vw, 1240px\" alt=\"\">\r\n                            <\/a>\r\n                            <figcaption class = \"td-slide-caption td-gallery-slide-content\"><div class = \"td-gallery-slide-copywrite\">EcoRio - um dos projetos apresentados na Expo Tecnol\u00f3gica foi uma das sensa\u00e7\u00f5es do evento. Uso de energia solar e conserva\u00e7\u00e3o do meio ambiente.<\/div><\/figcaption>\r\n                        <\/figure>\r\n                    <\/div>\r\n                    <div class = \"td-slide-item td-item52\">\r\n                        <figure class=\"td-slide-galery-figure td-slide-popup-gallery\">\r\n                            <a class=\"slide-gallery-image-link\" href=\"https:\/\/pontodasigrejas.com\/news\/wp-content\/uploads\/2026\/09\/DSC_0182.jpg\" title=\"DSC_0182\"  data-caption=\"\"  data-description=\"\">\r\n                                <img decoding=\"async\" src=\"https:\/\/pontodasigrejas.com\/news\/wp-content\/uploads\/2026\/09\/DSC_0182.jpg\" srcset=\"https:\/\/pontodasigrejas.com\/news\/wp-content\/uploads\/2026\/09\/DSC_0182.jpg 1147w, https:\/\/pontodasigrejas.com\/news\/wp-content\/uploads\/2026\/09\/DSC_0182-200x300.jpg 200w, https:\/\/pontodasigrejas.com\/news\/wp-content\/uploads\/2026\/09\/DSC_0182-683x1024.jpg 683w, https:\/\/pontodasigrejas.com\/news\/wp-content\/uploads\/2026\/09\/DSC_0182-768x1152.jpg 768w, https:\/\/pontodasigrejas.com\/news\/wp-content\/uploads\/2026\/09\/DSC_0182-1024x1536.jpg 1024w, https:\/\/pontodasigrejas.com\/news\/wp-content\/uploads\/2026\/09\/DSC_0182-150x225.jpg 150w, https:\/\/pontodasigrejas.com\/news\/wp-content\/uploads\/2026\/09\/DSC_0182-300x450.jpg 300w, https:\/\/pontodasigrejas.com\/news\/wp-content\/uploads\/2026\/09\/DSC_0182-696x1044.jpg 696w, https:\/\/pontodasigrejas.com\/news\/wp-content\/uploads\/2026\/09\/DSC_0182-1068x1602.jpg 1068w, https:\/\/pontodasigrejas.com\/news\/wp-content\/uploads\/2026\/09\/DSC_0182-600x900.jpg 600w\" sizes=\"(max-width: 1147px) 100vw, 1147px\" alt=\"\">\r\n                            <\/a>\r\n                            \r\n                        <\/figure>\r\n                    <\/div>\r\n                    <div class = \"td-slide-item td-item53\">\r\n                        <figure class=\"td-slide-galery-figure td-slide-popup-gallery\">\r\n                            <a class=\"slide-gallery-image-link\" href=\"https:\/\/pontodasigrejas.com\/news\/wp-content\/uploads\/2026\/09\/DSC_0178-Aprimorado-NR.jpg\" title=\"DSC_0178-Aprimorado-NR\"  data-caption=\"\"  data-description=\"\">\r\n                                <img decoding=\"async\" src=\"https:\/\/pontodasigrejas.com\/news\/wp-content\/uploads\/2026\/09\/DSC_0178-Aprimorado-NR.jpg\" srcset=\"https:\/\/pontodasigrejas.com\/news\/wp-content\/uploads\/2026\/09\/DSC_0178-Aprimorado-NR.jpg 1240w, https:\/\/pontodasigrejas.com\/news\/wp-content\/uploads\/2026\/09\/DSC_0178-Aprimorado-NR-300x200.jpg 300w, https:\/\/pontodasigrejas.com\/news\/wp-content\/uploads\/2026\/09\/DSC_0178-Aprimorado-NR-1024x683.jpg 1024w, https:\/\/pontodasigrejas.com\/news\/wp-content\/uploads\/2026\/09\/DSC_0178-Aprimorado-NR-768x512.jpg 768w, https:\/\/pontodasigrejas.com\/news\/wp-content\/uploads\/2026\/09\/DSC_0178-Aprimorado-NR-150x100.jpg 150w, https:\/\/pontodasigrejas.com\/news\/wp-content\/uploads\/2026\/09\/DSC_0178-Aprimorado-NR-696x464.jpg 696w, https:\/\/pontodasigrejas.com\/news\/wp-content\/uploads\/2026\/09\/DSC_0178-Aprimorado-NR-1068x712.jpg 1068w, https:\/\/pontodasigrejas.com\/news\/wp-content\/uploads\/2026\/09\/DSC_0178-Aprimorado-NR-600x400.jpg 600w\" sizes=\"(max-width: 1240px) 100vw, 1240px\" alt=\"\">\r\n                            <\/a>\r\n                            \r\n                        <\/figure>\r\n                    <\/div>\r\n                    <div class = \"td-slide-item td-item54\">\r\n                        <figure class=\"td-slide-galery-figure td-slide-popup-gallery\">\r\n                            <a class=\"slide-gallery-image-link\" href=\"https:\/\/pontodasigrejas.com\/news\/wp-content\/uploads\/2026\/09\/DSC_0152.jpg\" title=\"DSC_0152\"  data-caption=\"\"  data-description=\"\">\r\n                                <img decoding=\"async\" src=\"https:\/\/pontodasigrejas.com\/news\/wp-content\/uploads\/2026\/09\/DSC_0152.jpg\" srcset=\"https:\/\/pontodasigrejas.com\/news\/wp-content\/uploads\/2026\/09\/DSC_0152.jpg 1147w, https:\/\/pontodasigrejas.com\/news\/wp-content\/uploads\/2026\/09\/DSC_0152-200x300.jpg 200w, https:\/\/pontodasigrejas.com\/news\/wp-content\/uploads\/2026\/09\/DSC_0152-683x1024.jpg 683w, https:\/\/pontodasigrejas.com\/news\/wp-content\/uploads\/2026\/09\/DSC_0152-768x1152.jpg 768w, https:\/\/pontodasigrejas.com\/news\/wp-content\/uploads\/2026\/09\/DSC_0152-1024x1536.jpg 1024w, https:\/\/pontodasigrejas.com\/news\/wp-content\/uploads\/2026\/09\/DSC_0152-150x225.jpg 150w, https:\/\/pontodasigrejas.com\/news\/wp-content\/uploads\/2026\/09\/DSC_0152-300x450.jpg 300w, https:\/\/pontodasigrejas.com\/news\/wp-content\/uploads\/2026\/09\/DSC_0152-696x1044.jpg 696w, https:\/\/pontodasigrejas.com\/news\/wp-content\/uploads\/2026\/09\/DSC_0152-1068x1602.jpg 1068w, https:\/\/pontodasigrejas.com\/news\/wp-content\/uploads\/2026\/09\/DSC_0152-600x900.jpg 600w\" sizes=\"(max-width: 1147px) 100vw, 1147px\" alt=\"\">\r\n                            <\/a>\r\n                            \r\n                        <\/figure>\r\n                    <\/div>\r\n                    <div class = \"td-slide-item td-item55\">\r\n                        <figure class=\"td-slide-galery-figure td-slide-popup-gallery\">\r\n                            <a class=\"slide-gallery-image-link\" href=\"https:\/\/pontodasigrejas.com\/news\/wp-content\/uploads\/2026\/09\/DSC_0144.jpg\" title=\"DSC_0144\"  data-caption=\"\"  data-description=\"\">\r\n                                <img decoding=\"async\" src=\"https:\/\/pontodasigrejas.com\/news\/wp-content\/uploads\/2026\/09\/DSC_0144.jpg\" srcset=\"https:\/\/pontodasigrejas.com\/news\/wp-content\/uploads\/2026\/09\/DSC_0144.jpg 1240w, https:\/\/pontodasigrejas.com\/news\/wp-content\/uploads\/2026\/09\/DSC_0144-300x200.jpg 300w, https:\/\/pontodasigrejas.com\/news\/wp-content\/uploads\/2026\/09\/DSC_0144-1024x683.jpg 1024w, https:\/\/pontodasigrejas.com\/news\/wp-content\/uploads\/2026\/09\/DSC_0144-768x512.jpg 768w, https:\/\/pontodasigrejas.com\/news\/wp-content\/uploads\/2026\/09\/DSC_0144-150x100.jpg 150w, https:\/\/pontodasigrejas.com\/news\/wp-content\/uploads\/2026\/09\/DSC_0144-696x464.jpg 696w, https:\/\/pontodasigrejas.com\/news\/wp-content\/uploads\/2026\/09\/DSC_0144-1068x712.jpg 1068w, https:\/\/pontodasigrejas.com\/news\/wp-content\/uploads\/2026\/09\/DSC_0144-600x400.jpg 600w\" sizes=\"(max-width: 1240px) 100vw, 1240px\" alt=\"\">\r\n                            <\/a>\r\n                            \r\n                        <\/figure>\r\n                    <\/div>\r\n                    <div class = \"td-slide-item td-item56\">\r\n                        <figure class=\"td-slide-galery-figure td-slide-popup-gallery\">\r\n                            <a class=\"slide-gallery-image-link\" href=\"https:\/\/pontodasigrejas.com\/news\/wp-content\/uploads\/2026\/09\/DSC_0142.jpg\" title=\"DSC_0142\"  data-caption=\"Sandra silva em um dos stards de projetos. Projeto EcoRio (Energia solar e Reciclagem)\"  data-description=\"\">\r\n                                <img decoding=\"async\" src=\"https:\/\/pontodasigrejas.com\/news\/wp-content\/uploads\/2026\/09\/DSC_0142.jpg\" srcset=\"https:\/\/pontodasigrejas.com\/news\/wp-content\/uploads\/2026\/09\/DSC_0142.jpg 1240w, https:\/\/pontodasigrejas.com\/news\/wp-content\/uploads\/2026\/09\/DSC_0142-300x200.jpg 300w, https:\/\/pontodasigrejas.com\/news\/wp-content\/uploads\/2026\/09\/DSC_0142-1024x683.jpg 1024w, https:\/\/pontodasigrejas.com\/news\/wp-content\/uploads\/2026\/09\/DSC_0142-768x512.jpg 768w, https:\/\/pontodasigrejas.com\/news\/wp-content\/uploads\/2026\/09\/DSC_0142-150x100.jpg 150w, https:\/\/pontodasigrejas.com\/news\/wp-content\/uploads\/2026\/09\/DSC_0142-696x464.jpg 696w, https:\/\/pontodasigrejas.com\/news\/wp-content\/uploads\/2026\/09\/DSC_0142-1068x712.jpg 1068w, https:\/\/pontodasigrejas.com\/news\/wp-content\/uploads\/2026\/09\/DSC_0142-600x400.jpg 600w\" sizes=\"(max-width: 1240px) 100vw, 1240px\" alt=\"\">\r\n                            <\/a>\r\n                            <figcaption class = \"td-slide-caption td-gallery-slide-content\"><div class = \"td-gallery-slide-copywrite\">Sandra silva em um dos stards de projetos. Projeto EcoRio (Energia solar e Reciclagem)<\/div><\/figcaption>\r\n                        <\/figure>\r\n                    <\/div>\r\n                    <div class = \"td-slide-item td-item57\">\r\n                        <figure class=\"td-slide-galery-figure td-slide-popup-gallery\">\r\n                            <a class=\"slide-gallery-image-link\" href=\"https:\/\/pontodasigrejas.com\/news\/wp-content\/uploads\/2026\/09\/DSC_0138.jpg\" title=\"DSC_0138\"  data-caption=\"\"  data-description=\"\">\r\n                                <img decoding=\"async\" src=\"https:\/\/pontodasigrejas.com\/news\/wp-content\/uploads\/2026\/09\/DSC_0138.jpg\" srcset=\"https:\/\/pontodasigrejas.com\/news\/wp-content\/uploads\/2026\/09\/DSC_0138.jpg 1240w, https:\/\/pontodasigrejas.com\/news\/wp-content\/uploads\/2026\/09\/DSC_0138-300x200.jpg 300w, https:\/\/pontodasigrejas.com\/news\/wp-content\/uploads\/2026\/09\/DSC_0138-1024x683.jpg 1024w, https:\/\/pontodasigrejas.com\/news\/wp-content\/uploads\/2026\/09\/DSC_0138-768x512.jpg 768w, https:\/\/pontodasigrejas.com\/news\/wp-content\/uploads\/2026\/09\/DSC_0138-150x100.jpg 150w, https:\/\/pontodasigrejas.com\/news\/wp-content\/uploads\/2026\/09\/DSC_0138-696x464.jpg 696w, https:\/\/pontodasigrejas.com\/news\/wp-content\/uploads\/2026\/09\/DSC_0138-1068x712.jpg 1068w, https:\/\/pontodasigrejas.com\/news\/wp-content\/uploads\/2026\/09\/DSC_0138-600x400.jpg 600w\" sizes=\"(max-width: 1240px) 100vw, 1240px\" alt=\"\">\r\n                            <\/a>\r\n                            \r\n                        <\/figure>\r\n                    <\/div>\r\n                    <div class = \"td-slide-item td-item58\">\r\n                        <figure class=\"td-slide-galery-figure td-slide-popup-gallery\">\r\n                            <a class=\"slide-gallery-image-link\" href=\"https:\/\/pontodasigrejas.com\/news\/wp-content\/uploads\/2026\/09\/DSC_0135.jpg\" title=\"DSC_0135\"  data-caption=\"\"  data-description=\"\">\r\n                                <img decoding=\"async\" src=\"https:\/\/pontodasigrejas.com\/news\/wp-content\/uploads\/2026\/09\/DSC_0135.jpg\" srcset=\"https:\/\/pontodasigrejas.com\/news\/wp-content\/uploads\/2026\/09\/DSC_0135.jpg 1240w, https:\/\/pontodasigrejas.com\/news\/wp-content\/uploads\/2026\/09\/DSC_0135-300x200.jpg 300w, https:\/\/pontodasigrejas.com\/news\/wp-content\/uploads\/2026\/09\/DSC_0135-1024x683.jpg 1024w, https:\/\/pontodasigrejas.com\/news\/wp-content\/uploads\/2026\/09\/DSC_0135-768x512.jpg 768w, https:\/\/pontodasigrejas.com\/news\/wp-content\/uploads\/2026\/09\/DSC_0135-150x100.jpg 150w, https:\/\/pontodasigrejas.com\/news\/wp-content\/uploads\/2026\/09\/DSC_0135-696x464.jpg 696w, https:\/\/pontodasigrejas.com\/news\/wp-content\/uploads\/2026\/09\/DSC_0135-1068x712.jpg 1068w, https:\/\/pontodasigrejas.com\/news\/wp-content\/uploads\/2026\/09\/DSC_0135-600x400.jpg 600w\" sizes=\"(max-width: 1240px) 100vw, 1240px\" alt=\"\">\r\n                            <\/a>\r\n                            \r\n                        <\/figure>\r\n                    <\/div>\r\n                    <div class = \"td-slide-item td-item59\">\r\n                        <figure class=\"td-slide-galery-figure td-slide-popup-gallery\">\r\n                            <a class=\"slide-gallery-image-link\" href=\"https:\/\/pontodasigrejas.com\/news\/wp-content\/uploads\/2026\/09\/DSC_0115.jpg\" title=\"DSC_0115\"  data-caption=\"Escola Tecnica Sandra Silva celevra 25 anos de sucesso com muito louvo na XIX Expo Tecnil\u00f3gina da escola.\"  data-description=\"\">\r\n                                <img decoding=\"async\" src=\"https:\/\/pontodasigrejas.com\/news\/wp-content\/uploads\/2026\/09\/DSC_0115.jpg\" srcset=\"https:\/\/pontodasigrejas.com\/news\/wp-content\/uploads\/2026\/09\/DSC_0115.jpg 1240w, https:\/\/pontodasigrejas.com\/news\/wp-content\/uploads\/2026\/09\/DSC_0115-300x200.jpg 300w, https:\/\/pontodasigrejas.com\/news\/wp-content\/uploads\/2026\/09\/DSC_0115-1024x683.jpg 1024w, https:\/\/pontodasigrejas.com\/news\/wp-content\/uploads\/2026\/09\/DSC_0115-768x512.jpg 768w, https:\/\/pontodasigrejas.com\/news\/wp-content\/uploads\/2026\/09\/DSC_0115-150x100.jpg 150w, https:\/\/pontodasigrejas.com\/news\/wp-content\/uploads\/2026\/09\/DSC_0115-696x464.jpg 696w, https:\/\/pontodasigrejas.com\/news\/wp-content\/uploads\/2026\/09\/DSC_0115-1068x712.jpg 1068w, https:\/\/pontodasigrejas.com\/news\/wp-content\/uploads\/2026\/09\/DSC_0115-600x400.jpg 600w\" sizes=\"(max-width: 1240px) 100vw, 1240px\" alt=\"\">\r\n                            <\/a>\r\n                            <figcaption class = \"td-slide-caption td-gallery-slide-content\"><div class = \"td-gallery-slide-copywrite\">Escola Tecnica Sandra Silva celevra 25 anos de sucesso com muito louvo na XIX Expo Tecnil\u00f3gina da escola.<\/div><\/figcaption>\r\n                        <\/figure>\r\n                    <\/div>\r\n                    <div class = \"td-slide-item td-item60\">\r\n                        <figure class=\"td-slide-galery-figure td-slide-popup-gallery\">\r\n                            <a class=\"slide-gallery-image-link\" href=\"https:\/\/pontodasigrejas.com\/news\/wp-content\/uploads\/2026\/09\/DSC_0615.jpg\" title=\"DSC_0615\"  data-caption=\"\"  data-description=\"\">\r\n                                <img decoding=\"async\" src=\"https:\/\/pontodasigrejas.com\/news\/wp-content\/uploads\/2026\/09\/DSC_0615.jpg\" srcset=\"https:\/\/pontodasigrejas.com\/news\/wp-content\/uploads\/2026\/09\/DSC_0615.jpg 1240w, https:\/\/pontodasigrejas.com\/news\/wp-content\/uploads\/2026\/09\/DSC_0615-300x200.jpg 300w, https:\/\/pontodasigrejas.com\/news\/wp-content\/uploads\/2026\/09\/DSC_0615-1024x683.jpg 1024w, https:\/\/pontodasigrejas.com\/news\/wp-content\/uploads\/2026\/09\/DSC_0615-768x512.jpg 768w, https:\/\/pontodasigrejas.com\/news\/wp-content\/uploads\/2026\/09\/DSC_0615-150x100.jpg 150w, https:\/\/pontodasigrejas.com\/news\/wp-content\/uploads\/2026\/09\/DSC_0615-696x464.jpg 696w, https:\/\/pontodasigrejas.com\/news\/wp-content\/uploads\/2026\/09\/DSC_0615-1068x712.jpg 1068w, https:\/\/pontodasigrejas.com\/news\/wp-content\/uploads\/2026\/09\/DSC_0615-600x400.jpg 600w\" sizes=\"(max-width: 1240px) 100vw, 1240px\" alt=\"\">\r\n                            <\/a>\r\n                            \r\n                        <\/figure>\r\n                    <\/div>\r\n                            <\/div>\r\n                        <\/div>\r\n\r\n                        <div class = \"td-doubleSlider-2\">\r\n                            <div class = \"td-slider\">\r\n                                \r\n                    <div class = \"td-button td-item1\">\r\n                        <div class = \"td-border\"><\/div>\r\n                    <\/div>\r\n                    <div class = \"td-button td-item2\">\r\n                        <div class = \"td-border\"><\/div>\r\n                    <\/div>\r\n                    <div class = \"td-button td-item3\">\r\n                        <div class = \"td-border\"><\/div>\r\n                    <\/div>\r\n                    <div class = \"td-button td-item4\">\r\n                        <div class = \"td-border\"><\/div>\r\n                    <\/div>\r\n                    <div class = \"td-button td-item5\">\r\n                        <div class = \"td-border\"><\/div>\r\n                    <\/div>\r\n                    <div class = \"td-button td-item6\">\r\n                        <div class = \"td-border\"><\/div>\r\n                    <\/div>\r\n                    <div class = \"td-button td-item7\">\r\n                        <div class = \"td-border\"><\/div>\r\n                    <\/div>\r\n                    <div class = \"td-button td-item8\">\r\n                        <div class = \"td-border\"><\/div>\r\n                    <\/div>\r\n                    <div class = \"td-button td-item9\">\r\n                        <div class = \"td-border\"><\/div>\r\n                    <\/div>\r\n                    <div class = \"td-button td-item10\">\r\n                        <div class = \"td-border\"><\/div>\r\n                    <\/div>\r\n                    <div class = \"td-button td-item11\">\r\n                        <div class = \"td-border\"><\/div>\r\n                    <\/div>\r\n                    <div class = \"td-button td-item12\">\r\n                        <div class = \"td-border\"><\/div>\r\n                    <\/div>\r\n                    <div class = \"td-button td-item13\">\r\n                        <div class = \"td-border\"><\/div>\r\n                    <\/div>\r\n                    <div class = \"td-button td-item14\">\r\n                        <div class = \"td-border\"><\/div>\r\n                    <\/div>\r\n                    <div class = \"td-button td-item15\">\r\n                        <div class = \"td-border\"><\/div>\r\n                    <\/div>\r\n                    <div class = \"td-button td-item16\">\r\n                        <div class = \"td-border\"><\/div>\r\n                    <\/div>\r\n                    <div class = \"td-button td-item17\">\r\n                        <div class = \"td-border\"><\/div>\r\n                    <\/div>\r\n                    <div class = \"td-button td-item18\">\r\n                        <div class = \"td-border\"><\/div>\r\n                    <\/div>\r\n                    <div class = \"td-button td-item19\">\r\n                        <div class = \"td-border\"><\/div>\r\n                    <\/div>\r\n                    <div class = \"td-button td-item20\">\r\n                        <div class = \"td-border\"><\/div>\r\n                    <\/div>\r\n                    <div class = \"td-button td-item21\">\r\n                        <div class = \"td-border\"><\/div>\r\n                    <\/div>\r\n                    <div class = \"td-button td-item22\">\r\n                        <div class = \"td-border\"><\/div>\r\n                    <\/div>\r\n                    <div class = \"td-button td-item23\">\r\n                        <div class = \"td-border\"><\/div>\r\n                    <\/div>\r\n                    <div class = \"td-button td-item24\">\r\n                        <div class = \"td-border\"><\/div>\r\n                    <\/div>\r\n                    <div class = \"td-button td-item25\">\r\n                        <div class = \"td-border\"><\/div>\r\n                    <\/div>\r\n                    <div class = \"td-button td-item26\">\r\n                        <div class = \"td-border\"><\/div>\r\n                    <\/div>\r\n                    <div class = \"td-button td-item27\">\r\n                        <div class = \"td-border\"><\/div>\r\n                    <\/div>\r\n                    <div class = \"td-button td-item28\">\r\n                        <div class = \"td-border\"><\/div>\r\n                    <\/div>\r\n                    <div class = \"td-button td-item29\">\r\n                        <div class = \"td-border\"><\/div>\r\n                    <\/div>\r\n                    <div class = \"td-button td-item30\">\r\n                        <div class = \"td-border\"><\/div>\r\n                    <\/div>\r\n                    <div class = \"td-button td-item31\">\r\n                        <div class = \"td-border\"><\/div>\r\n                    <\/div>\r\n                    <div class = \"td-button td-item32\">\r\n                        <div class = \"td-border\"><\/div>\r\n                    <\/div>\r\n                    <div class = \"td-button td-item33\">\r\n                        <div class = \"td-border\"><\/div>\r\n                    <\/div>\r\n                    <div class = \"td-button td-item34\">\r\n                        <div class = \"td-border\"><\/div>\r\n                    <\/div>\r\n                    <div class = \"td-button td-item35\">\r\n                        <div class = \"td-border\"><\/div>\r\n                    <\/div>\r\n                    <div class = \"td-button td-item36\">\r\n                        <div class = \"td-border\"><\/div>\r\n                    <\/div>\r\n                    <div class = \"td-button td-item37\">\r\n                        <div class = \"td-border\"><\/div>\r\n                    <\/div>\r\n                    <div class = \"td-button td-item38\">\r\n                        <div class = \"td-border\"><\/div>\r\n                    <\/div>\r\n                    <div class = \"td-button td-item39\">\r\n                        <div class = \"td-border\"><\/div>\r\n                    <\/div>\r\n                    <div class = \"td-button td-item40\">\r\n                        <div class = \"td-border\"><\/div>\r\n                    <\/div>\r\n                    <div class = \"td-button td-item41\">\r\n                        <div class = \"td-border\"><\/div>\r\n                    <\/div>\r\n                    <div class = \"td-button td-item42\">\r\n                        <div class = \"td-border\"><\/div>\r\n                    <\/div>\r\n                    <div class = \"td-button td-item43\">\r\n                        <div class = \"td-border\"><\/div>\r\n                    <\/div>\r\n                    <div class = \"td-button td-item44\">\r\n                        <div class = \"td-border\"><\/div>\r\n                    <\/div>\r\n                    <div class = \"td-button td-item45\">\r\n                        <div class = \"td-border\"><\/div>\r\n                    <\/div>\r\n                    <div class = \"td-button td-item46\">\r\n                        <div class = \"td-border\"><\/div>\r\n                    <\/div>\r\n                    <div class = \"td-button td-item47\">\r\n                        <div class = \"td-border\"><\/div>\r\n                    <\/div>\r\n                    <div class = \"td-button td-item48\">\r\n                        <div class = \"td-border\"><\/div>\r\n                    <\/div>\r\n                    <div class = \"td-button td-item49\">\r\n                        <div class = \"td-border\"><\/div>\r\n                    <\/div>\r\n                    <div class = \"td-button td-item50\">\r\n                        <div class = \"td-border\"><\/div>\r\n                    <\/div>\r\n                    <div class = \"td-button td-item51\">\r\n                        <div class = \"td-border\"><\/div>\r\n                    <\/div>\r\n                    <div class = \"td-button td-item52\">\r\n                        <div class = \"td-border\"><\/div>\r\n                    <\/div>\r\n                    <div class = \"td-button td-item53\">\r\n                        <div class = \"td-border\"><\/div>\r\n                    <\/div>\r\n                    <div class = \"td-button td-item54\">\r\n                        <div class = \"td-border\"><\/div>\r\n                    <\/div>\r\n                    <div class = \"td-button td-item55\">\r\n                        <div class = \"td-border\"><\/div>\r\n                    <\/div>\r\n                    <div class = \"td-button td-item56\">\r\n                        <div class = \"td-border\"><\/div>\r\n                    <\/div>\r\n                    <div class = \"td-button td-item57\">\r\n                        <div class = \"td-border\"><\/div>\r\n                    <\/div>\r\n                    <div class = \"td-button td-item58\">\r\n                        <div class = \"td-border\"><\/div>\r\n                    <\/div>\r\n                    <div class = \"td-button td-item59\">\r\n                        <div class = \"td-border\"><\/div>\r\n                    <\/div>\r\n                    <div class = \"td-button td-item60\">\r\n                        <div class = \"td-border\"><\/div>\r\n                    <\/div>\r\n                            <\/div>\r\n                        <\/div>\r\n\r\n                    <\/div>\r\n\r\n                <\/div>\r\n                \n<p>Confira o V\u00eddeo<\/p>\n<blockquote class=\"instagram-media\" style=\"background: #FFF; border: 0; border-radius: 3px; box-shadow: 0 0 1px 0 rgba(0,0,0,0.5),0 1px 10px 0 rgba(0,0,0,0.15); margin: 1px; max-width: 540px; min-width: 326px; padding: 0; width: calc(100% - 2px);\" data-instgrm-permalink=\"https:\/\/www.instagram.com\/reel\/DcwGXeahwZq\/?utm_source=ig_embed&amp;utm_campaign=loading\" data-instgrm-version=\"14\">\n<div style=\"padding: 16px;\">\n<p>&nbsp;<\/p>\n<div style=\"display: flex; flex-direction: row; align-items: center;\">\n<div style=\"background-color: #f4f4f4; border-radius: 50%; flex-grow: 0; height: 40px; margin-right: 14px; width: 40px;\"><\/div>\n<div style=\"display: flex; flex-direction: column; flex-grow: 1; justify-content: center;\">\n<div style=\"background-color: #f4f4f4; border-radius: 4px; flex-grow: 0; height: 14px; margin-bottom: 6px; width: 100px;\"><\/div>\n<div style=\"background-color: #f4f4f4; border-radius: 4px; flex-grow: 0; height: 14px; width: 60px;\"><\/div>\n<\/div>\n<\/div>\n<div style=\"padding: 19% 0;\"><\/div>\n<div style=\"display: block; height: 50px; margin: 0 auto 12px; width: 50px;\"><\/div>\n<div style=\"padding-top: 8px;\">\n<div style=\"color: #3897f0; font-family: Arial,sans-serif; font-size: 14px; font-style: normal; font-weight: 550; line-height: 18px;\">Ver esta publica\u00e7\u00e3o no Instagram<\/div>\n<\/div>\n<div style=\"padding: 12.5% 0;\"><\/div>\n<div style=\"display: flex; flex-direction: row; margin-bottom: 14px; align-items: center;\">\n<div>\n<div style=\"background-color: #f4f4f4; border-radius: 50%; height: 12.5px; width: 12.5px; transform: translateX(0px) translateY(7px);\"><\/div>\n<div style=\"background-color: #f4f4f4; height: 12.5px; transform: rotate(-45deg) translateX(3px) translateY(1px); width: 12.5px; flex-grow: 0; margin-right: 14px; margin-left: 2px;\"><\/div>\n<div style=\"background-color: #f4f4f4; border-radius: 50%; height: 12.5px; width: 12.5px; transform: translateX(9px) translateY(-18px);\"><\/div>\n<\/div>\n<div style=\"margin-left: 8px;\">\n<div style=\"background-color: #f4f4f4; border-radius: 50%; flex-grow: 0; height: 20px; width: 20px;\"><\/div>\n<div style=\"width: 0; height: 0; border-top: 2px solid transparent; border-left: 6px solid #f4f4f4; border-bottom: 2px solid transparent; transform: translateX(16px) translateY(-4px) rotate(30deg);\"><\/div>\n<\/div>\n<div style=\"margin-left: auto;\">\n<div style=\"width: 0px; border-top: 8px solid #F4F4F4; border-right: 8px solid transparent; transform: translateY(16px);\"><\/div>\n<div style=\"background-color: #f4f4f4; flex-grow: 0; height: 12px; width: 16px; transform: translateY(-4px);\"><\/div>\n<div style=\"width: 0; height: 0; border-top: 8px solid #F4F4F4; border-left: 8px solid transparent; transform: translateY(-4px) translateX(8px);\"><\/div>\n<\/div>\n<\/div>\n<div style=\"display: flex; flex-direction: column; flex-grow: 1; justify-content: center; margin-bottom: 24px;\">\n<div style=\"background-color: #f4f4f4; border-radius: 4px; flex-grow: 0; height: 14px; margin-bottom: 6px; width: 224px;\"><\/div>\n<div style=\"background-color: #f4f4f4; border-radius: 4px; flex-grow: 0; height: 14px; width: 144px;\"><\/div>\n<\/div>\n<p>&nbsp;<\/p>\n<p style=\"color: #c9c8cd; font-family: Arial,sans-serif; font-size: 14px; line-height: 17px; margin-bottom: 0; margin-top: 8px; overflow: hidden; padding: 8px 0 7px; text-align: center; text-overflow: ellipsis; white-space: nowrap;\"><a style=\"color: #c9c8cd; font-family: Arial,sans-serif; font-size: 14px; font-style: normal; font-weight: normal; line-height: 17px; text-decoration: none;\" href=\"https:\/\/www.instagram.com\/reel\/DcwGXeahwZq\/?utm_source=ig_embed&amp;utm_campaign=loading\" target=\"_blank\" rel=\"noopener\">Uma publica\u00e7\u00e3o partilhada por PontoDasIgrejas Site Johnny (@pontodasigrejas)<\/a><\/p>\n<\/div>\n<\/blockquote>\n<p><script async src=\"\/\/www.instagram.com\/embed.js\"><\/script><\/p>\n<p>Fonte: Johnny Prado &#8211; @pontodasigrejas<\/p>\n","protected":false},"excerpt":{"rendered":"<p>Evento reuniu mais de mil alunos expositores e contou com a participa\u00e7\u00e3o da cantora Andreia Fontes, do cantor Nathanael Costa e do Minist\u00e9rio Sarando a Terra Ferida; Ponto das Igrejas esteve presente realizando cobertura especial e entrevistas A ci\u00eancia ganhou espa\u00e7o, a tecnologia saiu dos laborat\u00f3rios, a m\u00fasica ecoou pelo ambiente e hist\u00f3rias de vida [&hellip;]<\/p>\n","protected":false},"author":1,"featured_media":13459,"comment_status":"closed","ping_status":"closed","sticky":false,"template":"","format":"standard","meta":{"advgb_blocks_editor_width":"","advgb_blocks_columns_visual_guide":"","_monsterinsights_skip_tracking":false,"_monsterinsights_sitenote_active":false,"_monsterinsights_sitenote_note":"","_monsterinsights_sitenote_category":0,"footnotes":""},"categories":[175,282],"tags":[446],"class_list":["post-13455","post","type-post","status-publish","format-standard","has-post-thumbnail","category-destaque","category-empreendedorismo","tag-expo-tecnologica-sandra-silva"],"yoast_head":"<!-- This site is optimized with the Yoast SEO plugin v27.2 - https:\/\/yoast.com\/product\/yoast-seo-wordpress\/ -->\n<title>XIX Expo Tecnol\u00f3gica Sandra Silva re\u00fane educa\u00e7\u00e3o, inova\u00e7\u00e3o, m\u00fasica e f\u00e9 em um grande encontro no Rio - Ponto das Igrejas<\/title>\n<meta name=\"description\" content=\"Evento reuniu mais de mil alunos expositores e contou com a participa\u00e7\u00e3o da cantora Andreia Fontes, do cantor Nathanael Costa e do Minist\u00e9rio Sarando a Terra Ferida; Ponto das Igrejas esteve presente realizando cobertura especial e entrevistas\" \/>\n<meta name=\"robots\" content=\"index, follow, max-snippet:-1, max-image-preview:large, max-video-preview:-1\" \/>\n<link rel=\"canonical\" href=\"https:\/\/pontodasigrejas.com\/news\/empreendedorismo\/xix-expo-tecnologica-sandra-silva-reune-educacao-inovacao-musica-e-fe-em-um-grande-encontro-no-rio\/\" \/>\n<meta property=\"og:locale\" content=\"pt_BR\" \/>\n<meta property=\"og:type\" content=\"article\" \/>\n<meta property=\"og:title\" content=\"XIX Expo Tecnol\u00f3gica Sandra Silva re\u00fane educa\u00e7\u00e3o, inova\u00e7\u00e3o, m\u00fasica e f\u00e9 em um grande encontro no Rio - Ponto das Igrejas\" \/>\n<meta property=\"og:description\" content=\"Evento reuniu mais de mil alunos expositores e contou com a participa\u00e7\u00e3o da cantora Andreia Fontes, do cantor Nathanael Costa e do Minist\u00e9rio Sarando a Terra Ferida; Ponto das Igrejas esteve presente realizando cobertura especial e entrevistas\" \/>\n<meta property=\"og:url\" content=\"https:\/\/pontodasigrejas.com\/news\/empreendedorismo\/xix-expo-tecnologica-sandra-silva-reune-educacao-inovacao-musica-e-fe-em-um-grande-encontro-no-rio\/\" \/>\n<meta property=\"og:site_name\" content=\"Ponto das Igrejas\" \/>\n<meta property=\"article:publisher\" content=\"https:\/\/www.facebook.com\/pontodasigrejas\" \/>\n<meta property=\"article:author\" content=\"https:\/\/www.facebook.com\/pontodasigrejas\" \/>\n<meta property=\"article:published_time\" content=\"2026-09-01T20:33:15+00:00\" \/>\n<meta property=\"article:modified_time\" content=\"2026-09-02T14:52:10+00:00\" \/>\n<meta property=\"og:image\" content=\"https:\/\/pontodasigrejas.com\/news\/wp-content\/uploads\/2026\/09\/DSC_0115.jpg\" \/>\n\t<meta property=\"og:image:width\" content=\"1240\" \/>\n\t<meta property=\"og:image:height\" content=\"827\" \/>\n\t<meta property=\"og:image:type\" content=\"image\/jpeg\" \/>\n<meta name=\"author\" content=\"Johnny Prado\" \/>\n<meta name=\"twitter:card\" content=\"summary_large_image\" \/>\n<meta name=\"twitter:creator\" content=\"@pontodasigrejas\" \/>\n<meta name=\"twitter:site\" content=\"@pontodasigrejas\" \/>\n<meta name=\"twitter:label1\" content=\"Escrito por\" \/>\n\t<meta name=\"twitter:data1\" content=\"Johnny Prado\" \/>\n\t<meta name=\"twitter:label2\" content=\"Est. tempo de leitura\" \/>\n\t<meta name=\"twitter:data2\" content=\"9 minutos\" \/>\n<script type=\"application\/ld+json\" class=\"yoast-schema-graph\">{\"@context\":\"https:\/\/schema.org\",\"@graph\":[{\"@type\":\"Article\",\"@id\":\"https:\/\/pontodasigrejas.com\/news\/empreendedorismo\/xix-expo-tecnologica-sandra-silva-reune-educacao-inovacao-musica-e-fe-em-um-grande-encontro-no-rio\/#article\",\"isPartOf\":{\"@id\":\"https:\/\/pontodasigrejas.com\/news\/empreendedorismo\/xix-expo-tecnologica-sandra-silva-reune-educacao-inovacao-musica-e-fe-em-um-grande-encontro-no-rio\/\"},\"author\":{\"name\":\"Johnny Prado\",\"@id\":\"https:\/\/pontodasigrejas.com\/news\/#\/schema\/person\/224eaefaacae40e58259139b721deb39\"},\"headline\":\"XIX Expo Tecnol\u00f3gica Sandra Silva re\u00fane educa\u00e7\u00e3o, inova\u00e7\u00e3o, m\u00fasica e f\u00e9 em um grande encontro no Rio\",\"datePublished\":\"2026-09-01T20:33:15+00:00\",\"dateModified\":\"2026-09-02T14:52:10+00:00\",\"mainEntityOfPage\":{\"@id\":\"https:\/\/pontodasigrejas.com\/news\/empreendedorismo\/xix-expo-tecnologica-sandra-silva-reune-educacao-inovacao-musica-e-fe-em-um-grande-encontro-no-rio\/\"},\"wordCount\":1498,\"image\":{\"@id\":\"https:\/\/pontodasigrejas.com\/news\/empreendedorismo\/xix-expo-tecnologica-sandra-silva-reune-educacao-inovacao-musica-e-fe-em-um-grande-encontro-no-rio\/#primaryimage\"},\"thumbnailUrl\":\"https:\/\/pontodasigrejas.com\/news\/wp-content\/uploads\/2026\/09\/DSC_0115.jpg\",\"keywords\":[\"Expo Tecnol\u00f3gica Sandra Silva\"],\"articleSection\":[\"Destaque\",\"Empreendedorismo\"],\"inLanguage\":\"pt-BR\"},{\"@type\":\"WebPage\",\"@id\":\"https:\/\/pontodasigrejas.com\/news\/empreendedorismo\/xix-expo-tecnologica-sandra-silva-reune-educacao-inovacao-musica-e-fe-em-um-grande-encontro-no-rio\/\",\"url\":\"https:\/\/pontodasigrejas.com\/news\/empreendedorismo\/xix-expo-tecnologica-sandra-silva-reune-educacao-inovacao-musica-e-fe-em-um-grande-encontro-no-rio\/\",\"name\":\"XIX Expo Tecnol\u00f3gica Sandra Silva re\u00fane educa\u00e7\u00e3o, inova\u00e7\u00e3o, m\u00fasica e f\u00e9 em um grande encontro no Rio - Ponto das Igrejas\",\"isPartOf\":{\"@id\":\"https:\/\/pontodasigrejas.com\/news\/#website\"},\"primaryImageOfPage\":{\"@id\":\"https:\/\/pontodasigrejas.com\/news\/empreendedorismo\/xix-expo-tecnologica-sandra-silva-reune-educacao-inovacao-musica-e-fe-em-um-grande-encontro-no-rio\/#primaryimage\"},\"image\":{\"@id\":\"https:\/\/pontodasigrejas.com\/news\/empreendedorismo\/xix-expo-tecnologica-sandra-silva-reune-educacao-inovacao-musica-e-fe-em-um-grande-encontro-no-rio\/#primaryimage\"},\"thumbnailUrl\":\"https:\/\/pontodasigrejas.com\/news\/wp-content\/uploads\/2026\/09\/DSC_0115.jpg\",\"datePublished\":\"2026-09-01T20:33:15+00:00\",\"dateModified\":\"2026-09-02T14:52:10+00:00\",\"author\":{\"@id\":\"https:\/\/pontodasigrejas.com\/news\/#\/schema\/person\/224eaefaacae40e58259139b721deb39\"},\"description\":\"Evento reuniu mais de mil alunos expositores e contou com a participa\u00e7\u00e3o da cantora Andreia Fontes, do cantor Nathanael Costa e do Minist\u00e9rio Sarando a Terra Ferida; Ponto das Igrejas esteve presente realizando cobertura especial e entrevistas\",\"breadcrumb\":{\"@id\":\"https:\/\/pontodasigrejas.com\/news\/empreendedorismo\/xix-expo-tecnologica-sandra-silva-reune-educacao-inovacao-musica-e-fe-em-um-grande-encontro-no-rio\/#breadcrumb\"},\"inLanguage\":\"pt-BR\",\"potentialAction\":[{\"@type\":\"ReadAction\",\"target\":[\"https:\/\/pontodasigrejas.com\/news\/empreendedorismo\/xix-expo-tecnologica-sandra-silva-reune-educacao-inovacao-musica-e-fe-em-um-grande-encontro-no-rio\/\"]}]},{\"@type\":\"ImageObject\",\"inLanguage\":\"pt-BR\",\"@id\":\"https:\/\/pontodasigrejas.com\/news\/empreendedorismo\/xix-expo-tecnologica-sandra-silva-reune-educacao-inovacao-musica-e-fe-em-um-grande-encontro-no-rio\/#primaryimage\",\"url\":\"https:\/\/pontodasigrejas.com\/news\/wp-content\/uploads\/2026\/09\/DSC_0115.jpg\",\"contentUrl\":\"https:\/\/pontodasigrejas.com\/news\/wp-content\/uploads\/2026\/09\/DSC_0115.jpg\",\"width\":1240,\"height\":827,\"caption\":\"Escola Tecnica Sandra Silva celevra 25 anos de sucesso com muito louvo na XIX Expo Tecnil\u00f3gina da escola.\"},{\"@type\":\"BreadcrumbList\",\"@id\":\"https:\/\/pontodasigrejas.com\/news\/empreendedorismo\/xix-expo-tecnologica-sandra-silva-reune-educacao-inovacao-musica-e-fe-em-um-grande-encontro-no-rio\/#breadcrumb\",\"itemListElement\":[{\"@type\":\"ListItem\",\"position\":1,\"name\":\"Home\",\"item\":\"https:\/\/pontodasigrejas.com\/news\/\"},{\"@type\":\"ListItem\",\"position\":2,\"name\":\"XIX Expo Tecnol\u00f3gica Sandra Silva re\u00fane educa\u00e7\u00e3o, inova\u00e7\u00e3o, m\u00fasica e f\u00e9 em um grande encontro no Rio\"}]},{\"@type\":\"WebSite\",\"@id\":\"https:\/\/pontodasigrejas.com\/news\/#website\",\"url\":\"https:\/\/pontodasigrejas.com\/news\/\",\"name\":\"Ponto das Igrejas\",\"description\":\"Seu portal de not\u00edcias gospel\",\"potentialAction\":[{\"@type\":\"SearchAction\",\"target\":{\"@type\":\"EntryPoint\",\"urlTemplate\":\"https:\/\/pontodasigrejas.com\/news\/?s={search_term_string}\"},\"query-input\":{\"@type\":\"PropertyValueSpecification\",\"valueRequired\":true,\"valueName\":\"search_term_string\"}}],\"inLanguage\":\"pt-BR\"},{\"@type\":\"Person\",\"@id\":\"https:\/\/pontodasigrejas.com\/news\/#\/schema\/person\/224eaefaacae40e58259139b721deb39\",\"name\":\"Johnny Prado\",\"image\":{\"@type\":\"ImageObject\",\"inLanguage\":\"pt-BR\",\"@id\":\"https:\/\/secure.gravatar.com\/avatar\/929f5bdc8b85fc0c753c9dc19c22deafd0da06e3d450dd8067c0c092d4f0e4e8?s=96&d=mm&r=g\",\"url\":\"https:\/\/secure.gravatar.com\/avatar\/929f5bdc8b85fc0c753c9dc19c22deafd0da06e3d450dd8067c0c092d4f0e4e8?s=96&d=mm&r=g\",\"contentUrl\":\"https:\/\/secure.gravatar.com\/avatar\/929f5bdc8b85fc0c753c9dc19c22deafd0da06e3d450dd8067c0c092d4f0e4e8?s=96&d=mm&r=g\",\"caption\":\"Johnny Prado\"},\"description\":\"Editor-chefe e fundador do Ponto das Igrejas. Jornalista Empresarial, Fot\u00f3grafo de eventos e especializado em Marketing Digital.\",\"sameAs\":[\"https:\/\/pontodasigrejas.com.br\/news\",\"https:\/\/www.facebook.com\/pontodasigrejas\",\"https:\/\/www.instagram.com\/pontodasigrejas\",\"https:\/\/x.com\/pontodasigrejas\"],\"url\":\"https:\/\/pontodasigrejas.com\/news\/author\/pontodasigrejas\/\"}]}<\/script>\n<!-- \/ Yoast SEO plugin. -->","yoast_head_json":{"title":"XIX Expo Tecnol\u00f3gica Sandra Silva re\u00fane educa\u00e7\u00e3o, inova\u00e7\u00e3o, m\u00fasica e f\u00e9 em um grande encontro no Rio - Ponto das Igrejas","description":"Evento reuniu mais de mil alunos expositores e contou com a participa\u00e7\u00e3o da cantora Andreia Fontes, do cantor Nathanael Costa e do Minist\u00e9rio Sarando a Terra Ferida; Ponto das Igrejas esteve presente realizando cobertura especial e entrevistas","robots":{"index":"index","follow":"follow","max-snippet":"max-snippet:-1","max-image-preview":"max-image-preview:large","max-video-preview":"max-video-preview:-1"},"canonical":"https:\/\/pontodasigrejas.com\/news\/empreendedorismo\/xix-expo-tecnologica-sandra-silva-reune-educacao-inovacao-musica-e-fe-em-um-grande-encontro-no-rio\/","og_locale":"pt_BR","og_type":"article","og_title":"XIX Expo Tecnol\u00f3gica Sandra Silva re\u00fane educa\u00e7\u00e3o, inova\u00e7\u00e3o, m\u00fasica e f\u00e9 em um grande encontro no Rio - Ponto das Igrejas","og_description":"Evento reuniu mais de mil alunos expositores e contou com a participa\u00e7\u00e3o da cantora Andreia Fontes, do cantor Nathanael Costa e do Minist\u00e9rio Sarando a Terra Ferida; Ponto das Igrejas esteve presente realizando cobertura especial e entrevistas","og_url":"https:\/\/pontodasigrejas.com\/news\/empreendedorismo\/xix-expo-tecnologica-sandra-silva-reune-educacao-inovacao-musica-e-fe-em-um-grande-encontro-no-rio\/","og_site_name":"Ponto das Igrejas","article_publisher":"https:\/\/www.facebook.com\/pontodasigrejas","article_author":"https:\/\/www.facebook.com\/pontodasigrejas","article_published_time":"2026-09-01T20:33:15+00:00","article_modified_time":"2026-09-02T14:52:10+00:00","og_image":[{"width":1240,"height":827,"url":"https:\/\/pontodasigrejas.com\/news\/wp-content\/uploads\/2026\/09\/DSC_0115.jpg","type":"image\/jpeg"}],"author":"Johnny Prado","twitter_card":"summary_large_image","twitter_creator":"@pontodasigrejas","twitter_site":"@pontodasigrejas","twitter_misc":{"Escrito por":"Johnny Prado","Est. tempo de leitura":"9 minutos"},"schema":{"@context":"https:\/\/schema.org","@graph":[{"@type":"Article","@id":"https:\/\/pontodasigrejas.com\/news\/empreendedorismo\/xix-expo-tecnologica-sandra-silva-reune-educacao-inovacao-musica-e-fe-em-um-grande-encontro-no-rio\/#article","isPartOf":{"@id":"https:\/\/pontodasigrejas.com\/news\/empreendedorismo\/xix-expo-tecnologica-sandra-silva-reune-educacao-inovacao-musica-e-fe-em-um-grande-encontro-no-rio\/"},"author":{"name":"Johnny Prado","@id":"https:\/\/pontodasigrejas.com\/news\/#\/schema\/person\/224eaefaacae40e58259139b721deb39"},"headline":"XIX Expo Tecnol\u00f3gica Sandra Silva re\u00fane educa\u00e7\u00e3o, inova\u00e7\u00e3o, m\u00fasica e f\u00e9 em um grande encontro no Rio","datePublished":"2026-09-01T20:33:15+00:00","dateModified":"2026-09-02T14:52:10+00:00","mainEntityOfPage":{"@id":"https:\/\/pontodasigrejas.com\/news\/empreendedorismo\/xix-expo-tecnologica-sandra-silva-reune-educacao-inovacao-musica-e-fe-em-um-grande-encontro-no-rio\/"},"wordCount":1498,"image":{"@id":"https:\/\/pontodasigrejas.com\/news\/empreendedorismo\/xix-expo-tecnologica-sandra-silva-reune-educacao-inovacao-musica-e-fe-em-um-grande-encontro-no-rio\/#primaryimage"},"thumbnailUrl":"https:\/\/pontodasigrejas.com\/news\/wp-content\/uploads\/2026\/09\/DSC_0115.jpg","keywords":["Expo Tecnol\u00f3gica Sandra Silva"],"articleSection":["Destaque","Empreendedorismo"],"inLanguage":"pt-BR"},{"@type":"WebPage","@id":"https:\/\/pontodasigrejas.com\/news\/empreendedorismo\/xix-expo-tecnologica-sandra-silva-reune-educacao-inovacao-musica-e-fe-em-um-grande-encontro-no-rio\/","url":"https:\/\/pontodasigrejas.com\/news\/empreendedorismo\/xix-expo-tecnologica-sandra-silva-reune-educacao-inovacao-musica-e-fe-em-um-grande-encontro-no-rio\/","name":"XIX Expo Tecnol\u00f3gica Sandra Silva re\u00fane educa\u00e7\u00e3o, inova\u00e7\u00e3o, m\u00fasica e f\u00e9 em um grande encontro no Rio - Ponto das Igrejas","isPartOf":{"@id":"https:\/\/pontodasigrejas.com\/news\/#website"},"primaryImageOfPage":{"@id":"https:\/\/pontodasigrejas.com\/news\/empreendedorismo\/xix-expo-tecnologica-sandra-silva-reune-educacao-inovacao-musica-e-fe-em-um-grande-encontro-no-rio\/#primaryimage"},"image":{"@id":"https:\/\/pontodasigrejas.com\/news\/empreendedorismo\/xix-expo-tecnologica-sandra-silva-reune-educacao-inovacao-musica-e-fe-em-um-grande-encontro-no-rio\/#primaryimage"},"thumbnailUrl":"https:\/\/pontodasigrejas.com\/news\/wp-content\/uploads\/2026\/09\/DSC_0115.jpg","datePublished":"2026-09-01T20:33:15+00:00","dateModified":"2026-09-02T14:52:10+00:00","author":{"@id":"https:\/\/pontodasigrejas.com\/news\/#\/schema\/person\/224eaefaacae40e58259139b721deb39"},"description":"Evento reuniu mais de mil alunos expositores e contou com a participa\u00e7\u00e3o da cantora Andreia Fontes, do cantor Nathanael Costa e do Minist\u00e9rio Sarando a Terra Ferida; Ponto das Igrejas esteve presente realizando cobertura especial e entrevistas","breadcrumb":{"@id":"https:\/\/pontodasigrejas.com\/news\/empreendedorismo\/xix-expo-tecnologica-sandra-silva-reune-educacao-inovacao-musica-e-fe-em-um-grande-encontro-no-rio\/#breadcrumb"},"inLanguage":"pt-BR","potentialAction":[{"@type":"ReadAction","target":["https:\/\/pontodasigrejas.com\/news\/empreendedorismo\/xix-expo-tecnologica-sandra-silva-reune-educacao-inovacao-musica-e-fe-em-um-grande-encontro-no-rio\/"]}]},{"@type":"ImageObject","inLanguage":"pt-BR","@id":"https:\/\/pontodasigrejas.com\/news\/empreendedorismo\/xix-expo-tecnologica-sandra-silva-reune-educacao-inovacao-musica-e-fe-em-um-grande-encontro-no-rio\/#primaryimage","url":"https:\/\/pontodasigrejas.com\/news\/wp-content\/uploads\/2026\/09\/DSC_0115.jpg","contentUrl":"https:\/\/pontodasigrejas.com\/news\/wp-content\/uploads\/2026\/09\/DSC_0115.jpg","width":1240,"height":827,"caption":"Escola Tecnica Sandra Silva celevra 25 anos de sucesso com muito louvo na XIX Expo Tecnil\u00f3gina da escola."},{"@type":"BreadcrumbList","@id":"https:\/\/pontodasigrejas.com\/news\/empreendedorismo\/xix-expo-tecnologica-sandra-silva-reune-educacao-inovacao-musica-e-fe-em-um-grande-encontro-no-rio\/#breadcrumb","itemListElement":[{"@type":"ListItem","position":1,"name":"Home","item":"https:\/\/pontodasigrejas.com\/news\/"},{"@type":"ListItem","position":2,"name":"XIX Expo Tecnol\u00f3gica Sandra Silva re\u00fane educa\u00e7\u00e3o, inova\u00e7\u00e3o, m\u00fasica e f\u00e9 em um grande encontro no Rio"}]},{"@type":"WebSite","@id":"https:\/\/pontodasigrejas.com\/news\/#website","url":"https:\/\/pontodasigrejas.com\/news\/","name":"Ponto das Igrejas","description":"Seu portal de not\u00edcias gospel","potentialAction":[{"@type":"SearchAction","target":{"@type":"EntryPoint","urlTemplate":"https:\/\/pontodasigrejas.com\/news\/?s={search_term_string}"},"query-input":{"@type":"PropertyValueSpecification","valueRequired":true,"valueName":"search_term_string"}}],"inLanguage":"pt-BR"},{"@type":"Person","@id":"https:\/\/pontodasigrejas.com\/news\/#\/schema\/person\/224eaefaacae40e58259139b721deb39","name":"Johnny Prado","image":{"@type":"ImageObject","inLanguage":"pt-BR","@id":"https:\/\/secure.gravatar.com\/avatar\/929f5bdc8b85fc0c753c9dc19c22deafd0da06e3d450dd8067c0c092d4f0e4e8?s=96&d=mm&r=g","url":"https:\/\/secure.gravatar.com\/avatar\/929f5bdc8b85fc0c753c9dc19c22deafd0da06e3d450dd8067c0c092d4f0e4e8?s=96&d=mm&r=g","contentUrl":"https:\/\/secure.gravatar.com\/avatar\/929f5bdc8b85fc0c753c9dc19c22deafd0da06e3d450dd8067c0c092d4f0e4e8?s=96&d=mm&r=g","caption":"Johnny Prado"},"description":"Editor-chefe e fundador do Ponto das Igrejas. Jornalista Empresarial, Fot\u00f3grafo de eventos e especializado em Marketing Digital.","sameAs":["https:\/\/pontodasigrejas.com.br\/news","https:\/\/www.facebook.com\/pontodasigrejas","https:\/\/www.instagram.com\/pontodasigrejas","https:\/\/x.com\/pontodasigrejas"],"url":"https:\/\/pontodasigrejas.com\/news\/author\/pontodasigrejas\/"}]}},"author_meta":{"display_name":"Johnny Prado","author_link":"https:\/\/pontodasigrejas.com\/news\/author\/pontodasigrejas\/"},"featured_img":"https:\/\/pontodasigrejas.com\/news\/wp-content\/uploads\/2026\/09\/DSC_0115-300x200.jpg","coauthors":[],"tax_additional":{"categories":{"linked":["<a href=\"https:\/\/pontodasigrejas.com\/news\/destaque\/\" class=\"advgb-post-tax-term\">Destaque<\/a>","<a href=\"https:\/\/pontodasigrejas.com\/news\/empreendedorismo\/\" class=\"advgb-post-tax-term\">Empreendedorismo<\/a>"],"unlinked":["<span class=\"advgb-post-tax-term\">Destaque<\/span>","<span class=\"advgb-post-tax-term\">Empreendedorismo<\/span>"]},"tags":{"linked":["<a href=\"https:\/\/pontodasigrejas.com\/news\/empreendedorismo\/\" class=\"advgb-post-tax-term\">Expo Tecnol\u00f3gica Sandra Silva<\/a>"],"unlinked":["<span class=\"advgb-post-tax-term\">Expo Tecnol\u00f3gica Sandra Silva<\/span>"]}},"comment_count":"0","relative_dates":{"created":"Posted 3 dias ago","modified":"Updated 3 dias ago"},"absolute_dates":{"created":"Posted on setembro 1, 2026","modified":"Updated on setembro 2, 2026"},"absolute_dates_time":{"created":"Posted on setembro 1, 2026 5:33 pm","modified":"Updated on setembro 2, 2026 11:52 am"},"featured_img_caption":"Escola Tecnica Sandra Silva celevra 25 anos de sucesso com muito louvo na XIX Expo Tecnil\u00f3gina da escola.","series_order":"","_links":{"self":[{"href":"https:\/\/pontodasigrejas.com\/news\/wp-json\/wp\/v2\/posts\/13455","targetHints":{"allow":["GET"]}}],"collection":[{"href":"https:\/\/pontodasigrejas.com\/news\/wp-json\/wp\/v2\/posts"}],"about":[{"href":"https:\/\/pontodasigrejas.com\/news\/wp-json\/wp\/v2\/types\/post"}],"author":[{"embeddable":true,"href":"https:\/\/pontodasigrejas.com\/news\/wp-json\/wp\/v2\/users\/1"}],"replies":[{"embeddable":true,"href":"https:\/\/pontodasigrejas.com\/news\/wp-json\/wp\/v2\/comments?post=13455"}],"version-history":[{"count":7,"href":"https:\/\/pontodasigrejas.com\/news\/wp-json\/wp\/v2\/posts\/13455\/revisions"}],"predecessor-version":[{"id":13524,"href":"https:\/\/pontodasigrejas.com\/news\/wp-json\/wp\/v2\/posts\/13455\/revisions\/13524"}],"wp:featuredmedia":[{"embeddable":true,"href":"https:\/\/pontodasigrejas.com\/news\/wp-json\/wp\/v2\/media\/13459"}],"wp:attachment":[{"href":"https:\/\/pontodasigrejas.com\/news\/wp-json\/wp\/v2\/media?parent=13455"}],"wp:term":[{"taxonomy":"category","embeddable":true,"href":"https:\/\/pontodasigrejas.com\/news\/wp-json\/wp\/v2\/categories?post=13455"},{"taxonomy":"post_tag","embeddable":true,"href":"https:\/\/pontodasigrejas.com\/news\/wp-json\/wp\/v2\/tags?post=13455"}],"curies":[{"name":"wp","href":"https:\/\/api.w.org\/{rel}","templated":true}]}}